{"id":1551,"date":"2023-01-09T12:13:02","date_gmt":"2023-01-09T16:13:02","guid":{"rendered":"https:\/\/adunir.com.br\/?p=1551"},"modified":"2023-01-10T19:01:54","modified_gmt":"2023-01-10T23:01:54","slug":"nota-da-adunir-contra-o-movimento-fascista-e-golpista-e-em-defesa-da-democracia-popular","status":"publish","type":"post","link":"https:\/\/adunir.com.br\/index.php\/2023\/01\/09\/nota-da-adunir-contra-o-movimento-fascista-e-golpista-e-em-defesa-da-democracia-popular\/","title":{"rendered":"NOTA DA ADUNIR CONTRA O MOVIMENTO FASCISTA E GOLPISTA E EM DEFESA DA DEMOCRACIA POPULAR"},"content":{"rendered":"\n<p>A ADUNIR, Associa\u00e7\u00e3o dos Docentes da UNIR, condena veementemente os deplor\u00e1veis atos fascistas e golpistas que ocorreram em Bras\u00edlia em 08 de janeiro de 2023.<\/p>\n\n\n\n<p>Esses epis\u00f3dios precisam ser combatidos com vigor, pois n\u00e3o s\u00e3o isolados. Fazem parte de um movimento fascista reacion\u00e1rio que se estrutura no Brasil nos \u00faltimos anos. Esses atos s\u00e3o instrumentalizados politicamente pelo bolsonarismo e financiados pelas grandes empresas de minera\u00e7\u00e3o e explora\u00e7\u00e3o de madeira, pelo agroneg\u00f3cio, por grandes empresas sonegadoras de impostos, mil\u00edcias, neonazistas, etc., que precisam ser punidos. A pol\u00edcia e as for\u00e7as armadas em manifesta\u00e7\u00f5es de trabalhadores atacam, ferem, prendem e matam, mas vem apoiando e protegendo descaradamente esses atos golpistas, o que expressa a gravidade da situa\u00e7\u00e3o.<\/p>\n\n\n\n<!--more-->\n\n\n\n<p id=\"ver-mais\">S\u00e3o os altos comandantes dessas For\u00e7as Armadas reacion\u00e1rias que insuflam esse movimento anticomunista das vivandeiras de quart\u00e9is. A extrema-direita afia suas espadas para golpear o leg\u00edtimo movimento das massas populares no Pa\u00eds e tamb\u00e9m para desequilibrar o Governo que se inicia atacando o pal\u00e1cio presidencial, o Congresso Nacional e o Supremo Tribunal Federal<\/p>\n\n\n\n<p>A ADUNIR, fiel a sua hist\u00f3ria pela defesa de uma verdadeira e popular democracia, conclama a uni\u00e3o de toda comunidade acad\u00eamica da UNIR para se somar nas manifesta\u00e7\u00f5es e atos de rep\u00fadio contra a fracassada tentativa fascista de golpe.<\/p>\n\n\n\n<p>Sem Anistia para golpista!<\/p>\n\n\n\n<p>FASCISTAS, N\u00c3O PASSAR\u00c3O!<\/p>\n\n\n\n<p>Diretoria da ADUNIR<br>Em 8 de Janeiro de 2023<\/p>\n\n\n\n<figure class=\"wp-block-image size-large\"><img loading=\"lazy\" decoding=\"async\" width=\"576\" height=\"1024\" src=\"https:\/\/adunir.com.br\/wp-content\/uploads\/2023\/01\/WhatsApp-Image-2023-01-09-at-11.39.57-576x1024.jpeg\" alt=\"\" class=\"wp-image-1570\" srcset=\"https:\/\/adunir.com.br\/wp-content\/uploads\/2023\/01\/WhatsApp-Image-2023-01-09-at-11.39.57-576x1024.jpeg 576w, https:\/\/adunir.com.br\/wp-content\/uploads\/2023\/01\/WhatsApp-Image-2023-01-09-at-11.39.57-169x300.jpeg 169w, https:\/\/adunir.com.br\/wp-content\/uploads\/2023\/01\/WhatsApp-Image-2023-01-09-at-11.39.57-768x1366.jpeg 768w, https:\/\/adunir.com.br\/wp-content\/uploads\/2023\/01\/WhatsApp-Image-2023-01-09-at-11.39.57-864x1536.jpeg 864w, https:\/\/adunir.com.br\/wp-content\/uploads\/2023\/01\/WhatsApp-Image-2023-01-09-at-11.39.57.jpeg 899w\" sizes=\"auto, (max-width: 576px) 100vw, 576px\" \/><\/figure>\n","protected":false},"excerpt":{"rendered":"<p>A ADUNIR, Associa\u00e7\u00e3o dos Docentes da UNIR, condena veementemente os deplor\u00e1veis atos fascistas e golpistas que ocorreram em Bras\u00edlia em 08 de janeiro de 2023. Esses epis\u00f3dios precisam ser combatidos com vigor, pois n\u00e3o s\u00e3o isolados. Fazem parte de um movimento fascista reacion\u00e1rio que se estrutura no Brasil nos \u00faltimos anos. Esses atos s\u00e3o instrumentalizados [&hellip;]<\/p>\n","protected":false},"author":1,"featured_media":1554,"comment_status":"closed","ping_status":"open","sticky":false,"template":"","format":"standard","meta":{"_uag_custom_page_level_css":"","footnotes":""},"categories":[5],"tags":[],"class_list":["post-1551","post","type-post","status-publish","format-standard","has-post-thumbnail","hentry","category-noticias"],"yoast_head":"<!-- This site is optimized with the Yoast SEO plugin v27.5 - https:\/\/yoast.com\/product\/yoast-seo-wordpress\/ -->\n<title>NOTA DA ADUNIR CONTRA O MOVIMENTO FASCISTA E GOLPISTA E EM DEFESA DA DEMOCRACIA POPULAR - ADUNIR<\/title>\n<meta name=\"robots\" content=\"index, follow, max-snippet:-1, max-image-preview:large, max-video-preview:-1\" \/>\n<link rel=\"canonical\" href=\"https:\/\/adunir.com.br\/index.php\/2023\/01\/09\/nota-da-adunir-contra-o-movimento-fascista-e-golpista-e-em-defesa-da-democracia-popular\/\" \/>\n<meta property=\"og:locale\" content=\"pt_BR\" \/>\n<meta property=\"og:type\" content=\"article\" \/>\n<meta property=\"og:title\" content=\"NOTA DA ADUNIR CONTRA O MOVIMENTO FASCISTA E GOLPISTA E EM DEFESA DA DEMOCRACIA POPULAR - ADUNIR\" \/>\n<meta property=\"og:description\" content=\"A ADUNIR, Associa\u00e7\u00e3o dos Docentes da UNIR, condena veementemente os deplor\u00e1veis atos fascistas e golpistas que ocorreram em Bras\u00edlia em 08 de janeiro de 2023. Esses epis\u00f3dios precisam ser combatidos com vigor, pois n\u00e3o s\u00e3o isolados. Fazem parte de um movimento fascista reacion\u00e1rio que se estrutura no Brasil nos \u00faltimos anos. Esses atos s\u00e3o instrumentalizados [&hellip;]\" \/>\n<meta property=\"og:url\" content=\"https:\/\/adunir.com.br\/index.php\/2023\/01\/09\/nota-da-adunir-contra-o-movimento-fascista-e-golpista-e-em-defesa-da-democracia-popular\/\" \/>\n<meta property=\"og:site_name\" content=\"ADUNIR\" \/>\n<meta property=\"article:publisher\" content=\"https:\/\/www.facebook.com\/adunirsecaosindical.andes\/\" \/>\n<meta property=\"article:published_time\" content=\"2023-01-09T16:13:02+00:00\" \/>\n<meta property=\"article:modified_time\" content=\"2023-01-10T23:01:54+00:00\" \/>\n<meta property=\"og:image\" content=\"https:\/\/adunir.com.br\/wp-content\/uploads\/2023\/01\/notaadunir08012023-e1673291106204.jpeg\" \/>\n\t<meta property=\"og:image:width\" content=\"899\" \/>\n\t<meta property=\"og:image:height\" content=\"503\" \/>\n\t<meta property=\"og:image:type\" content=\"image\/jpeg\" \/>\n<meta name=\"author\" content=\"adunir\" \/>\n<meta name=\"twitter:card\" content=\"summary_large_image\" \/>\n<meta name=\"twitter:label1\" content=\"Escrito por\" \/>\n\t<meta name=\"twitter:data1\" content=\"adunir\" \/>\n\t<meta name=\"twitter:label2\" content=\"Est. tempo de leitura\" \/>\n\t<meta name=\"twitter:data2\" content=\"1 minuto\" \/>\n<script type=\"application\/ld+json\" class=\"yoast-schema-graph\">{\"@context\":\"https:\\\/\\\/schema.org\",\"@graph\":[{\"@type\":\"Article\",\"@id\":\"https:\\\/\\\/adunir.com.br\\\/index.php\\\/2023\\\/01\\\/09\\\/nota-da-adunir-contra-o-movimento-fascista-e-golpista-e-em-defesa-da-democracia-popular\\\/#article\",\"isPartOf\":{\"@id\":\"https:\\\/\\\/adunir.com.br\\\/index.php\\\/2023\\\/01\\\/09\\\/nota-da-adunir-contra-o-movimento-fascista-e-golpista-e-em-defesa-da-democracia-popular\\\/\"},\"author\":{\"name\":\"adunir\",\"@id\":\"https:\\\/\\\/adunir.com.br\\\/#\\\/schema\\\/person\\\/86b4aeb6bf6cab96151fb0ac140b8c48\"},\"headline\":\"NOTA DA ADUNIR CONTRA O MOVIMENTO FASCISTA E GOLPISTA E EM DEFESA DA DEMOCRACIA POPULAR\",\"datePublished\":\"2023-01-09T16:13:02+00:00\",\"dateModified\":\"2023-01-10T23:01:54+00:00\",\"mainEntityOfPage\":{\"@id\":\"https:\\\/\\\/adunir.com.br\\\/index.php\\\/2023\\\/01\\\/09\\\/nota-da-adunir-contra-o-movimento-fascista-e-golpista-e-em-defesa-da-democracia-popular\\\/\"},\"wordCount\":264,\"publisher\":{\"@id\":\"https:\\\/\\\/adunir.com.br\\\/#organization\"},\"image\":{\"@id\":\"https:\\\/\\\/adunir.com.br\\\/index.php\\\/2023\\\/01\\\/09\\\/nota-da-adunir-contra-o-movimento-fascista-e-golpista-e-em-defesa-da-democracia-popular\\\/#primaryimage\"},\"thumbnailUrl\":\"https:\\\/\\\/adunir.com.br\\\/wp-content\\\/uploads\\\/2023\\\/01\\\/notaadunir08012023-e1673291106204.jpeg\",\"articleSection\":[\"Not\u00edcias\"],\"inLanguage\":\"pt-BR\"},{\"@type\":\"WebPage\",\"@id\":\"https:\\\/\\\/adunir.com.br\\\/index.php\\\/2023\\\/01\\\/09\\\/nota-da-adunir-contra-o-movimento-fascista-e-golpista-e-em-defesa-da-democracia-popular\\\/\",\"url\":\"https:\\\/\\\/adunir.com.br\\\/index.php\\\/2023\\\/01\\\/09\\\/nota-da-adunir-contra-o-movimento-fascista-e-golpista-e-em-defesa-da-democracia-popular\\\/\",\"name\":\"NOTA DA ADUNIR CONTRA O MOVIMENTO FASCISTA E GOLPISTA E EM DEFESA DA DEMOCRACIA POPULAR - ADUNIR\",\"isPartOf\":{\"@id\":\"https:\\\/\\\/adunir.com.br\\\/#website\"},\"primaryImageOfPage\":{\"@id\":\"https:\\\/\\\/adunir.com.br\\\/index.php\\\/2023\\\/01\\\/09\\\/nota-da-adunir-contra-o-movimento-fascista-e-golpista-e-em-defesa-da-democracia-popular\\\/#primaryimage\"},\"image\":{\"@id\":\"https:\\\/\\\/adunir.com.br\\\/index.php\\\/2023\\\/01\\\/09\\\/nota-da-adunir-contra-o-movimento-fascista-e-golpista-e-em-defesa-da-democracia-popular\\\/#primaryimage\"},\"thumbnailUrl\":\"https:\\\/\\\/adunir.com.br\\\/wp-content\\\/uploads\\\/2023\\\/01\\\/notaadunir08012023-e1673291106204.jpeg\",\"datePublished\":\"2023-01-09T16:13:02+00:00\",\"dateModified\":\"2023-01-10T23:01:54+00:00\",\"breadcrumb\":{\"@id\":\"https:\\\/\\\/adunir.com.br\\\/index.php\\\/2023\\\/01\\\/09\\\/nota-da-adunir-contra-o-movimento-fascista-e-golpista-e-em-defesa-da-democracia-popular\\\/#breadcrumb\"},\"inLanguage\":\"pt-BR\",\"potentialAction\":[{\"@type\":\"ReadAction\",\"target\":[\"https:\\\/\\\/adunir.com.br\\\/index.php\\\/2023\\\/01\\\/09\\\/nota-da-adunir-contra-o-movimento-fascista-e-golpista-e-em-defesa-da-democracia-popular\\\/\"]}]},{\"@type\":\"ImageObject\",\"inLanguage\":\"pt-BR\",\"@id\":\"https:\\\/\\\/adunir.com.br\\\/index.php\\\/2023\\\/01\\\/09\\\/nota-da-adunir-contra-o-movimento-fascista-e-golpista-e-em-defesa-da-democracia-popular\\\/#primaryimage\",\"url\":\"https:\\\/\\\/adunir.com.br\\\/wp-content\\\/uploads\\\/2023\\\/01\\\/notaadunir08012023-e1673291106204.jpeg\",\"contentUrl\":\"https:\\\/\\\/adunir.com.br\\\/wp-content\\\/uploads\\\/2023\\\/01\\\/notaadunir08012023-e1673291106204.jpeg\",\"width\":899,\"height\":503},{\"@type\":\"BreadcrumbList\",\"@id\":\"https:\\\/\\\/adunir.com.br\\\/index.php\\\/2023\\\/01\\\/09\\\/nota-da-adunir-contra-o-movimento-fascista-e-golpista-e-em-defesa-da-democracia-popular\\\/#breadcrumb\",\"itemListElement\":[{\"@type\":\"ListItem\",\"position\":1,\"name\":\"In\u00edcio\",\"item\":\"https:\\\/\\\/adunir.com.br\\\/\"},{\"@type\":\"ListItem\",\"position\":2,\"name\":\"NOTA DA ADUNIR CONTRA O MOVIMENTO FASCISTA E GOLPISTA E EM DEFESA DA DEMOCRACIA POPULAR\"}]},{\"@type\":\"WebSite\",\"@id\":\"https:\\\/\\\/adunir.com.br\\\/#website\",\"url\":\"https:\\\/\\\/adunir.com.br\\\/\",\"name\":\"ADUNIR\",\"description\":\"Associa\u00e7\u00e3o dos Docentes da Universidade Federal de Rond\u00f4nia - Se\u00e7\u00e3o Sindical\",\"publisher\":{\"@id\":\"https:\\\/\\\/adunir.com.br\\\/#organization\"},\"potentialAction\":[{\"@type\":\"SearchAction\",\"target\":{\"@type\":\"EntryPoint\",\"urlTemplate\":\"https:\\\/\\\/adunir.com.br\\\/?s={search_term_string}\"},\"query-input\":{\"@type\":\"PropertyValueSpecification\",\"valueRequired\":true,\"valueName\":\"search_term_string\"}}],\"inLanguage\":\"pt-BR\"},{\"@type\":\"Organization\",\"@id\":\"https:\\\/\\\/adunir.com.br\\\/#organization\",\"name\":\"Associa\u00e7\u00e3o dos Docentes da Universidade Federal de Rond\u00f4nia - ADUNIR\",\"url\":\"https:\\\/\\\/adunir.com.br\\\/\",\"logo\":{\"@type\":\"ImageObject\",\"inLanguage\":\"pt-BR\",\"@id\":\"https:\\\/\\\/adunir.com.br\\\/#\\\/schema\\\/logo\\\/image\\\/\",\"url\":\"https:\\\/\\\/adunir.com.br\\\/wp-content\\\/uploads\\\/2023\\\/12\\\/cropped-logo_adunir.png\",\"contentUrl\":\"https:\\\/\\\/adunir.com.br\\\/wp-content\\\/uploads\\\/2023\\\/12\\\/cropped-logo_adunir.png\",\"width\":982,\"height\":102,\"caption\":\"Associa\u00e7\u00e3o dos Docentes da Universidade Federal de Rond\u00f4nia - ADUNIR\"},\"image\":{\"@id\":\"https:\\\/\\\/adunir.com.br\\\/#\\\/schema\\\/logo\\\/image\\\/\"},\"sameAs\":[\"https:\\\/\\\/www.facebook.com\\\/adunirsecaosindical.andes\\\/\"]},{\"@type\":\"Person\",\"@id\":\"https:\\\/\\\/adunir.com.br\\\/#\\\/schema\\\/person\\\/86b4aeb6bf6cab96151fb0ac140b8c48\",\"name\":\"adunir\",\"sameAs\":[\"http:\\\/\\\/localhost\\\/wordpress\"],\"url\":\"https:\\\/\\\/adunir.com.br\\\/index.php\\\/author\\\/adunir\\\/\"}]}<\/script>\n<!-- \/ Yoast SEO plugin. -->","yoast_head_json":{"title":"NOTA DA ADUNIR CONTRA O MOVIMENTO FASCISTA E GOLPISTA E EM DEFESA DA DEMOCRACIA POPULAR - ADUNIR","robots":{"index":"index","follow":"follow","max-snippet":"max-snippet:-1","max-image-preview":"max-image-preview:large","max-video-preview":"max-video-preview:-1"},"canonical":"https:\/\/adunir.com.br\/index.php\/2023\/01\/09\/nota-da-adunir-contra-o-movimento-fascista-e-golpista-e-em-defesa-da-democracia-popular\/","og_locale":"pt_BR","og_type":"article","og_title":"NOTA DA ADUNIR CONTRA O MOVIMENTO FASCISTA E GOLPISTA E EM DEFESA DA DEMOCRACIA POPULAR - ADUNIR","og_description":"A ADUNIR, Associa\u00e7\u00e3o dos Docentes da UNIR, condena veementemente os deplor\u00e1veis atos fascistas e golpistas que ocorreram em Bras\u00edlia em 08 de janeiro de 2023. Esses epis\u00f3dios precisam ser combatidos com vigor, pois n\u00e3o s\u00e3o isolados. Fazem parte de um movimento fascista reacion\u00e1rio que se estrutura no Brasil nos \u00faltimos anos. Esses atos s\u00e3o instrumentalizados [&hellip;]","og_url":"https:\/\/adunir.com.br\/index.php\/2023\/01\/09\/nota-da-adunir-contra-o-movimento-fascista-e-golpista-e-em-defesa-da-democracia-popular\/","og_site_name":"ADUNIR","article_publisher":"https:\/\/www.facebook.com\/adunirsecaosindical.andes\/","article_published_time":"2023-01-09T16:13:02+00:00","article_modified_time":"2023-01-10T23:01:54+00:00","og_image":[{"width":899,"height":503,"url":"https:\/\/adunir.com.br\/wp-content\/uploads\/2023\/01\/notaadunir08012023-e1673291106204.jpeg","type":"image\/jpeg"}],"author":"adunir","twitter_card":"summary_large_image","twitter_misc":{"Escrito por":"adunir","Est. tempo de leitura":"1 minuto"},"schema":{"@context":"https:\/\/schema.org","@graph":[{"@type":"Article","@id":"https:\/\/adunir.com.br\/index.php\/2023\/01\/09\/nota-da-adunir-contra-o-movimento-fascista-e-golpista-e-em-defesa-da-democracia-popular\/#article","isPartOf":{"@id":"https:\/\/adunir.com.br\/index.php\/2023\/01\/09\/nota-da-adunir-contra-o-movimento-fascista-e-golpista-e-em-defesa-da-democracia-popular\/"},"author":{"name":"adunir","@id":"https:\/\/adunir.com.br\/#\/schema\/person\/86b4aeb6bf6cab96151fb0ac140b8c48"},"headline":"NOTA DA ADUNIR CONTRA O MOVIMENTO FASCISTA E GOLPISTA E EM DEFESA DA DEMOCRACIA POPULAR","datePublished":"2023-01-09T16:13:02+00:00","dateModified":"2023-01-10T23:01:54+00:00","mainEntityOfPage":{"@id":"https:\/\/adunir.com.br\/index.php\/2023\/01\/09\/nota-da-adunir-contra-o-movimento-fascista-e-golpista-e-em-defesa-da-democracia-popular\/"},"wordCount":264,"publisher":{"@id":"https:\/\/adunir.com.br\/#organization"},"image":{"@id":"https:\/\/adunir.com.br\/index.php\/2023\/01\/09\/nota-da-adunir-contra-o-movimento-fascista-e-golpista-e-em-defesa-da-democracia-popular\/#primaryimage"},"thumbnailUrl":"https:\/\/adunir.com.br\/wp-content\/uploads\/2023\/01\/notaadunir08012023-e1673291106204.jpeg","articleSection":["Not\u00edcias"],"inLanguage":"pt-BR"},{"@type":"WebPage","@id":"https:\/\/adunir.com.br\/index.php\/2023\/01\/09\/nota-da-adunir-contra-o-movimento-fascista-e-golpista-e-em-defesa-da-democracia-popular\/","url":"https:\/\/adunir.com.br\/index.php\/2023\/01\/09\/nota-da-adunir-contra-o-movimento-fascista-e-golpista-e-em-defesa-da-democracia-popular\/","name":"NOTA DA ADUNIR CONTRA O MOVIMENTO FASCISTA E GOLPISTA E EM DEFESA DA DEMOCRACIA POPULAR - ADUNIR","isPartOf":{"@id":"https:\/\/adunir.com.br\/#website"},"primaryImageOfPage":{"@id":"https:\/\/adunir.com.br\/index.php\/2023\/01\/09\/nota-da-adunir-contra-o-movimento-fascista-e-golpista-e-em-defesa-da-democracia-popular\/#primaryimage"},"image":{"@id":"https:\/\/adunir.com.br\/index.php\/2023\/01\/09\/nota-da-adunir-contra-o-movimento-fascista-e-golpista-e-em-defesa-da-democracia-popular\/#primaryimage"},"thumbnailUrl":"https:\/\/adunir.com.br\/wp-content\/uploads\/2023\/01\/notaadunir08012023-e1673291106204.jpeg","datePublished":"2023-01-09T16:13:02+00:00","dateModified":"2023-01-10T23:01:54+00:00","breadcrumb":{"@id":"https:\/\/adunir.com.br\/index.php\/2023\/01\/09\/nota-da-adunir-contra-o-movimento-fascista-e-golpista-e-em-defesa-da-democracia-popular\/#breadcrumb"},"inLanguage":"pt-BR","potentialAction":[{"@type":"ReadAction","target":["https:\/\/adunir.com.br\/index.php\/2023\/01\/09\/nota-da-adunir-contra-o-movimento-fascista-e-golpista-e-em-defesa-da-democracia-popular\/"]}]},{"@type":"ImageObject","inLanguage":"pt-BR","@id":"https:\/\/adunir.com.br\/index.php\/2023\/01\/09\/nota-da-adunir-contra-o-movimento-fascista-e-golpista-e-em-defesa-da-democracia-popular\/#primaryimage","url":"https:\/\/adunir.com.br\/wp-content\/uploads\/2023\/01\/notaadunir08012023-e1673291106204.jpeg","contentUrl":"https:\/\/adunir.com.br\/wp-content\/uploads\/2023\/01\/notaadunir08012023-e1673291106204.jpeg","width":899,"height":503},{"@type":"BreadcrumbList","@id":"https:\/\/adunir.com.br\/index.php\/2023\/01\/09\/nota-da-adunir-contra-o-movimento-fascista-e-golpista-e-em-defesa-da-democracia-popular\/#breadcrumb","itemListElement":[{"@type":"ListItem","position":1,"name":"In\u00edcio","item":"https:\/\/adunir.com.br\/"},{"@type":"ListItem","position":2,"name":"NOTA DA ADUNIR CONTRA O MOVIMENTO FASCISTA E GOLPISTA E EM DEFESA DA DEMOCRACIA POPULAR"}]},{"@type":"WebSite","@id":"https:\/\/adunir.com.br\/#website","url":"https:\/\/adunir.com.br\/","name":"ADUNIR","description":"Associa\u00e7\u00e3o dos Docentes da Universidade Federal de Rond\u00f4nia - Se\u00e7\u00e3o Sindical","publisher":{"@id":"https:\/\/adunir.com.br\/#organization"},"potentialAction":[{"@type":"SearchAction","target":{"@type":"EntryPoint","urlTemplate":"https:\/\/adunir.com.br\/?s={search_term_string}"},"query-input":{"@type":"PropertyValueSpecification","valueRequired":true,"valueName":"search_term_string"}}],"inLanguage":"pt-BR"},{"@type":"Organization","@id":"https:\/\/adunir.com.br\/#organization","name":"Associa\u00e7\u00e3o dos Docentes da Universidade Federal de Rond\u00f4nia - ADUNIR","url":"https:\/\/adunir.com.br\/","logo":{"@type":"ImageObject","inLanguage":"pt-BR","@id":"https:\/\/adunir.com.br\/#\/schema\/logo\/image\/","url":"https:\/\/adunir.com.br\/wp-content\/uploads\/2023\/12\/cropped-logo_adunir.png","contentUrl":"https:\/\/adunir.com.br\/wp-content\/uploads\/2023\/12\/cropped-logo_adunir.png","width":982,"height":102,"caption":"Associa\u00e7\u00e3o dos Docentes da Universidade Federal de Rond\u00f4nia - ADUNIR"},"image":{"@id":"https:\/\/adunir.com.br\/#\/schema\/logo\/image\/"},"sameAs":["https:\/\/www.facebook.com\/adunirsecaosindical.andes\/"]},{"@type":"Person","@id":"https:\/\/adunir.com.br\/#\/schema\/person\/86b4aeb6bf6cab96151fb0ac140b8c48","name":"adunir","sameAs":["http:\/\/localhost\/wordpress"],"url":"https:\/\/adunir.com.br\/index.php\/author\/adunir\/"}]}},"uagb_featured_image_src":{"full":["https:\/\/adunir.com.br\/wp-content\/uploads\/2023\/01\/notaadunir08012023-e1673291106204.jpeg",899,503,false],"thumbnail":["https:\/\/adunir.com.br\/wp-content\/uploads\/2023\/01\/notaadunir08012023-e1673291106204-150x150.jpeg",150,150,true],"medium":["https:\/\/adunir.com.br\/wp-content\/uploads\/2023\/01\/notaadunir08012023-e1673291106204-300x168.jpeg",300,168,true],"medium_large":["https:\/\/adunir.com.br\/wp-content\/uploads\/2023\/01\/notaadunir08012023-e1673291106204-768x430.jpeg",768,430,true],"large":["https:\/\/adunir.com.br\/wp-content\/uploads\/2023\/01\/notaadunir08012023-576x1024.jpeg",576,1024,true],"1536x1536":["https:\/\/adunir.com.br\/wp-content\/uploads\/2023\/01\/notaadunir08012023-864x1536.jpeg",864,1536,true],"2048x2048":["https:\/\/adunir.com.br\/wp-content\/uploads\/2023\/01\/notaadunir08012023-e1673291106204.jpeg",899,503,false]},"uagb_author_info":{"display_name":"adunir","author_link":"https:\/\/adunir.com.br\/index.php\/author\/adunir\/"},"uagb_comment_info":1,"uagb_excerpt":"A ADUNIR, Associa\u00e7\u00e3o dos Docentes da UNIR, condena veementemente os deplor\u00e1veis atos fascistas e golpistas que ocorreram em Bras\u00edlia em 08 de janeiro de 2023. Esses epis\u00f3dios precisam ser combatidos com vigor, pois n\u00e3o s\u00e3o isolados. Fazem parte de um movimento fascista reacion\u00e1rio que se estrutura no Brasil nos \u00faltimos anos. Esses atos s\u00e3o instrumentalizados&hellip;","_links":{"self":[{"href":"https:\/\/adunir.com.br\/index.php\/wp-json\/wp\/v2\/posts\/1551","targetHints":{"allow":["GET"]}}],"collection":[{"href":"https:\/\/adunir.com.br\/index.php\/wp-json\/wp\/v2\/posts"}],"about":[{"href":"https:\/\/adunir.com.br\/index.php\/wp-json\/wp\/v2\/types\/post"}],"author":[{"embeddable":true,"href":"https:\/\/adunir.com.br\/index.php\/wp-json\/wp\/v2\/users\/1"}],"replies":[{"embeddable":true,"href":"https:\/\/adunir.com.br\/index.php\/wp-json\/wp\/v2\/comments?post=1551"}],"version-history":[{"count":3,"href":"https:\/\/adunir.com.br\/index.php\/wp-json\/wp\/v2\/posts\/1551\/revisions"}],"predecessor-version":[{"id":1571,"href":"https:\/\/adunir.com.br\/index.php\/wp-json\/wp\/v2\/posts\/1551\/revisions\/1571"}],"wp:featuredmedia":[{"embeddable":true,"href":"https:\/\/adunir.com.br\/index.php\/wp-json\/wp\/v2\/media\/1554"}],"wp:attachment":[{"href":"https:\/\/adunir.com.br\/index.php\/wp-json\/wp\/v2\/media?parent=1551"}],"wp:term":[{"taxonomy":"category","embeddable":true,"href":"https:\/\/adunir.com.br\/index.php\/wp-json\/wp\/v2\/categories?post=1551"},{"taxonomy":"post_tag","embeddable":true,"href":"https:\/\/adunir.com.br\/index.php\/wp-json\/wp\/v2\/tags?post=1551"}],"curies":[{"name":"wp","href":"https:\/\/api.w.org\/{rel}","templated":true}]}}