{"id":1689,"date":"2023-02-17T15:37:07","date_gmt":"2023-02-17T19:37:07","guid":{"rendered":"https:\/\/adunir.com.br\/?p=1689"},"modified":"2023-03-09T15:29:29","modified_gmt":"2023-03-09T19:29:29","slug":"como-estao-as-negociacoes-com-a-mesa-nacional-de-negociacoes-permanente","status":"publish","type":"post","link":"https:\/\/adunir.com.br\/index.php\/2023\/02\/17\/como-estao-as-negociacoes-com-a-mesa-nacional-de-negociacoes-permanente\/","title":{"rendered":"COMO EST\u00c3O AS NEGOCIA\u00c7\u00d5ES COM A MESA NACIONAL DE NEGOCIA\u00c7\u00d5ES PERMANENTE"},"content":{"rendered":"\n<p>\ud83d\udccc As negocia\u00e7\u00f5es iniciaram ontem, no dia 16\/02\/2023.<\/p>\n\n\n\n<p>A primeira proposta protocolada em of\u00edcio (N\u00ba 4410\/2023\/MGI) \u00e9 de:<\/p>\n\n\n\n<p>\u2713\ud83e\ude99 Reajuste salarial de apenas 7,8% sobre a atual renumera\u00e7\u00e3o (menor do que os 9% anunciado nas entrevistas), a partir de 1\u00ba de mar\u00e7o;<\/p>\n\n\n\n<!--more-->\n\n\n\n<p>\u2713\ud83c\udf5b 43,6% de reajuste no aux\u00edlio alimenta\u00e7\u00e3o, passando de R$ 458,00 para R$ 658,00.<\/p>\n\n\n\n<p>\ud83d\udeab\ud83d\udeaa Tamb\u00e9m ainda n\u00e3o obtivemos a t\u00e3o desejada revoga\u00e7\u00e3o da Portaria 10.723, que continua sobre an\u00e1lise do Minist\u00e9rio de Gest\u00e3o e Inova\u00e7\u00e3o dos Servi\u00e7os P\u00fablicos.<\/p>\n\n\n\n<p>\u270d\ud83c\udffc Al\u00e9m disso, o Governo protocolou que em maio a Secretaria de Gest\u00e3o de Pessoas e de Rela\u00e7\u00f5es de Trabalho (SEGRT) do MGI, apresentar\u00e1 uma proposta de funcionamento da Mesa Nacional de Negocia\u00e7\u00e3o Permanente, bem como um calend\u00e1rio de discuss\u00e3o das outras pauta de reivindica\u00e7\u00f5es.<\/p>\n\n\n\n<p>\ud83d\udd0e Ap\u00f3s essa apresenta\u00e7\u00e3o formal, o texto est\u00e1 sendo analisado por nossa entidade.<\/p>\n\n\n\n<p>\ud83d\udcc8 Mas o Fonasefe foi categ\u00f3rico em reivindicar a corre\u00e7\u00e3o de, no m\u00ednimo, 26,94%, conforme a proposta encaminhada no dia 02\/01\/2023.<\/p>\n\n\n\n<p>\ud83d\udccc No dia 28\/02 nos reuniremos novamente na Mesa Nacional de Negocia\u00e7\u00f5es Permanente (MNNP) para apresentarmos uma contraproposta, assim convidamos voc\u00eas da base a participarem das vig\u00edlias e nos atos que acontecer\u00e3o nessa data.<\/p>\n\n\n\n<p>\ud83d\udde3\ufe0f As entidades sindicais se comprometeram a realizar assembleias para discutir formatos de mobiliza\u00e7\u00e3o da categoria diante os pr\u00f3ximos passos dessa negocia\u00e7\u00e3o.<\/p>\n\n\n\n<p><strong>Associa\u00e7\u00e3o dos Docentes da UNIR &#8211; ADUNIR-SSIND &#8211; Se\u00e7\u00e3o Sindical do ANDES Sindicato Nacional<\/strong><\/p>\n","protected":false},"excerpt":{"rendered":"<p>\ud83d\udccc As negocia\u00e7\u00f5es iniciaram ontem, no dia 16\/02\/2023. A primeira proposta protocolada em of\u00edcio (N\u00ba 4410\/2023\/MGI) \u00e9 de: \u2713\ud83e\ude99 Reajuste salarial de apenas 7,8% sobre a atual renumera\u00e7\u00e3o (menor do que os 9% anunciado nas entrevistas), a partir de 1\u00ba de mar\u00e7o;<\/p>\n","protected":false},"author":1,"featured_media":1136,"comment_status":"closed","ping_status":"open","sticky":false,"template":"","format":"standard","meta":{"_uag_custom_page_level_css":"","footnotes":""},"categories":[34],"tags":[],"class_list":["post-1689","post","type-post","status-publish","format-standard","has-post-thumbnail","hentry","category-andes-sn"],"yoast_head":"<!-- This site is optimized with the Yoast SEO plugin v27.5 - https:\/\/yoast.com\/product\/yoast-seo-wordpress\/ -->\n<title>COMO EST\u00c3O AS NEGOCIA\u00c7\u00d5ES COM A MESA NACIONAL DE NEGOCIA\u00c7\u00d5ES PERMANENTE - ADUNIR<\/title>\n<meta name=\"robots\" content=\"index, follow, max-snippet:-1, max-image-preview:large, max-video-preview:-1\" \/>\n<link rel=\"canonical\" href=\"https:\/\/adunir.com.br\/index.php\/2023\/02\/17\/como-estao-as-negociacoes-com-a-mesa-nacional-de-negociacoes-permanente\/\" \/>\n<meta property=\"og:locale\" content=\"pt_BR\" \/>\n<meta property=\"og:type\" content=\"article\" \/>\n<meta property=\"og:title\" content=\"COMO EST\u00c3O AS NEGOCIA\u00c7\u00d5ES COM A MESA NACIONAL DE NEGOCIA\u00c7\u00d5ES PERMANENTE - ADUNIR\" \/>\n<meta property=\"og:description\" content=\"\ud83d\udccc As negocia\u00e7\u00f5es iniciaram ontem, no dia 16\/02\/2023. A primeira proposta protocolada em of\u00edcio (N\u00ba 4410\/2023\/MGI) \u00e9 de: \u2713\ud83e\ude99 Reajuste salarial de apenas 7,8% sobre a atual renumera\u00e7\u00e3o (menor do que os 9% anunciado nas entrevistas), a partir de 1\u00ba de mar\u00e7o;\" \/>\n<meta property=\"og:url\" content=\"https:\/\/adunir.com.br\/index.php\/2023\/02\/17\/como-estao-as-negociacoes-com-a-mesa-nacional-de-negociacoes-permanente\/\" \/>\n<meta property=\"og:site_name\" content=\"ADUNIR\" \/>\n<meta property=\"article:publisher\" content=\"https:\/\/www.facebook.com\/adunirsecaosindical.andes\/\" \/>\n<meta property=\"article:published_time\" content=\"2023-02-17T19:37:07+00:00\" \/>\n<meta property=\"article:modified_time\" content=\"2023-03-09T19:29:29+00:00\" \/>\n<meta property=\"og:image\" content=\"https:\/\/adunir.com.br\/wp-content\/uploads\/2022\/05\/cropped-cropped-cropped-cropped-adunir-1.jpeg\" \/>\n\t<meta property=\"og:image:width\" content=\"326\" \/>\n\t<meta property=\"og:image:height\" content=\"326\" \/>\n\t<meta property=\"og:image:type\" content=\"image\/jpeg\" \/>\n<meta name=\"author\" content=\"adunir\" \/>\n<meta name=\"twitter:card\" content=\"summary_large_image\" \/>\n<meta name=\"twitter:label1\" content=\"Escrito por\" \/>\n\t<meta name=\"twitter:data1\" content=\"adunir\" \/>\n\t<meta name=\"twitter:label2\" content=\"Est. tempo de leitura\" \/>\n\t<meta name=\"twitter:data2\" content=\"1 minuto\" \/>\n<script type=\"application\/ld+json\" class=\"yoast-schema-graph\">{\"@context\":\"https:\\\/\\\/schema.org\",\"@graph\":[{\"@type\":\"Article\",\"@id\":\"https:\\\/\\\/adunir.com.br\\\/index.php\\\/2023\\\/02\\\/17\\\/como-estao-as-negociacoes-com-a-mesa-nacional-de-negociacoes-permanente\\\/#article\",\"isPartOf\":{\"@id\":\"https:\\\/\\\/adunir.com.br\\\/index.php\\\/2023\\\/02\\\/17\\\/como-estao-as-negociacoes-com-a-mesa-nacional-de-negociacoes-permanente\\\/\"},\"author\":{\"name\":\"adunir\",\"@id\":\"https:\\\/\\\/adunir.com.br\\\/#\\\/schema\\\/person\\\/86b4aeb6bf6cab96151fb0ac140b8c48\"},\"headline\":\"COMO EST\u00c3O AS NEGOCIA\u00c7\u00d5ES COM A MESA NACIONAL DE NEGOCIA\u00c7\u00d5ES PERMANENTE\",\"datePublished\":\"2023-02-17T19:37:07+00:00\",\"dateModified\":\"2023-03-09T19:29:29+00:00\",\"mainEntityOfPage\":{\"@id\":\"https:\\\/\\\/adunir.com.br\\\/index.php\\\/2023\\\/02\\\/17\\\/como-estao-as-negociacoes-com-a-mesa-nacional-de-negociacoes-permanente\\\/\"},\"wordCount\":260,\"publisher\":{\"@id\":\"https:\\\/\\\/adunir.com.br\\\/#organization\"},\"image\":{\"@id\":\"https:\\\/\\\/adunir.com.br\\\/index.php\\\/2023\\\/02\\\/17\\\/como-estao-as-negociacoes-com-a-mesa-nacional-de-negociacoes-permanente\\\/#primaryimage\"},\"thumbnailUrl\":\"https:\\\/\\\/adunir.com.br\\\/wp-content\\\/uploads\\\/2022\\\/05\\\/cropped-cropped-cropped-cropped-adunir-1.jpeg\",\"articleSection\":[\"ANDES-SN\"],\"inLanguage\":\"pt-BR\"},{\"@type\":\"WebPage\",\"@id\":\"https:\\\/\\\/adunir.com.br\\\/index.php\\\/2023\\\/02\\\/17\\\/como-estao-as-negociacoes-com-a-mesa-nacional-de-negociacoes-permanente\\\/\",\"url\":\"https:\\\/\\\/adunir.com.br\\\/index.php\\\/2023\\\/02\\\/17\\\/como-estao-as-negociacoes-com-a-mesa-nacional-de-negociacoes-permanente\\\/\",\"name\":\"COMO EST\u00c3O AS NEGOCIA\u00c7\u00d5ES COM A MESA NACIONAL DE NEGOCIA\u00c7\u00d5ES PERMANENTE - ADUNIR\",\"isPartOf\":{\"@id\":\"https:\\\/\\\/adunir.com.br\\\/#website\"},\"primaryImageOfPage\":{\"@id\":\"https:\\\/\\\/adunir.com.br\\\/index.php\\\/2023\\\/02\\\/17\\\/como-estao-as-negociacoes-com-a-mesa-nacional-de-negociacoes-permanente\\\/#primaryimage\"},\"image\":{\"@id\":\"https:\\\/\\\/adunir.com.br\\\/index.php\\\/2023\\\/02\\\/17\\\/como-estao-as-negociacoes-com-a-mesa-nacional-de-negociacoes-permanente\\\/#primaryimage\"},\"thumbnailUrl\":\"https:\\\/\\\/adunir.com.br\\\/wp-content\\\/uploads\\\/2022\\\/05\\\/cropped-cropped-cropped-cropped-adunir-1.jpeg\",\"datePublished\":\"2023-02-17T19:37:07+00:00\",\"dateModified\":\"2023-03-09T19:29:29+00:00\",\"breadcrumb\":{\"@id\":\"https:\\\/\\\/adunir.com.br\\\/index.php\\\/2023\\\/02\\\/17\\\/como-estao-as-negociacoes-com-a-mesa-nacional-de-negociacoes-permanente\\\/#breadcrumb\"},\"inLanguage\":\"pt-BR\",\"potentialAction\":[{\"@type\":\"ReadAction\",\"target\":[\"https:\\\/\\\/adunir.com.br\\\/index.php\\\/2023\\\/02\\\/17\\\/como-estao-as-negociacoes-com-a-mesa-nacional-de-negociacoes-permanente\\\/\"]}]},{\"@type\":\"ImageObject\",\"inLanguage\":\"pt-BR\",\"@id\":\"https:\\\/\\\/adunir.com.br\\\/index.php\\\/2023\\\/02\\\/17\\\/como-estao-as-negociacoes-com-a-mesa-nacional-de-negociacoes-permanente\\\/#primaryimage\",\"url\":\"https:\\\/\\\/adunir.com.br\\\/wp-content\\\/uploads\\\/2022\\\/05\\\/cropped-cropped-cropped-cropped-adunir-1.jpeg\",\"contentUrl\":\"https:\\\/\\\/adunir.com.br\\\/wp-content\\\/uploads\\\/2022\\\/05\\\/cropped-cropped-cropped-cropped-adunir-1.jpeg\",\"width\":326,\"height\":326},{\"@type\":\"BreadcrumbList\",\"@id\":\"https:\\\/\\\/adunir.com.br\\\/index.php\\\/2023\\\/02\\\/17\\\/como-estao-as-negociacoes-com-a-mesa-nacional-de-negociacoes-permanente\\\/#breadcrumb\",\"itemListElement\":[{\"@type\":\"ListItem\",\"position\":1,\"name\":\"In\u00edcio\",\"item\":\"https:\\\/\\\/adunir.com.br\\\/\"},{\"@type\":\"ListItem\",\"position\":2,\"name\":\"COMO EST\u00c3O AS NEGOCIA\u00c7\u00d5ES COM A MESA NACIONAL DE NEGOCIA\u00c7\u00d5ES PERMANENTE\"}]},{\"@type\":\"WebSite\",\"@id\":\"https:\\\/\\\/adunir.com.br\\\/#website\",\"url\":\"https:\\\/\\\/adunir.com.br\\\/\",\"name\":\"ADUNIR\",\"description\":\"Associa\u00e7\u00e3o dos Docentes da Universidade Federal de Rond\u00f4nia - Se\u00e7\u00e3o Sindical\",\"publisher\":{\"@id\":\"https:\\\/\\\/adunir.com.br\\\/#organization\"},\"potentialAction\":[{\"@type\":\"SearchAction\",\"target\":{\"@type\":\"EntryPoint\",\"urlTemplate\":\"https:\\\/\\\/adunir.com.br\\\/?s={search_term_string}\"},\"query-input\":{\"@type\":\"PropertyValueSpecification\",\"valueRequired\":true,\"valueName\":\"search_term_string\"}}],\"inLanguage\":\"pt-BR\"},{\"@type\":\"Organization\",\"@id\":\"https:\\\/\\\/adunir.com.br\\\/#organization\",\"name\":\"Associa\u00e7\u00e3o dos Docentes da Universidade Federal de Rond\u00f4nia - ADUNIR\",\"url\":\"https:\\\/\\\/adunir.com.br\\\/\",\"logo\":{\"@type\":\"ImageObject\",\"inLanguage\":\"pt-BR\",\"@id\":\"https:\\\/\\\/adunir.com.br\\\/#\\\/schema\\\/logo\\\/image\\\/\",\"url\":\"https:\\\/\\\/adunir.com.br\\\/wp-content\\\/uploads\\\/2023\\\/12\\\/cropped-logo_adunir.png\",\"contentUrl\":\"https:\\\/\\\/adunir.com.br\\\/wp-content\\\/uploads\\\/2023\\\/12\\\/cropped-logo_adunir.png\",\"width\":982,\"height\":102,\"caption\":\"Associa\u00e7\u00e3o dos Docentes da Universidade Federal de Rond\u00f4nia - ADUNIR\"},\"image\":{\"@id\":\"https:\\\/\\\/adunir.com.br\\\/#\\\/schema\\\/logo\\\/image\\\/\"},\"sameAs\":[\"https:\\\/\\\/www.facebook.com\\\/adunirsecaosindical.andes\\\/\"]},{\"@type\":\"Person\",\"@id\":\"https:\\\/\\\/adunir.com.br\\\/#\\\/schema\\\/person\\\/86b4aeb6bf6cab96151fb0ac140b8c48\",\"name\":\"adunir\",\"sameAs\":[\"http:\\\/\\\/localhost\\\/wordpress\"],\"url\":\"https:\\\/\\\/adunir.com.br\\\/index.php\\\/author\\\/adunir\\\/\"}]}<\/script>\n<!-- \/ Yoast SEO plugin. -->","yoast_head_json":{"title":"COMO EST\u00c3O AS NEGOCIA\u00c7\u00d5ES COM A MESA NACIONAL DE NEGOCIA\u00c7\u00d5ES PERMANENTE - ADUNIR","robots":{"index":"index","follow":"follow","max-snippet":"max-snippet:-1","max-image-preview":"max-image-preview:large","max-video-preview":"max-video-preview:-1"},"canonical":"https:\/\/adunir.com.br\/index.php\/2023\/02\/17\/como-estao-as-negociacoes-com-a-mesa-nacional-de-negociacoes-permanente\/","og_locale":"pt_BR","og_type":"article","og_title":"COMO EST\u00c3O AS NEGOCIA\u00c7\u00d5ES COM A MESA NACIONAL DE NEGOCIA\u00c7\u00d5ES PERMANENTE - ADUNIR","og_description":"\ud83d\udccc As negocia\u00e7\u00f5es iniciaram ontem, no dia 16\/02\/2023. A primeira proposta protocolada em of\u00edcio (N\u00ba 4410\/2023\/MGI) \u00e9 de: \u2713\ud83e\ude99 Reajuste salarial de apenas 7,8% sobre a atual renumera\u00e7\u00e3o (menor do que os 9% anunciado nas entrevistas), a partir de 1\u00ba de mar\u00e7o;","og_url":"https:\/\/adunir.com.br\/index.php\/2023\/02\/17\/como-estao-as-negociacoes-com-a-mesa-nacional-de-negociacoes-permanente\/","og_site_name":"ADUNIR","article_publisher":"https:\/\/www.facebook.com\/adunirsecaosindical.andes\/","article_published_time":"2023-02-17T19:37:07+00:00","article_modified_time":"2023-03-09T19:29:29+00:00","og_image":[{"width":326,"height":326,"url":"https:\/\/adunir.com.br\/wp-content\/uploads\/2022\/05\/cropped-cropped-cropped-cropped-adunir-1.jpeg","type":"image\/jpeg"}],"author":"adunir","twitter_card":"summary_large_image","twitter_misc":{"Escrito por":"adunir","Est. tempo de leitura":"1 minuto"},"schema":{"@context":"https:\/\/schema.org","@graph":[{"@type":"Article","@id":"https:\/\/adunir.com.br\/index.php\/2023\/02\/17\/como-estao-as-negociacoes-com-a-mesa-nacional-de-negociacoes-permanente\/#article","isPartOf":{"@id":"https:\/\/adunir.com.br\/index.php\/2023\/02\/17\/como-estao-as-negociacoes-com-a-mesa-nacional-de-negociacoes-permanente\/"},"author":{"name":"adunir","@id":"https:\/\/adunir.com.br\/#\/schema\/person\/86b4aeb6bf6cab96151fb0ac140b8c48"},"headline":"COMO EST\u00c3O AS NEGOCIA\u00c7\u00d5ES COM A MESA NACIONAL DE NEGOCIA\u00c7\u00d5ES PERMANENTE","datePublished":"2023-02-17T19:37:07+00:00","dateModified":"2023-03-09T19:29:29+00:00","mainEntityOfPage":{"@id":"https:\/\/adunir.com.br\/index.php\/2023\/02\/17\/como-estao-as-negociacoes-com-a-mesa-nacional-de-negociacoes-permanente\/"},"wordCount":260,"publisher":{"@id":"https:\/\/adunir.com.br\/#organization"},"image":{"@id":"https:\/\/adunir.com.br\/index.php\/2023\/02\/17\/como-estao-as-negociacoes-com-a-mesa-nacional-de-negociacoes-permanente\/#primaryimage"},"thumbnailUrl":"https:\/\/adunir.com.br\/wp-content\/uploads\/2022\/05\/cropped-cropped-cropped-cropped-adunir-1.jpeg","articleSection":["ANDES-SN"],"inLanguage":"pt-BR"},{"@type":"WebPage","@id":"https:\/\/adunir.com.br\/index.php\/2023\/02\/17\/como-estao-as-negociacoes-com-a-mesa-nacional-de-negociacoes-permanente\/","url":"https:\/\/adunir.com.br\/index.php\/2023\/02\/17\/como-estao-as-negociacoes-com-a-mesa-nacional-de-negociacoes-permanente\/","name":"COMO EST\u00c3O AS NEGOCIA\u00c7\u00d5ES COM A MESA NACIONAL DE NEGOCIA\u00c7\u00d5ES PERMANENTE - ADUNIR","isPartOf":{"@id":"https:\/\/adunir.com.br\/#website"},"primaryImageOfPage":{"@id":"https:\/\/adunir.com.br\/index.php\/2023\/02\/17\/como-estao-as-negociacoes-com-a-mesa-nacional-de-negociacoes-permanente\/#primaryimage"},"image":{"@id":"https:\/\/adunir.com.br\/index.php\/2023\/02\/17\/como-estao-as-negociacoes-com-a-mesa-nacional-de-negociacoes-permanente\/#primaryimage"},"thumbnailUrl":"https:\/\/adunir.com.br\/wp-content\/uploads\/2022\/05\/cropped-cropped-cropped-cropped-adunir-1.jpeg","datePublished":"2023-02-17T19:37:07+00:00","dateModified":"2023-03-09T19:29:29+00:00","breadcrumb":{"@id":"https:\/\/adunir.com.br\/index.php\/2023\/02\/17\/como-estao-as-negociacoes-com-a-mesa-nacional-de-negociacoes-permanente\/#breadcrumb"},"inLanguage":"pt-BR","potentialAction":[{"@type":"ReadAction","target":["https:\/\/adunir.com.br\/index.php\/2023\/02\/17\/como-estao-as-negociacoes-com-a-mesa-nacional-de-negociacoes-permanente\/"]}]},{"@type":"ImageObject","inLanguage":"pt-BR","@id":"https:\/\/adunir.com.br\/index.php\/2023\/02\/17\/como-estao-as-negociacoes-com-a-mesa-nacional-de-negociacoes-permanente\/#primaryimage","url":"https:\/\/adunir.com.br\/wp-content\/uploads\/2022\/05\/cropped-cropped-cropped-cropped-adunir-1.jpeg","contentUrl":"https:\/\/adunir.com.br\/wp-content\/uploads\/2022\/05\/cropped-cropped-cropped-cropped-adunir-1.jpeg","width":326,"height":326},{"@type":"BreadcrumbList","@id":"https:\/\/adunir.com.br\/index.php\/2023\/02\/17\/como-estao-as-negociacoes-com-a-mesa-nacional-de-negociacoes-permanente\/#breadcrumb","itemListElement":[{"@type":"ListItem","position":1,"name":"In\u00edcio","item":"https:\/\/adunir.com.br\/"},{"@type":"ListItem","position":2,"name":"COMO EST\u00c3O AS NEGOCIA\u00c7\u00d5ES COM A MESA NACIONAL DE NEGOCIA\u00c7\u00d5ES PERMANENTE"}]},{"@type":"WebSite","@id":"https:\/\/adunir.com.br\/#website","url":"https:\/\/adunir.com.br\/","name":"ADUNIR","description":"Associa\u00e7\u00e3o dos Docentes da Universidade Federal de Rond\u00f4nia - Se\u00e7\u00e3o Sindical","publisher":{"@id":"https:\/\/adunir.com.br\/#organization"},"potentialAction":[{"@type":"SearchAction","target":{"@type":"EntryPoint","urlTemplate":"https:\/\/adunir.com.br\/?s={search_term_string}"},"query-input":{"@type":"PropertyValueSpecification","valueRequired":true,"valueName":"search_term_string"}}],"inLanguage":"pt-BR"},{"@type":"Organization","@id":"https:\/\/adunir.com.br\/#organization","name":"Associa\u00e7\u00e3o dos Docentes da Universidade Federal de Rond\u00f4nia - ADUNIR","url":"https:\/\/adunir.com.br\/","logo":{"@type":"ImageObject","inLanguage":"pt-BR","@id":"https:\/\/adunir.com.br\/#\/schema\/logo\/image\/","url":"https:\/\/adunir.com.br\/wp-content\/uploads\/2023\/12\/cropped-logo_adunir.png","contentUrl":"https:\/\/adunir.com.br\/wp-content\/uploads\/2023\/12\/cropped-logo_adunir.png","width":982,"height":102,"caption":"Associa\u00e7\u00e3o dos Docentes da Universidade Federal de Rond\u00f4nia - ADUNIR"},"image":{"@id":"https:\/\/adunir.com.br\/#\/schema\/logo\/image\/"},"sameAs":["https:\/\/www.facebook.com\/adunirsecaosindical.andes\/"]},{"@type":"Person","@id":"https:\/\/adunir.com.br\/#\/schema\/person\/86b4aeb6bf6cab96151fb0ac140b8c48","name":"adunir","sameAs":["http:\/\/localhost\/wordpress"],"url":"https:\/\/adunir.com.br\/index.php\/author\/adunir\/"}]}},"uagb_featured_image_src":{"full":["https:\/\/adunir.com.br\/wp-content\/uploads\/2022\/05\/cropped-cropped-cropped-cropped-adunir-1.jpeg",326,326,false],"thumbnail":["https:\/\/adunir.com.br\/wp-content\/uploads\/2022\/05\/cropped-cropped-cropped-cropped-adunir-1-150x150.jpeg",150,150,true],"medium":["https:\/\/adunir.com.br\/wp-content\/uploads\/2022\/05\/cropped-cropped-cropped-cropped-adunir-1-300x300.jpeg",300,300,true],"medium_large":["https:\/\/adunir.com.br\/wp-content\/uploads\/2022\/05\/cropped-cropped-cropped-cropped-adunir-1.jpeg",326,326,false],"large":["https:\/\/adunir.com.br\/wp-content\/uploads\/2022\/05\/cropped-cropped-cropped-cropped-adunir-1.jpeg",326,326,false],"1536x1536":["https:\/\/adunir.com.br\/wp-content\/uploads\/2022\/05\/cropped-cropped-cropped-cropped-adunir-1.jpeg",326,326,false],"2048x2048":["https:\/\/adunir.com.br\/wp-content\/uploads\/2022\/05\/cropped-cropped-cropped-cropped-adunir-1.jpeg",326,326,false]},"uagb_author_info":{"display_name":"adunir","author_link":"https:\/\/adunir.com.br\/index.php\/author\/adunir\/"},"uagb_comment_info":0,"uagb_excerpt":"\ud83d\udccc As negocia\u00e7\u00f5es iniciaram ontem, no dia 16\/02\/2023. A primeira proposta protocolada em of\u00edcio (N\u00ba 4410\/2023\/MGI) \u00e9 de: \u2713\ud83e\ude99 Reajuste salarial de apenas 7,8% sobre a atual renumera\u00e7\u00e3o (menor do que os 9% anunciado nas entrevistas), a partir de 1\u00ba de mar\u00e7o;","_links":{"self":[{"href":"https:\/\/adunir.com.br\/index.php\/wp-json\/wp\/v2\/posts\/1689","targetHints":{"allow":["GET"]}}],"collection":[{"href":"https:\/\/adunir.com.br\/index.php\/wp-json\/wp\/v2\/posts"}],"about":[{"href":"https:\/\/adunir.com.br\/index.php\/wp-json\/wp\/v2\/types\/post"}],"author":[{"embeddable":true,"href":"https:\/\/adunir.com.br\/index.php\/wp-json\/wp\/v2\/users\/1"}],"replies":[{"embeddable":true,"href":"https:\/\/adunir.com.br\/index.php\/wp-json\/wp\/v2\/comments?post=1689"}],"version-history":[{"count":2,"href":"https:\/\/adunir.com.br\/index.php\/wp-json\/wp\/v2\/posts\/1689\/revisions"}],"predecessor-version":[{"id":1760,"href":"https:\/\/adunir.com.br\/index.php\/wp-json\/wp\/v2\/posts\/1689\/revisions\/1760"}],"wp:featuredmedia":[{"embeddable":true,"href":"https:\/\/adunir.com.br\/index.php\/wp-json\/wp\/v2\/media\/1136"}],"wp:attachment":[{"href":"https:\/\/adunir.com.br\/index.php\/wp-json\/wp\/v2\/media?parent=1689"}],"wp:term":[{"taxonomy":"category","embeddable":true,"href":"https:\/\/adunir.com.br\/index.php\/wp-json\/wp\/v2\/categories?post=1689"},{"taxonomy":"post_tag","embeddable":true,"href":"https:\/\/adunir.com.br\/index.php\/wp-json\/wp\/v2\/tags?post=1689"}],"curies":[{"name":"wp","href":"https:\/\/api.w.org\/{rel}","templated":true}]}}