{"id":1701,"date":"2023-03-01T16:53:07","date_gmt":"2023-03-01T20:53:07","guid":{"rendered":"https:\/\/adunir.com.br\/?p=1701"},"modified":"2023-03-09T10:19:07","modified_gmt":"2023-03-09T14:19:07","slug":"mocao-de-repudio-a-reitoria-da-universidade-federal-derondonia-unir","status":"publish","type":"post","link":"https:\/\/adunir.com.br\/index.php\/2023\/03\/01\/mocao-de-repudio-a-reitoria-da-universidade-federal-derondonia-unir\/","title":{"rendered":"MO\u00c7\u00c3O DE REP\u00daDIO \u00c0 REITORIA DA UNIVERSIDADE FEDERAL DE<br>ROND\u00d4NIA-UNIR"},"content":{"rendered":"\n<p>Os delegados e as delegadas ao 41\u00ba CONGRESSO do ANDESSINDICATO NACIONAL, realizado em Rio Branco (AC), no per\u00edodo de 6 a 10 defevereiro de 2023, manifestam veemente rep\u00fadio \u00e0 Reitoria da UNIR por descumprir a legisla\u00e7\u00e3o, anulando e retirando direitos acad\u00eamicos e financeiros dos docentes da<br>UNIR em suas progress\u00f5es funcionais e declaram apoio \u00e0 luta pela revoga\u00e7\u00e3o da Nota<br>T\u00e9cnica 2.556\/2018 \u2013 MP, emitida pelo Minist\u00e9rio do Planejamento, Desenvolvimento<br>e Gest\u00e3o (MPDG), em fevereiro de 2018, e acompanhado do Of\u00edcio Circular n.\u00ba<br>53\/2018-MP, que geraram interpreta\u00e7\u00f5es err\u00f4neas e prejudiciais ao conjunto da<br>categoria docente em todo o pa\u00eds.<\/p>\n\n\n\n<!--more-->\n\n\n\n<div data-wp-interactive=\"core\/file\" class=\"wp-block-file\"><object data-wp-bind--hidden=\"!state.hasPdfPreview\" hidden class=\"wp-block-file__embed\" data=\"https:\/\/adunir.com.br\/wp-content\/uploads\/2023\/03\/Nota-de-repudio-Andes-1.pdf\" type=\"application\/pdf\" style=\"width:100%;height:600px\" aria-label=\"Incorporado de Nota-de-repudio-Andes-1.\"><\/object><a id=\"wp-block-file--media-c1947777-c68e-454e-8750-25edd0f2f6a4\" href=\"https:\/\/adunir.com.br\/wp-content\/uploads\/2023\/03\/Nota-de-repudio-Andes-1.pdf\">Nota-de-repudio-Andes-1<\/a><a href=\"https:\/\/adunir.com.br\/wp-content\/uploads\/2023\/03\/Nota-de-repudio-Andes-1.pdf\" class=\"wp-block-file__button wp-element-button\" download aria-describedby=\"wp-block-file--media-c1947777-c68e-454e-8750-25edd0f2f6a4\">Baixar<\/a><\/div>\n\n\n\n<p><\/p>\n","protected":false},"excerpt":{"rendered":"<p>Os delegados e as delegadas ao 41\u00ba CONGRESSO do ANDESSINDICATO NACIONAL, realizado em Rio Branco (AC), no per\u00edodo de 6 a 10 defevereiro de 2023, manifestam veemente rep\u00fadio \u00e0 Reitoria da UNIR por descumprir a legisla\u00e7\u00e3o, anulando e retirando direitos acad\u00eamicos e financeiros dos docentes daUNIR em suas progress\u00f5es funcionais e declaram apoio \u00e0 luta [&hellip;]<\/p>\n","protected":false},"author":1,"featured_media":1707,"comment_status":"closed","ping_status":"open","sticky":false,"template":"","format":"standard","meta":{"_uag_custom_page_level_css":"","footnotes":""},"categories":[5],"tags":[],"class_list":["post-1701","post","type-post","status-publish","format-standard","has-post-thumbnail","hentry","category-noticias"],"yoast_head":"<!-- This site is optimized with the Yoast SEO plugin v27.5 - https:\/\/yoast.com\/product\/yoast-seo-wordpress\/ -->\n<title>MO\u00c7\u00c3O DE REP\u00daDIO \u00c0 REITORIA DA UNIVERSIDADE FEDERAL DEROND\u00d4NIA-UNIR - ADUNIR<\/title>\n<meta name=\"robots\" content=\"index, follow, max-snippet:-1, max-image-preview:large, max-video-preview:-1\" \/>\n<link rel=\"canonical\" href=\"https:\/\/adunir.com.br\/index.php\/2023\/03\/01\/mocao-de-repudio-a-reitoria-da-universidade-federal-derondonia-unir\/\" \/>\n<meta property=\"og:locale\" content=\"pt_BR\" \/>\n<meta property=\"og:type\" content=\"article\" \/>\n<meta property=\"og:title\" content=\"MO\u00c7\u00c3O DE REP\u00daDIO \u00c0 REITORIA DA UNIVERSIDADE FEDERAL DEROND\u00d4NIA-UNIR - ADUNIR\" \/>\n<meta property=\"og:description\" content=\"Os delegados e as delegadas ao 41\u00ba CONGRESSO do ANDESSINDICATO NACIONAL, realizado em Rio Branco (AC), no per\u00edodo de 6 a 10 defevereiro de 2023, manifestam veemente rep\u00fadio \u00e0 Reitoria da UNIR por descumprir a legisla\u00e7\u00e3o, anulando e retirando direitos acad\u00eamicos e financeiros dos docentes daUNIR em suas progress\u00f5es funcionais e declaram apoio \u00e0 luta [&hellip;]\" \/>\n<meta property=\"og:url\" content=\"https:\/\/adunir.com.br\/index.php\/2023\/03\/01\/mocao-de-repudio-a-reitoria-da-universidade-federal-derondonia-unir\/\" \/>\n<meta property=\"og:site_name\" content=\"ADUNIR\" \/>\n<meta property=\"article:publisher\" content=\"https:\/\/www.facebook.com\/adunirsecaosindical.andes\/\" \/>\n<meta property=\"article:published_time\" content=\"2023-03-01T20:53:07+00:00\" \/>\n<meta property=\"article:modified_time\" content=\"2023-03-09T14:19:07+00:00\" \/>\n<meta property=\"og:image\" content=\"https:\/\/adunir.com.br\/wp-content\/uploads\/2023\/03\/plenaria-de-abertura-Foto_Nattercia_Damasceno--e1677847483770.jpg\" \/>\n\t<meta property=\"og:image:width\" content=\"1600\" \/>\n\t<meta property=\"og:image:height\" content=\"828\" \/>\n\t<meta property=\"og:image:type\" content=\"image\/jpeg\" \/>\n<meta name=\"author\" content=\"adunir\" \/>\n<meta name=\"twitter:card\" content=\"summary_large_image\" \/>\n<meta name=\"twitter:label1\" content=\"Escrito por\" \/>\n\t<meta name=\"twitter:data1\" content=\"adunir\" \/>\n\t<meta name=\"twitter:label2\" content=\"Est. tempo de leitura\" \/>\n\t<meta name=\"twitter:data2\" content=\"1 minuto\" \/>\n<script type=\"application\/ld+json\" class=\"yoast-schema-graph\">{\"@context\":\"https:\\\/\\\/schema.org\",\"@graph\":[{\"@type\":\"Article\",\"@id\":\"https:\\\/\\\/adunir.com.br\\\/index.php\\\/2023\\\/03\\\/01\\\/mocao-de-repudio-a-reitoria-da-universidade-federal-derondonia-unir\\\/#article\",\"isPartOf\":{\"@id\":\"https:\\\/\\\/adunir.com.br\\\/index.php\\\/2023\\\/03\\\/01\\\/mocao-de-repudio-a-reitoria-da-universidade-federal-derondonia-unir\\\/\"},\"author\":{\"name\":\"adunir\",\"@id\":\"https:\\\/\\\/adunir.com.br\\\/#\\\/schema\\\/person\\\/86b4aeb6bf6cab96151fb0ac140b8c48\"},\"headline\":\"MO\u00c7\u00c3O DE REP\u00daDIO \u00c0 REITORIA DA UNIVERSIDADE FEDERAL DE ROND\u00d4NIA-UNIR\",\"datePublished\":\"2023-03-01T20:53:07+00:00\",\"dateModified\":\"2023-03-09T14:19:07+00:00\",\"mainEntityOfPage\":{\"@id\":\"https:\\\/\\\/adunir.com.br\\\/index.php\\\/2023\\\/03\\\/01\\\/mocao-de-repudio-a-reitoria-da-universidade-federal-derondonia-unir\\\/\"},\"wordCount\":112,\"publisher\":{\"@id\":\"https:\\\/\\\/adunir.com.br\\\/#organization\"},\"image\":{\"@id\":\"https:\\\/\\\/adunir.com.br\\\/index.php\\\/2023\\\/03\\\/01\\\/mocao-de-repudio-a-reitoria-da-universidade-federal-derondonia-unir\\\/#primaryimage\"},\"thumbnailUrl\":\"https:\\\/\\\/adunir.com.br\\\/wp-content\\\/uploads\\\/2023\\\/03\\\/plenaria-de-abertura-Foto_Nattercia_Damasceno--e1677847483770.jpg\",\"articleSection\":[\"Not\u00edcias\"],\"inLanguage\":\"pt-BR\"},{\"@type\":\"WebPage\",\"@id\":\"https:\\\/\\\/adunir.com.br\\\/index.php\\\/2023\\\/03\\\/01\\\/mocao-de-repudio-a-reitoria-da-universidade-federal-derondonia-unir\\\/\",\"url\":\"https:\\\/\\\/adunir.com.br\\\/index.php\\\/2023\\\/03\\\/01\\\/mocao-de-repudio-a-reitoria-da-universidade-federal-derondonia-unir\\\/\",\"name\":\"MO\u00c7\u00c3O DE REP\u00daDIO \u00c0 REITORIA DA UNIVERSIDADE FEDERAL DE ROND\u00d4NIA-UNIR - ADUNIR\",\"isPartOf\":{\"@id\":\"https:\\\/\\\/adunir.com.br\\\/#website\"},\"primaryImageOfPage\":{\"@id\":\"https:\\\/\\\/adunir.com.br\\\/index.php\\\/2023\\\/03\\\/01\\\/mocao-de-repudio-a-reitoria-da-universidade-federal-derondonia-unir\\\/#primaryimage\"},\"image\":{\"@id\":\"https:\\\/\\\/adunir.com.br\\\/index.php\\\/2023\\\/03\\\/01\\\/mocao-de-repudio-a-reitoria-da-universidade-federal-derondonia-unir\\\/#primaryimage\"},\"thumbnailUrl\":\"https:\\\/\\\/adunir.com.br\\\/wp-content\\\/uploads\\\/2023\\\/03\\\/plenaria-de-abertura-Foto_Nattercia_Damasceno--e1677847483770.jpg\",\"datePublished\":\"2023-03-01T20:53:07+00:00\",\"dateModified\":\"2023-03-09T14:19:07+00:00\",\"breadcrumb\":{\"@id\":\"https:\\\/\\\/adunir.com.br\\\/index.php\\\/2023\\\/03\\\/01\\\/mocao-de-repudio-a-reitoria-da-universidade-federal-derondonia-unir\\\/#breadcrumb\"},\"inLanguage\":\"pt-BR\",\"potentialAction\":[{\"@type\":\"ReadAction\",\"target\":[\"https:\\\/\\\/adunir.com.br\\\/index.php\\\/2023\\\/03\\\/01\\\/mocao-de-repudio-a-reitoria-da-universidade-federal-derondonia-unir\\\/\"]}]},{\"@type\":\"ImageObject\",\"inLanguage\":\"pt-BR\",\"@id\":\"https:\\\/\\\/adunir.com.br\\\/index.php\\\/2023\\\/03\\\/01\\\/mocao-de-repudio-a-reitoria-da-universidade-federal-derondonia-unir\\\/#primaryimage\",\"url\":\"https:\\\/\\\/adunir.com.br\\\/wp-content\\\/uploads\\\/2023\\\/03\\\/plenaria-de-abertura-Foto_Nattercia_Damasceno--e1677847483770.jpg\",\"contentUrl\":\"https:\\\/\\\/adunir.com.br\\\/wp-content\\\/uploads\\\/2023\\\/03\\\/plenaria-de-abertura-Foto_Nattercia_Damasceno--e1677847483770.jpg\",\"width\":1600,\"height\":828},{\"@type\":\"BreadcrumbList\",\"@id\":\"https:\\\/\\\/adunir.com.br\\\/index.php\\\/2023\\\/03\\\/01\\\/mocao-de-repudio-a-reitoria-da-universidade-federal-derondonia-unir\\\/#breadcrumb\",\"itemListElement\":[{\"@type\":\"ListItem\",\"position\":1,\"name\":\"In\u00edcio\",\"item\":\"https:\\\/\\\/adunir.com.br\\\/\"},{\"@type\":\"ListItem\",\"position\":2,\"name\":\"MO\u00c7\u00c3O DE REP\u00daDIO \u00c0 REITORIA DA UNIVERSIDADE FEDERAL DEROND\u00d4NIA-UNIR\"}]},{\"@type\":\"WebSite\",\"@id\":\"https:\\\/\\\/adunir.com.br\\\/#website\",\"url\":\"https:\\\/\\\/adunir.com.br\\\/\",\"name\":\"ADUNIR\",\"description\":\"Associa\u00e7\u00e3o dos Docentes da Universidade Federal de Rond\u00f4nia - Se\u00e7\u00e3o Sindical\",\"publisher\":{\"@id\":\"https:\\\/\\\/adunir.com.br\\\/#organization\"},\"potentialAction\":[{\"@type\":\"SearchAction\",\"target\":{\"@type\":\"EntryPoint\",\"urlTemplate\":\"https:\\\/\\\/adunir.com.br\\\/?s={search_term_string}\"},\"query-input\":{\"@type\":\"PropertyValueSpecification\",\"valueRequired\":true,\"valueName\":\"search_term_string\"}}],\"inLanguage\":\"pt-BR\"},{\"@type\":\"Organization\",\"@id\":\"https:\\\/\\\/adunir.com.br\\\/#organization\",\"name\":\"Associa\u00e7\u00e3o dos Docentes da Universidade Federal de Rond\u00f4nia - ADUNIR\",\"url\":\"https:\\\/\\\/adunir.com.br\\\/\",\"logo\":{\"@type\":\"ImageObject\",\"inLanguage\":\"pt-BR\",\"@id\":\"https:\\\/\\\/adunir.com.br\\\/#\\\/schema\\\/logo\\\/image\\\/\",\"url\":\"https:\\\/\\\/adunir.com.br\\\/wp-content\\\/uploads\\\/2023\\\/12\\\/cropped-logo_adunir.png\",\"contentUrl\":\"https:\\\/\\\/adunir.com.br\\\/wp-content\\\/uploads\\\/2023\\\/12\\\/cropped-logo_adunir.png\",\"width\":982,\"height\":102,\"caption\":\"Associa\u00e7\u00e3o dos Docentes da Universidade Federal de Rond\u00f4nia - ADUNIR\"},\"image\":{\"@id\":\"https:\\\/\\\/adunir.com.br\\\/#\\\/schema\\\/logo\\\/image\\\/\"},\"sameAs\":[\"https:\\\/\\\/www.facebook.com\\\/adunirsecaosindical.andes\\\/\"]},{\"@type\":\"Person\",\"@id\":\"https:\\\/\\\/adunir.com.br\\\/#\\\/schema\\\/person\\\/86b4aeb6bf6cab96151fb0ac140b8c48\",\"name\":\"adunir\",\"sameAs\":[\"http:\\\/\\\/localhost\\\/wordpress\"],\"url\":\"https:\\\/\\\/adunir.com.br\\\/index.php\\\/author\\\/adunir\\\/\"}]}<\/script>\n<!-- \/ Yoast SEO plugin. -->","yoast_head_json":{"title":"MO\u00c7\u00c3O DE REP\u00daDIO \u00c0 REITORIA DA UNIVERSIDADE FEDERAL DEROND\u00d4NIA-UNIR - ADUNIR","robots":{"index":"index","follow":"follow","max-snippet":"max-snippet:-1","max-image-preview":"max-image-preview:large","max-video-preview":"max-video-preview:-1"},"canonical":"https:\/\/adunir.com.br\/index.php\/2023\/03\/01\/mocao-de-repudio-a-reitoria-da-universidade-federal-derondonia-unir\/","og_locale":"pt_BR","og_type":"article","og_title":"MO\u00c7\u00c3O DE REP\u00daDIO \u00c0 REITORIA DA UNIVERSIDADE FEDERAL DEROND\u00d4NIA-UNIR - ADUNIR","og_description":"Os delegados e as delegadas ao 41\u00ba CONGRESSO do ANDESSINDICATO NACIONAL, realizado em Rio Branco (AC), no per\u00edodo de 6 a 10 defevereiro de 2023, manifestam veemente rep\u00fadio \u00e0 Reitoria da UNIR por descumprir a legisla\u00e7\u00e3o, anulando e retirando direitos acad\u00eamicos e financeiros dos docentes daUNIR em suas progress\u00f5es funcionais e declaram apoio \u00e0 luta [&hellip;]","og_url":"https:\/\/adunir.com.br\/index.php\/2023\/03\/01\/mocao-de-repudio-a-reitoria-da-universidade-federal-derondonia-unir\/","og_site_name":"ADUNIR","article_publisher":"https:\/\/www.facebook.com\/adunirsecaosindical.andes\/","article_published_time":"2023-03-01T20:53:07+00:00","article_modified_time":"2023-03-09T14:19:07+00:00","og_image":[{"width":1600,"height":828,"url":"https:\/\/adunir.com.br\/wp-content\/uploads\/2023\/03\/plenaria-de-abertura-Foto_Nattercia_Damasceno--e1677847483770.jpg","type":"image\/jpeg"}],"author":"adunir","twitter_card":"summary_large_image","twitter_misc":{"Escrito por":"adunir","Est. tempo de leitura":"1 minuto"},"schema":{"@context":"https:\/\/schema.org","@graph":[{"@type":"Article","@id":"https:\/\/adunir.com.br\/index.php\/2023\/03\/01\/mocao-de-repudio-a-reitoria-da-universidade-federal-derondonia-unir\/#article","isPartOf":{"@id":"https:\/\/adunir.com.br\/index.php\/2023\/03\/01\/mocao-de-repudio-a-reitoria-da-universidade-federal-derondonia-unir\/"},"author":{"name":"adunir","@id":"https:\/\/adunir.com.br\/#\/schema\/person\/86b4aeb6bf6cab96151fb0ac140b8c48"},"headline":"MO\u00c7\u00c3O DE REP\u00daDIO \u00c0 REITORIA DA UNIVERSIDADE FEDERAL DE ROND\u00d4NIA-UNIR","datePublished":"2023-03-01T20:53:07+00:00","dateModified":"2023-03-09T14:19:07+00:00","mainEntityOfPage":{"@id":"https:\/\/adunir.com.br\/index.php\/2023\/03\/01\/mocao-de-repudio-a-reitoria-da-universidade-federal-derondonia-unir\/"},"wordCount":112,"publisher":{"@id":"https:\/\/adunir.com.br\/#organization"},"image":{"@id":"https:\/\/adunir.com.br\/index.php\/2023\/03\/01\/mocao-de-repudio-a-reitoria-da-universidade-federal-derondonia-unir\/#primaryimage"},"thumbnailUrl":"https:\/\/adunir.com.br\/wp-content\/uploads\/2023\/03\/plenaria-de-abertura-Foto_Nattercia_Damasceno--e1677847483770.jpg","articleSection":["Not\u00edcias"],"inLanguage":"pt-BR"},{"@type":"WebPage","@id":"https:\/\/adunir.com.br\/index.php\/2023\/03\/01\/mocao-de-repudio-a-reitoria-da-universidade-federal-derondonia-unir\/","url":"https:\/\/adunir.com.br\/index.php\/2023\/03\/01\/mocao-de-repudio-a-reitoria-da-universidade-federal-derondonia-unir\/","name":"MO\u00c7\u00c3O DE REP\u00daDIO \u00c0 REITORIA DA UNIVERSIDADE FEDERAL DE ROND\u00d4NIA-UNIR - ADUNIR","isPartOf":{"@id":"https:\/\/adunir.com.br\/#website"},"primaryImageOfPage":{"@id":"https:\/\/adunir.com.br\/index.php\/2023\/03\/01\/mocao-de-repudio-a-reitoria-da-universidade-federal-derondonia-unir\/#primaryimage"},"image":{"@id":"https:\/\/adunir.com.br\/index.php\/2023\/03\/01\/mocao-de-repudio-a-reitoria-da-universidade-federal-derondonia-unir\/#primaryimage"},"thumbnailUrl":"https:\/\/adunir.com.br\/wp-content\/uploads\/2023\/03\/plenaria-de-abertura-Foto_Nattercia_Damasceno--e1677847483770.jpg","datePublished":"2023-03-01T20:53:07+00:00","dateModified":"2023-03-09T14:19:07+00:00","breadcrumb":{"@id":"https:\/\/adunir.com.br\/index.php\/2023\/03\/01\/mocao-de-repudio-a-reitoria-da-universidade-federal-derondonia-unir\/#breadcrumb"},"inLanguage":"pt-BR","potentialAction":[{"@type":"ReadAction","target":["https:\/\/adunir.com.br\/index.php\/2023\/03\/01\/mocao-de-repudio-a-reitoria-da-universidade-federal-derondonia-unir\/"]}]},{"@type":"ImageObject","inLanguage":"pt-BR","@id":"https:\/\/adunir.com.br\/index.php\/2023\/03\/01\/mocao-de-repudio-a-reitoria-da-universidade-federal-derondonia-unir\/#primaryimage","url":"https:\/\/adunir.com.br\/wp-content\/uploads\/2023\/03\/plenaria-de-abertura-Foto_Nattercia_Damasceno--e1677847483770.jpg","contentUrl":"https:\/\/adunir.com.br\/wp-content\/uploads\/2023\/03\/plenaria-de-abertura-Foto_Nattercia_Damasceno--e1677847483770.jpg","width":1600,"height":828},{"@type":"BreadcrumbList","@id":"https:\/\/adunir.com.br\/index.php\/2023\/03\/01\/mocao-de-repudio-a-reitoria-da-universidade-federal-derondonia-unir\/#breadcrumb","itemListElement":[{"@type":"ListItem","position":1,"name":"In\u00edcio","item":"https:\/\/adunir.com.br\/"},{"@type":"ListItem","position":2,"name":"MO\u00c7\u00c3O DE REP\u00daDIO \u00c0 REITORIA DA UNIVERSIDADE FEDERAL DEROND\u00d4NIA-UNIR"}]},{"@type":"WebSite","@id":"https:\/\/adunir.com.br\/#website","url":"https:\/\/adunir.com.br\/","name":"ADUNIR","description":"Associa\u00e7\u00e3o dos Docentes da Universidade Federal de Rond\u00f4nia - Se\u00e7\u00e3o Sindical","publisher":{"@id":"https:\/\/adunir.com.br\/#organization"},"potentialAction":[{"@type":"SearchAction","target":{"@type":"EntryPoint","urlTemplate":"https:\/\/adunir.com.br\/?s={search_term_string}"},"query-input":{"@type":"PropertyValueSpecification","valueRequired":true,"valueName":"search_term_string"}}],"inLanguage":"pt-BR"},{"@type":"Organization","@id":"https:\/\/adunir.com.br\/#organization","name":"Associa\u00e7\u00e3o dos Docentes da Universidade Federal de Rond\u00f4nia - ADUNIR","url":"https:\/\/adunir.com.br\/","logo":{"@type":"ImageObject","inLanguage":"pt-BR","@id":"https:\/\/adunir.com.br\/#\/schema\/logo\/image\/","url":"https:\/\/adunir.com.br\/wp-content\/uploads\/2023\/12\/cropped-logo_adunir.png","contentUrl":"https:\/\/adunir.com.br\/wp-content\/uploads\/2023\/12\/cropped-logo_adunir.png","width":982,"height":102,"caption":"Associa\u00e7\u00e3o dos Docentes da Universidade Federal de Rond\u00f4nia - ADUNIR"},"image":{"@id":"https:\/\/adunir.com.br\/#\/schema\/logo\/image\/"},"sameAs":["https:\/\/www.facebook.com\/adunirsecaosindical.andes\/"]},{"@type":"Person","@id":"https:\/\/adunir.com.br\/#\/schema\/person\/86b4aeb6bf6cab96151fb0ac140b8c48","name":"adunir","sameAs":["http:\/\/localhost\/wordpress"],"url":"https:\/\/adunir.com.br\/index.php\/author\/adunir\/"}]}},"uagb_featured_image_src":{"full":["https:\/\/adunir.com.br\/wp-content\/uploads\/2023\/03\/plenaria-de-abertura-Foto_Nattercia_Damasceno--e1677847483770.jpg",1600,828,false],"thumbnail":["https:\/\/adunir.com.br\/wp-content\/uploads\/2023\/03\/plenaria-de-abertura-Foto_Nattercia_Damasceno--e1677847483770-150x150.jpg",150,150,true],"medium":["https:\/\/adunir.com.br\/wp-content\/uploads\/2023\/03\/plenaria-de-abertura-Foto_Nattercia_Damasceno--e1677847483770-300x155.jpg",300,155,true],"medium_large":["https:\/\/adunir.com.br\/wp-content\/uploads\/2023\/03\/plenaria-de-abertura-Foto_Nattercia_Damasceno--e1677847483770-768x397.jpg",768,397,true],"large":["https:\/\/adunir.com.br\/wp-content\/uploads\/2023\/03\/plenaria-de-abertura-Foto_Nattercia_Damasceno--e1677847483770-1024x530.jpg",1024,530,true],"1536x1536":["https:\/\/adunir.com.br\/wp-content\/uploads\/2023\/03\/plenaria-de-abertura-Foto_Nattercia_Damasceno--e1677847483770-1536x795.jpg",1536,795,true],"2048x2048":["https:\/\/adunir.com.br\/wp-content\/uploads\/2023\/03\/plenaria-de-abertura-Foto_Nattercia_Damasceno--e1677847483770.jpg",1600,828,false]},"uagb_author_info":{"display_name":"adunir","author_link":"https:\/\/adunir.com.br\/index.php\/author\/adunir\/"},"uagb_comment_info":0,"uagb_excerpt":"Os delegados e as delegadas ao 41\u00ba CONGRESSO do ANDESSINDICATO NACIONAL, realizado em Rio Branco (AC), no per\u00edodo de 6 a 10 defevereiro de 2023, manifestam veemente rep\u00fadio \u00e0 Reitoria da UNIR por descumprir a legisla\u00e7\u00e3o, anulando e retirando direitos acad\u00eamicos e financeiros dos docentes daUNIR em suas progress\u00f5es funcionais e declaram apoio \u00e0 luta&hellip;","_links":{"self":[{"href":"https:\/\/adunir.com.br\/index.php\/wp-json\/wp\/v2\/posts\/1701","targetHints":{"allow":["GET"]}}],"collection":[{"href":"https:\/\/adunir.com.br\/index.php\/wp-json\/wp\/v2\/posts"}],"about":[{"href":"https:\/\/adunir.com.br\/index.php\/wp-json\/wp\/v2\/types\/post"}],"author":[{"embeddable":true,"href":"https:\/\/adunir.com.br\/index.php\/wp-json\/wp\/v2\/users\/1"}],"replies":[{"embeddable":true,"href":"https:\/\/adunir.com.br\/index.php\/wp-json\/wp\/v2\/comments?post=1701"}],"version-history":[{"count":3,"href":"https:\/\/adunir.com.br\/index.php\/wp-json\/wp\/v2\/posts\/1701\/revisions"}],"predecessor-version":[{"id":1757,"href":"https:\/\/adunir.com.br\/index.php\/wp-json\/wp\/v2\/posts\/1701\/revisions\/1757"}],"wp:featuredmedia":[{"embeddable":true,"href":"https:\/\/adunir.com.br\/index.php\/wp-json\/wp\/v2\/media\/1707"}],"wp:attachment":[{"href":"https:\/\/adunir.com.br\/index.php\/wp-json\/wp\/v2\/media?parent=1701"}],"wp:term":[{"taxonomy":"category","embeddable":true,"href":"https:\/\/adunir.com.br\/index.php\/wp-json\/wp\/v2\/categories?post=1701"},{"taxonomy":"post_tag","embeddable":true,"href":"https:\/\/adunir.com.br\/index.php\/wp-json\/wp\/v2\/tags?post=1701"}],"curies":[{"name":"wp","href":"https:\/\/api.w.org\/{rel}","templated":true}]}}