{"id":1714,"date":"2023-03-08T08:20:06","date_gmt":"2023-03-08T12:20:06","guid":{"rendered":"https:\/\/adunir.com.br\/?p=1714"},"modified":"2023-03-09T15:34:16","modified_gmt":"2023-03-09T19:34:16","slug":"andes-sn-doa-r200-mil-para-o-socorro-emergencial-de-indigenas-yanomamis-em-roraima","status":"publish","type":"post","link":"https:\/\/adunir.com.br\/index.php\/2023\/03\/08\/andes-sn-doa-r200-mil-para-o-socorro-emergencial-de-indigenas-yanomamis-em-roraima\/","title":{"rendered":"ANDES-SN doa R$200 mil para o socorro emergencial de ind\u00edgenas Yanomamis em Roraima"},"content":{"rendered":"\n<p>Em defesa dos povos origin\u00e1rios do Brasil, o ANDES-SN realizou a doa\u00e7\u00e3o de R$ 200 mil para a Hutukara Associa\u00e7\u00e3o Yanomami (HAY), em socorro emergencial ao povo Yanomami, na cidade de Boa Vista (RR), na segunda-feira (6). A comitiva do ANDES-SN tamb\u00e9m participou de reuni\u00e3o com entidades de prote\u00e7\u00e3o aos(\u00e0s) ind\u00edgenas. A atividade cumpre delibera\u00e7\u00e3o do 41\u00ba Congresso do Sindicato Nacional, ocorrido em fevereiro, em Rio Branco (AC).<\/p>\n\n\n\n<!--more-->\n\n\n\n<figure class=\"wp-block-image size-large\"><img loading=\"lazy\" decoding=\"async\" width=\"1024\" height=\"768\" src=\"https:\/\/adunir.com.br\/wp-content\/uploads\/2023\/03\/IMG-20230306-WA0106-1-1024x768.jpg\" alt=\"\" class=\"wp-image-1719\" srcset=\"https:\/\/adunir.com.br\/wp-content\/uploads\/2023\/03\/IMG-20230306-WA0106-1-1024x768.jpg 1024w, https:\/\/adunir.com.br\/wp-content\/uploads\/2023\/03\/IMG-20230306-WA0106-1-300x225.jpg 300w, https:\/\/adunir.com.br\/wp-content\/uploads\/2023\/03\/IMG-20230306-WA0106-1-768x576.jpg 768w, https:\/\/adunir.com.br\/wp-content\/uploads\/2023\/03\/IMG-20230306-WA0106-1-1536x1152.jpg 1536w, https:\/\/adunir.com.br\/wp-content\/uploads\/2023\/03\/IMG-20230306-WA0106-1.jpg 1600w\" sizes=\"auto, (max-width: 1024px) 100vw, 1024px\" \/><\/figure>\n\n\n\n<figure class=\"wp-block-image size-large\"><img loading=\"lazy\" decoding=\"async\" width=\"1024\" height=\"768\" src=\"https:\/\/adunir.com.br\/wp-content\/uploads\/2023\/03\/IMG-20230306-WA0105-1-1024x768.jpg\" alt=\"\" class=\"wp-image-1720\" srcset=\"https:\/\/adunir.com.br\/wp-content\/uploads\/2023\/03\/IMG-20230306-WA0105-1-1024x768.jpg 1024w, https:\/\/adunir.com.br\/wp-content\/uploads\/2023\/03\/IMG-20230306-WA0105-1-300x225.jpg 300w, https:\/\/adunir.com.br\/wp-content\/uploads\/2023\/03\/IMG-20230306-WA0105-1-768x576.jpg 768w, https:\/\/adunir.com.br\/wp-content\/uploads\/2023\/03\/IMG-20230306-WA0105-1-1536x1152.jpg 1536w, https:\/\/adunir.com.br\/wp-content\/uploads\/2023\/03\/IMG-20230306-WA0105-1.jpg 1600w\" sizes=\"auto, (max-width: 1024px) 100vw, 1024px\" \/><\/figure>\n","protected":false},"excerpt":{"rendered":"<p>Em defesa dos povos origin\u00e1rios do Brasil, o ANDES-SN realizou a doa\u00e7\u00e3o de R$ 200 mil para a Hutukara Associa\u00e7\u00e3o Yanomami (HAY), em socorro emergencial ao povo Yanomami, na cidade de Boa Vista (RR), na segunda-feira (6). A comitiva do ANDES-SN tamb\u00e9m participou de reuni\u00e3o com entidades de prote\u00e7\u00e3o aos(\u00e0s) ind\u00edgenas. A atividade cumpre delibera\u00e7\u00e3o [&hellip;]<\/p>\n","protected":false},"author":1,"featured_media":1721,"comment_status":"closed","ping_status":"open","sticky":false,"template":"","format":"standard","meta":{"_uag_custom_page_level_css":"","footnotes":""},"categories":[34,5],"tags":[],"class_list":["post-1714","post","type-post","status-publish","format-standard","has-post-thumbnail","hentry","category-andes-sn","category-noticias"],"yoast_head":"<!-- This site is optimized with the Yoast SEO plugin v27.5 - https:\/\/yoast.com\/product\/yoast-seo-wordpress\/ -->\n<title>ANDES-SN doa R$200 mil para o socorro emergencial de ind\u00edgenas Yanomamis em Roraima - ADUNIR<\/title>\n<meta name=\"robots\" content=\"index, follow, max-snippet:-1, max-image-preview:large, max-video-preview:-1\" \/>\n<link rel=\"canonical\" href=\"https:\/\/adunir.com.br\/index.php\/2023\/03\/08\/andes-sn-doa-r200-mil-para-o-socorro-emergencial-de-indigenas-yanomamis-em-roraima\/\" \/>\n<meta property=\"og:locale\" content=\"pt_BR\" \/>\n<meta property=\"og:type\" content=\"article\" \/>\n<meta property=\"og:title\" content=\"ANDES-SN doa R$200 mil para o socorro emergencial de ind\u00edgenas Yanomamis em Roraima - ADUNIR\" \/>\n<meta property=\"og:description\" content=\"Em defesa dos povos origin\u00e1rios do Brasil, o ANDES-SN realizou a doa\u00e7\u00e3o de R$ 200 mil para a Hutukara Associa\u00e7\u00e3o Yanomami (HAY), em socorro emergencial ao povo Yanomami, na cidade de Boa Vista (RR), na segunda-feira (6). A comitiva do ANDES-SN tamb\u00e9m participou de reuni\u00e3o com entidades de prote\u00e7\u00e3o aos(\u00e0s) ind\u00edgenas. A atividade cumpre delibera\u00e7\u00e3o [&hellip;]\" \/>\n<meta property=\"og:url\" content=\"https:\/\/adunir.com.br\/index.php\/2023\/03\/08\/andes-sn-doa-r200-mil-para-o-socorro-emergencial-de-indigenas-yanomamis-em-roraima\/\" \/>\n<meta property=\"og:site_name\" content=\"ADUNIR\" \/>\n<meta property=\"article:publisher\" content=\"https:\/\/www.facebook.com\/adunirsecaosindical.andes\/\" \/>\n<meta property=\"article:published_time\" content=\"2023-03-08T12:20:06+00:00\" \/>\n<meta property=\"article:modified_time\" content=\"2023-03-09T19:34:16+00:00\" \/>\n<meta property=\"og:image\" content=\"https:\/\/adunir.com.br\/wp-content\/uploads\/2023\/03\/IMG-20230306-WA01062.jpg\" \/>\n\t<meta property=\"og:image:width\" content=\"1344\" \/>\n\t<meta property=\"og:image:height\" content=\"641\" \/>\n\t<meta property=\"og:image:type\" content=\"image\/jpeg\" \/>\n<meta name=\"author\" content=\"adunir\" \/>\n<meta name=\"twitter:card\" content=\"summary_large_image\" \/>\n<meta name=\"twitter:label1\" content=\"Escrito por\" \/>\n\t<meta name=\"twitter:data1\" content=\"adunir\" \/>\n<script type=\"application\/ld+json\" class=\"yoast-schema-graph\">{\"@context\":\"https:\\\/\\\/schema.org\",\"@graph\":[{\"@type\":\"Article\",\"@id\":\"https:\\\/\\\/adunir.com.br\\\/index.php\\\/2023\\\/03\\\/08\\\/andes-sn-doa-r200-mil-para-o-socorro-emergencial-de-indigenas-yanomamis-em-roraima\\\/#article\",\"isPartOf\":{\"@id\":\"https:\\\/\\\/adunir.com.br\\\/index.php\\\/2023\\\/03\\\/08\\\/andes-sn-doa-r200-mil-para-o-socorro-emergencial-de-indigenas-yanomamis-em-roraima\\\/\"},\"author\":{\"name\":\"adunir\",\"@id\":\"https:\\\/\\\/adunir.com.br\\\/#\\\/schema\\\/person\\\/86b4aeb6bf6cab96151fb0ac140b8c48\"},\"headline\":\"ANDES-SN doa R$200 mil para o socorro emergencial de ind\u00edgenas Yanomamis em Roraima\",\"datePublished\":\"2023-03-08T12:20:06+00:00\",\"dateModified\":\"2023-03-09T19:34:16+00:00\",\"mainEntityOfPage\":{\"@id\":\"https:\\\/\\\/adunir.com.br\\\/index.php\\\/2023\\\/03\\\/08\\\/andes-sn-doa-r200-mil-para-o-socorro-emergencial-de-indigenas-yanomamis-em-roraima\\\/\"},\"wordCount\":88,\"publisher\":{\"@id\":\"https:\\\/\\\/adunir.com.br\\\/#organization\"},\"image\":{\"@id\":\"https:\\\/\\\/adunir.com.br\\\/index.php\\\/2023\\\/03\\\/08\\\/andes-sn-doa-r200-mil-para-o-socorro-emergencial-de-indigenas-yanomamis-em-roraima\\\/#primaryimage\"},\"thumbnailUrl\":\"https:\\\/\\\/adunir.com.br\\\/wp-content\\\/uploads\\\/2023\\\/03\\\/IMG-20230306-WA01062.jpg\",\"articleSection\":[\"ANDES-SN\",\"Not\u00edcias\"],\"inLanguage\":\"pt-BR\"},{\"@type\":\"WebPage\",\"@id\":\"https:\\\/\\\/adunir.com.br\\\/index.php\\\/2023\\\/03\\\/08\\\/andes-sn-doa-r200-mil-para-o-socorro-emergencial-de-indigenas-yanomamis-em-roraima\\\/\",\"url\":\"https:\\\/\\\/adunir.com.br\\\/index.php\\\/2023\\\/03\\\/08\\\/andes-sn-doa-r200-mil-para-o-socorro-emergencial-de-indigenas-yanomamis-em-roraima\\\/\",\"name\":\"ANDES-SN doa R$200 mil para o socorro emergencial de ind\u00edgenas Yanomamis em Roraima - ADUNIR\",\"isPartOf\":{\"@id\":\"https:\\\/\\\/adunir.com.br\\\/#website\"},\"primaryImageOfPage\":{\"@id\":\"https:\\\/\\\/adunir.com.br\\\/index.php\\\/2023\\\/03\\\/08\\\/andes-sn-doa-r200-mil-para-o-socorro-emergencial-de-indigenas-yanomamis-em-roraima\\\/#primaryimage\"},\"image\":{\"@id\":\"https:\\\/\\\/adunir.com.br\\\/index.php\\\/2023\\\/03\\\/08\\\/andes-sn-doa-r200-mil-para-o-socorro-emergencial-de-indigenas-yanomamis-em-roraima\\\/#primaryimage\"},\"thumbnailUrl\":\"https:\\\/\\\/adunir.com.br\\\/wp-content\\\/uploads\\\/2023\\\/03\\\/IMG-20230306-WA01062.jpg\",\"datePublished\":\"2023-03-08T12:20:06+00:00\",\"dateModified\":\"2023-03-09T19:34:16+00:00\",\"breadcrumb\":{\"@id\":\"https:\\\/\\\/adunir.com.br\\\/index.php\\\/2023\\\/03\\\/08\\\/andes-sn-doa-r200-mil-para-o-socorro-emergencial-de-indigenas-yanomamis-em-roraima\\\/#breadcrumb\"},\"inLanguage\":\"pt-BR\",\"potentialAction\":[{\"@type\":\"ReadAction\",\"target\":[\"https:\\\/\\\/adunir.com.br\\\/index.php\\\/2023\\\/03\\\/08\\\/andes-sn-doa-r200-mil-para-o-socorro-emergencial-de-indigenas-yanomamis-em-roraima\\\/\"]}]},{\"@type\":\"ImageObject\",\"inLanguage\":\"pt-BR\",\"@id\":\"https:\\\/\\\/adunir.com.br\\\/index.php\\\/2023\\\/03\\\/08\\\/andes-sn-doa-r200-mil-para-o-socorro-emergencial-de-indigenas-yanomamis-em-roraima\\\/#primaryimage\",\"url\":\"https:\\\/\\\/adunir.com.br\\\/wp-content\\\/uploads\\\/2023\\\/03\\\/IMG-20230306-WA01062.jpg\",\"contentUrl\":\"https:\\\/\\\/adunir.com.br\\\/wp-content\\\/uploads\\\/2023\\\/03\\\/IMG-20230306-WA01062.jpg\",\"width\":1344,\"height\":641},{\"@type\":\"BreadcrumbList\",\"@id\":\"https:\\\/\\\/adunir.com.br\\\/index.php\\\/2023\\\/03\\\/08\\\/andes-sn-doa-r200-mil-para-o-socorro-emergencial-de-indigenas-yanomamis-em-roraima\\\/#breadcrumb\",\"itemListElement\":[{\"@type\":\"ListItem\",\"position\":1,\"name\":\"In\u00edcio\",\"item\":\"https:\\\/\\\/adunir.com.br\\\/\"},{\"@type\":\"ListItem\",\"position\":2,\"name\":\"ANDES-SN doa R$200 mil para o socorro emergencial de ind\u00edgenas Yanomamis em Roraima\"}]},{\"@type\":\"WebSite\",\"@id\":\"https:\\\/\\\/adunir.com.br\\\/#website\",\"url\":\"https:\\\/\\\/adunir.com.br\\\/\",\"name\":\"ADUNIR\",\"description\":\"Associa\u00e7\u00e3o dos Docentes da Universidade Federal de Rond\u00f4nia - Se\u00e7\u00e3o Sindical\",\"publisher\":{\"@id\":\"https:\\\/\\\/adunir.com.br\\\/#organization\"},\"potentialAction\":[{\"@type\":\"SearchAction\",\"target\":{\"@type\":\"EntryPoint\",\"urlTemplate\":\"https:\\\/\\\/adunir.com.br\\\/?s={search_term_string}\"},\"query-input\":{\"@type\":\"PropertyValueSpecification\",\"valueRequired\":true,\"valueName\":\"search_term_string\"}}],\"inLanguage\":\"pt-BR\"},{\"@type\":\"Organization\",\"@id\":\"https:\\\/\\\/adunir.com.br\\\/#organization\",\"name\":\"Associa\u00e7\u00e3o dos Docentes da Universidade Federal de Rond\u00f4nia - ADUNIR\",\"url\":\"https:\\\/\\\/adunir.com.br\\\/\",\"logo\":{\"@type\":\"ImageObject\",\"inLanguage\":\"pt-BR\",\"@id\":\"https:\\\/\\\/adunir.com.br\\\/#\\\/schema\\\/logo\\\/image\\\/\",\"url\":\"https:\\\/\\\/adunir.com.br\\\/wp-content\\\/uploads\\\/2023\\\/12\\\/cropped-logo_adunir.png\",\"contentUrl\":\"https:\\\/\\\/adunir.com.br\\\/wp-content\\\/uploads\\\/2023\\\/12\\\/cropped-logo_adunir.png\",\"width\":982,\"height\":102,\"caption\":\"Associa\u00e7\u00e3o dos Docentes da Universidade Federal de Rond\u00f4nia - ADUNIR\"},\"image\":{\"@id\":\"https:\\\/\\\/adunir.com.br\\\/#\\\/schema\\\/logo\\\/image\\\/\"},\"sameAs\":[\"https:\\\/\\\/www.facebook.com\\\/adunirsecaosindical.andes\\\/\"]},{\"@type\":\"Person\",\"@id\":\"https:\\\/\\\/adunir.com.br\\\/#\\\/schema\\\/person\\\/86b4aeb6bf6cab96151fb0ac140b8c48\",\"name\":\"adunir\",\"sameAs\":[\"http:\\\/\\\/localhost\\\/wordpress\"],\"url\":\"https:\\\/\\\/adunir.com.br\\\/index.php\\\/author\\\/adunir\\\/\"}]}<\/script>\n<!-- \/ Yoast SEO plugin. -->","yoast_head_json":{"title":"ANDES-SN doa R$200 mil para o socorro emergencial de ind\u00edgenas Yanomamis em Roraima - ADUNIR","robots":{"index":"index","follow":"follow","max-snippet":"max-snippet:-1","max-image-preview":"max-image-preview:large","max-video-preview":"max-video-preview:-1"},"canonical":"https:\/\/adunir.com.br\/index.php\/2023\/03\/08\/andes-sn-doa-r200-mil-para-o-socorro-emergencial-de-indigenas-yanomamis-em-roraima\/","og_locale":"pt_BR","og_type":"article","og_title":"ANDES-SN doa R$200 mil para o socorro emergencial de ind\u00edgenas Yanomamis em Roraima - ADUNIR","og_description":"Em defesa dos povos origin\u00e1rios do Brasil, o ANDES-SN realizou a doa\u00e7\u00e3o de R$ 200 mil para a Hutukara Associa\u00e7\u00e3o Yanomami (HAY), em socorro emergencial ao povo Yanomami, na cidade de Boa Vista (RR), na segunda-feira (6). A comitiva do ANDES-SN tamb\u00e9m participou de reuni\u00e3o com entidades de prote\u00e7\u00e3o aos(\u00e0s) ind\u00edgenas. A atividade cumpre delibera\u00e7\u00e3o [&hellip;]","og_url":"https:\/\/adunir.com.br\/index.php\/2023\/03\/08\/andes-sn-doa-r200-mil-para-o-socorro-emergencial-de-indigenas-yanomamis-em-roraima\/","og_site_name":"ADUNIR","article_publisher":"https:\/\/www.facebook.com\/adunirsecaosindical.andes\/","article_published_time":"2023-03-08T12:20:06+00:00","article_modified_time":"2023-03-09T19:34:16+00:00","og_image":[{"width":1344,"height":641,"url":"https:\/\/adunir.com.br\/wp-content\/uploads\/2023\/03\/IMG-20230306-WA01062.jpg","type":"image\/jpeg"}],"author":"adunir","twitter_card":"summary_large_image","twitter_misc":{"Escrito por":"adunir"},"schema":{"@context":"https:\/\/schema.org","@graph":[{"@type":"Article","@id":"https:\/\/adunir.com.br\/index.php\/2023\/03\/08\/andes-sn-doa-r200-mil-para-o-socorro-emergencial-de-indigenas-yanomamis-em-roraima\/#article","isPartOf":{"@id":"https:\/\/adunir.com.br\/index.php\/2023\/03\/08\/andes-sn-doa-r200-mil-para-o-socorro-emergencial-de-indigenas-yanomamis-em-roraima\/"},"author":{"name":"adunir","@id":"https:\/\/adunir.com.br\/#\/schema\/person\/86b4aeb6bf6cab96151fb0ac140b8c48"},"headline":"ANDES-SN doa R$200 mil para o socorro emergencial de ind\u00edgenas Yanomamis em Roraima","datePublished":"2023-03-08T12:20:06+00:00","dateModified":"2023-03-09T19:34:16+00:00","mainEntityOfPage":{"@id":"https:\/\/adunir.com.br\/index.php\/2023\/03\/08\/andes-sn-doa-r200-mil-para-o-socorro-emergencial-de-indigenas-yanomamis-em-roraima\/"},"wordCount":88,"publisher":{"@id":"https:\/\/adunir.com.br\/#organization"},"image":{"@id":"https:\/\/adunir.com.br\/index.php\/2023\/03\/08\/andes-sn-doa-r200-mil-para-o-socorro-emergencial-de-indigenas-yanomamis-em-roraima\/#primaryimage"},"thumbnailUrl":"https:\/\/adunir.com.br\/wp-content\/uploads\/2023\/03\/IMG-20230306-WA01062.jpg","articleSection":["ANDES-SN","Not\u00edcias"],"inLanguage":"pt-BR"},{"@type":"WebPage","@id":"https:\/\/adunir.com.br\/index.php\/2023\/03\/08\/andes-sn-doa-r200-mil-para-o-socorro-emergencial-de-indigenas-yanomamis-em-roraima\/","url":"https:\/\/adunir.com.br\/index.php\/2023\/03\/08\/andes-sn-doa-r200-mil-para-o-socorro-emergencial-de-indigenas-yanomamis-em-roraima\/","name":"ANDES-SN doa R$200 mil para o socorro emergencial de ind\u00edgenas Yanomamis em Roraima - ADUNIR","isPartOf":{"@id":"https:\/\/adunir.com.br\/#website"},"primaryImageOfPage":{"@id":"https:\/\/adunir.com.br\/index.php\/2023\/03\/08\/andes-sn-doa-r200-mil-para-o-socorro-emergencial-de-indigenas-yanomamis-em-roraima\/#primaryimage"},"image":{"@id":"https:\/\/adunir.com.br\/index.php\/2023\/03\/08\/andes-sn-doa-r200-mil-para-o-socorro-emergencial-de-indigenas-yanomamis-em-roraima\/#primaryimage"},"thumbnailUrl":"https:\/\/adunir.com.br\/wp-content\/uploads\/2023\/03\/IMG-20230306-WA01062.jpg","datePublished":"2023-03-08T12:20:06+00:00","dateModified":"2023-03-09T19:34:16+00:00","breadcrumb":{"@id":"https:\/\/adunir.com.br\/index.php\/2023\/03\/08\/andes-sn-doa-r200-mil-para-o-socorro-emergencial-de-indigenas-yanomamis-em-roraima\/#breadcrumb"},"inLanguage":"pt-BR","potentialAction":[{"@type":"ReadAction","target":["https:\/\/adunir.com.br\/index.php\/2023\/03\/08\/andes-sn-doa-r200-mil-para-o-socorro-emergencial-de-indigenas-yanomamis-em-roraima\/"]}]},{"@type":"ImageObject","inLanguage":"pt-BR","@id":"https:\/\/adunir.com.br\/index.php\/2023\/03\/08\/andes-sn-doa-r200-mil-para-o-socorro-emergencial-de-indigenas-yanomamis-em-roraima\/#primaryimage","url":"https:\/\/adunir.com.br\/wp-content\/uploads\/2023\/03\/IMG-20230306-WA01062.jpg","contentUrl":"https:\/\/adunir.com.br\/wp-content\/uploads\/2023\/03\/IMG-20230306-WA01062.jpg","width":1344,"height":641},{"@type":"BreadcrumbList","@id":"https:\/\/adunir.com.br\/index.php\/2023\/03\/08\/andes-sn-doa-r200-mil-para-o-socorro-emergencial-de-indigenas-yanomamis-em-roraima\/#breadcrumb","itemListElement":[{"@type":"ListItem","position":1,"name":"In\u00edcio","item":"https:\/\/adunir.com.br\/"},{"@type":"ListItem","position":2,"name":"ANDES-SN doa R$200 mil para o socorro emergencial de ind\u00edgenas Yanomamis em Roraima"}]},{"@type":"WebSite","@id":"https:\/\/adunir.com.br\/#website","url":"https:\/\/adunir.com.br\/","name":"ADUNIR","description":"Associa\u00e7\u00e3o dos Docentes da Universidade Federal de Rond\u00f4nia - Se\u00e7\u00e3o Sindical","publisher":{"@id":"https:\/\/adunir.com.br\/#organization"},"potentialAction":[{"@type":"SearchAction","target":{"@type":"EntryPoint","urlTemplate":"https:\/\/adunir.com.br\/?s={search_term_string}"},"query-input":{"@type":"PropertyValueSpecification","valueRequired":true,"valueName":"search_term_string"}}],"inLanguage":"pt-BR"},{"@type":"Organization","@id":"https:\/\/adunir.com.br\/#organization","name":"Associa\u00e7\u00e3o dos Docentes da Universidade Federal de Rond\u00f4nia - ADUNIR","url":"https:\/\/adunir.com.br\/","logo":{"@type":"ImageObject","inLanguage":"pt-BR","@id":"https:\/\/adunir.com.br\/#\/schema\/logo\/image\/","url":"https:\/\/adunir.com.br\/wp-content\/uploads\/2023\/12\/cropped-logo_adunir.png","contentUrl":"https:\/\/adunir.com.br\/wp-content\/uploads\/2023\/12\/cropped-logo_adunir.png","width":982,"height":102,"caption":"Associa\u00e7\u00e3o dos Docentes da Universidade Federal de Rond\u00f4nia - ADUNIR"},"image":{"@id":"https:\/\/adunir.com.br\/#\/schema\/logo\/image\/"},"sameAs":["https:\/\/www.facebook.com\/adunirsecaosindical.andes\/"]},{"@type":"Person","@id":"https:\/\/adunir.com.br\/#\/schema\/person\/86b4aeb6bf6cab96151fb0ac140b8c48","name":"adunir","sameAs":["http:\/\/localhost\/wordpress"],"url":"https:\/\/adunir.com.br\/index.php\/author\/adunir\/"}]}},"uagb_featured_image_src":{"full":["https:\/\/adunir.com.br\/wp-content\/uploads\/2023\/03\/IMG-20230306-WA01062.jpg",1344,641,false],"thumbnail":["https:\/\/adunir.com.br\/wp-content\/uploads\/2023\/03\/IMG-20230306-WA01062-150x150.jpg",150,150,true],"medium":["https:\/\/adunir.com.br\/wp-content\/uploads\/2023\/03\/IMG-20230306-WA01062-300x143.jpg",300,143,true],"medium_large":["https:\/\/adunir.com.br\/wp-content\/uploads\/2023\/03\/IMG-20230306-WA01062-768x366.jpg",768,366,true],"large":["https:\/\/adunir.com.br\/wp-content\/uploads\/2023\/03\/IMG-20230306-WA01062-1024x488.jpg",1024,488,true],"1536x1536":["https:\/\/adunir.com.br\/wp-content\/uploads\/2023\/03\/IMG-20230306-WA01062.jpg",1344,641,false],"2048x2048":["https:\/\/adunir.com.br\/wp-content\/uploads\/2023\/03\/IMG-20230306-WA01062.jpg",1344,641,false]},"uagb_author_info":{"display_name":"adunir","author_link":"https:\/\/adunir.com.br\/index.php\/author\/adunir\/"},"uagb_comment_info":0,"uagb_excerpt":"Em defesa dos povos origin\u00e1rios do Brasil, o ANDES-SN realizou a doa\u00e7\u00e3o de R$ 200 mil para a Hutukara Associa\u00e7\u00e3o Yanomami (HAY), em socorro emergencial ao povo Yanomami, na cidade de Boa Vista (RR), na segunda-feira (6). A comitiva do ANDES-SN tamb\u00e9m participou de reuni\u00e3o com entidades de prote\u00e7\u00e3o aos(\u00e0s) ind\u00edgenas. A atividade cumpre delibera\u00e7\u00e3o&hellip;","_links":{"self":[{"href":"https:\/\/adunir.com.br\/index.php\/wp-json\/wp\/v2\/posts\/1714","targetHints":{"allow":["GET"]}}],"collection":[{"href":"https:\/\/adunir.com.br\/index.php\/wp-json\/wp\/v2\/posts"}],"about":[{"href":"https:\/\/adunir.com.br\/index.php\/wp-json\/wp\/v2\/types\/post"}],"author":[{"embeddable":true,"href":"https:\/\/adunir.com.br\/index.php\/wp-json\/wp\/v2\/users\/1"}],"replies":[{"embeddable":true,"href":"https:\/\/adunir.com.br\/index.php\/wp-json\/wp\/v2\/comments?post=1714"}],"version-history":[{"count":3,"href":"https:\/\/adunir.com.br\/index.php\/wp-json\/wp\/v2\/posts\/1714\/revisions"}],"predecessor-version":[{"id":1763,"href":"https:\/\/adunir.com.br\/index.php\/wp-json\/wp\/v2\/posts\/1714\/revisions\/1763"}],"wp:featuredmedia":[{"embeddable":true,"href":"https:\/\/adunir.com.br\/index.php\/wp-json\/wp\/v2\/media\/1721"}],"wp:attachment":[{"href":"https:\/\/adunir.com.br\/index.php\/wp-json\/wp\/v2\/media?parent=1714"}],"wp:term":[{"taxonomy":"category","embeddable":true,"href":"https:\/\/adunir.com.br\/index.php\/wp-json\/wp\/v2\/categories?post=1714"},{"taxonomy":"post_tag","embeddable":true,"href":"https:\/\/adunir.com.br\/index.php\/wp-json\/wp\/v2\/tags?post=1714"}],"curies":[{"name":"wp","href":"https:\/\/api.w.org\/{rel}","templated":true}]}}