{"id":2109,"date":"2023-08-01T08:03:12","date_gmt":"2023-08-01T12:03:12","guid":{"rendered":"https:\/\/adunir.com.br\/?p=2109"},"modified":"2023-08-01T08:09:31","modified_gmt":"2023-08-01T12:09:31","slug":"diretoria-solicita-urgentemente-informacoes-sobre-os-casos-de-progressoes-aos-docentes","status":"publish","type":"post","link":"https:\/\/adunir.com.br\/index.php\/2023\/08\/01\/diretoria-solicita-urgentemente-informacoes-sobre-os-casos-de-progressoes-aos-docentes\/","title":{"rendered":"Diretoria solicita urgentemente informa\u00e7\u00f5es sobre os casos de progress\u00f5es aos docentes"},"content":{"rendered":"\n<p>A ADUNIR &#8211; Associa\u00e7\u00e3o dos Docentes da UNIR \u2013 Se\u00e7\u00e3o Sindical do ANDES \u2013 Sindicato Nacional, esteve na manh\u00e3 de sexta-feira, 21 de julho, em Bras\u00edlia, em reuni\u00e3o na Secretaria de Educa\u00e7\u00e3o Superior \u2013 SESu\/MEC para discutir o problema das Progress\u00f5es e Promo\u00e7\u00f5es Funcionais dos docentes da UNIR. Os encaminhamentos dados pela Secret\u00e1ria da SESu, ao final da reuni\u00e3o, foram os seguintes: que a ADUNIR encaminhe a rela\u00e7\u00e3o de professores que tiveram suas progress\u00f5es anuladas e interst\u00edcios alterados para que seja realizado um estudo da situa\u00e7\u00e3o individual de cada um dos prejudicados com vistas a solu\u00e7\u00e3o imediata dos preju\u00edzos causados; ser\u00e3o realizadas reuni\u00f5es de trabalho na SESu envolvendo o SIPEC para deliberar sobre provid\u00eancias a serem adotadas no caso espec\u00edfico da Universidade Federal de Rond\u00f4nia, a \u00fanica universidade do pa\u00eds que praticou anula\u00e7\u00f5es e impedimentos de progress\u00f5es.<\/p>\n\n\n\n<!--more-->\n\n\n\n<p>Em raz\u00e3o desses encaminhamentos, solicitamos que cada docente prejudicado em suas progress\u00f5es funcionais, envie no e-mail adunir.andes@gmail.com as seguintes informa\u00e7\u00f5es:<br>1) um pequeno resumo de seu caso;<br>2) as Portarias que anularam as progress\u00f5es\/promo\u00e7\u00f5es e que retificaram interst\u00edcios;<br>3) Pareceres e despachos da PRAD que prejudicaram sua ascens\u00e3o na carreira causando-lhes preju\u00edzos financeiros (tanto pareceres\/despachos de anula\u00e7\u00e3o\/retifica\u00e7\u00e3o quanto relativos \u00e0 n\u00e3o aceita\u00e7\u00e3o de pedidos de progress\u00f5es e promo\u00e7\u00f5es funcionais);<br>4) Caso a PRAD tenha determinado reposi\u00e7\u00e3o ao er\u00e1rio, favor enviar tamb\u00e9m essa informa\u00e7\u00e3o;<br>5) documento em que a PRAD reconhece o erro, que extrapolou na aplica\u00e7\u00e3o de seu entendimento em rela\u00e7\u00e3o \u00e0s anula\u00e7\u00f5es e mudan\u00e7as de interst\u00edcios.<\/p>\n\n\n\n<p>Essas informa\u00e7\u00f5es devem ser enviadas impreterivelmente \u00e0 ADUNIR at\u00e9 o dia 02 de agosto de 2023. A ADUNIR garantir\u00e1 a prote\u00e7\u00e3o e sigilo das informa\u00e7\u00f5es oferecidas.<\/p>\n\n\n\n<p>Organizaremos a rela\u00e7\u00e3o com os respectivos documentos e enviaremos ao SESu\/MEC com a m\u00e1xima urg\u00eancia.<\/p>\n\n\n\n<p>A Diretoria da ADUNIR<\/p>\n","protected":false},"excerpt":{"rendered":"<p>A ADUNIR &#8211; Associa\u00e7\u00e3o dos Docentes da UNIR \u2013 Se\u00e7\u00e3o Sindical do ANDES \u2013 Sindicato Nacional, esteve na manh\u00e3 de sexta-feira, 21 de julho, em Bras\u00edlia, em reuni\u00e3o na Secretaria de Educa\u00e7\u00e3o Superior \u2013 SESu\/MEC para discutir o problema das Progress\u00f5es e Promo\u00e7\u00f5es Funcionais dos docentes da UNIR. Os encaminhamentos dados pela Secret\u00e1ria da SESu, [&hellip;]<\/p>\n","protected":false},"author":1,"featured_media":2110,"comment_status":"closed","ping_status":"open","sticky":false,"template":"","format":"standard","meta":{"_uag_custom_page_level_css":"","footnotes":""},"categories":[5],"tags":[],"class_list":["post-2109","post","type-post","status-publish","format-standard","has-post-thumbnail","hentry","category-noticias"],"yoast_head":"<!-- This site is optimized with the Yoast SEO plugin v27.5 - https:\/\/yoast.com\/product\/yoast-seo-wordpress\/ -->\n<title>Diretoria solicita urgentemente informa\u00e7\u00f5es sobre os casos de progress\u00f5es aos docentes - ADUNIR<\/title>\n<meta name=\"robots\" content=\"index, follow, max-snippet:-1, max-image-preview:large, max-video-preview:-1\" \/>\n<link rel=\"canonical\" href=\"https:\/\/adunir.com.br\/index.php\/2023\/08\/01\/diretoria-solicita-urgentemente-informacoes-sobre-os-casos-de-progressoes-aos-docentes\/\" \/>\n<meta property=\"og:locale\" content=\"pt_BR\" \/>\n<meta property=\"og:type\" content=\"article\" \/>\n<meta property=\"og:title\" content=\"Diretoria solicita urgentemente informa\u00e7\u00f5es sobre os casos de progress\u00f5es aos docentes - ADUNIR\" \/>\n<meta property=\"og:description\" content=\"A ADUNIR &#8211; Associa\u00e7\u00e3o dos Docentes da UNIR \u2013 Se\u00e7\u00e3o Sindical do ANDES \u2013 Sindicato Nacional, esteve na manh\u00e3 de sexta-feira, 21 de julho, em Bras\u00edlia, em reuni\u00e3o na Secretaria de Educa\u00e7\u00e3o Superior \u2013 SESu\/MEC para discutir o problema das Progress\u00f5es e Promo\u00e7\u00f5es Funcionais dos docentes da UNIR. Os encaminhamentos dados pela Secret\u00e1ria da SESu, [&hellip;]\" \/>\n<meta property=\"og:url\" content=\"https:\/\/adunir.com.br\/index.php\/2023\/08\/01\/diretoria-solicita-urgentemente-informacoes-sobre-os-casos-de-progressoes-aos-docentes\/\" \/>\n<meta property=\"og:site_name\" content=\"ADUNIR\" \/>\n<meta property=\"article:publisher\" content=\"https:\/\/www.facebook.com\/adunirsecaosindical.andes\/\" \/>\n<meta property=\"article:published_time\" content=\"2023-08-01T12:03:12+00:00\" \/>\n<meta property=\"article:modified_time\" content=\"2023-08-01T12:09:31+00:00\" \/>\n<meta property=\"og:image\" content=\"https:\/\/adunir.com.br\/wp-content\/uploads\/2023\/08\/WhatsApp-Image-2023-07-31-at-17.14.38.jpeg\" \/>\n\t<meta property=\"og:image:width\" content=\"1600\" \/>\n\t<meta property=\"og:image:height\" content=\"1135\" \/>\n\t<meta property=\"og:image:type\" content=\"image\/jpeg\" \/>\n<meta name=\"author\" content=\"adunir\" \/>\n<meta name=\"twitter:card\" content=\"summary_large_image\" \/>\n<meta name=\"twitter:label1\" content=\"Escrito por\" \/>\n\t<meta name=\"twitter:data1\" content=\"adunir\" \/>\n\t<meta name=\"twitter:label2\" content=\"Est. tempo de leitura\" \/>\n\t<meta name=\"twitter:data2\" content=\"2 minutos\" \/>\n<script type=\"application\/ld+json\" class=\"yoast-schema-graph\">{\"@context\":\"https:\\\/\\\/schema.org\",\"@graph\":[{\"@type\":\"Article\",\"@id\":\"https:\\\/\\\/adunir.com.br\\\/index.php\\\/2023\\\/08\\\/01\\\/diretoria-solicita-urgentemente-informacoes-sobre-os-casos-de-progressoes-aos-docentes\\\/#article\",\"isPartOf\":{\"@id\":\"https:\\\/\\\/adunir.com.br\\\/index.php\\\/2023\\\/08\\\/01\\\/diretoria-solicita-urgentemente-informacoes-sobre-os-casos-de-progressoes-aos-docentes\\\/\"},\"author\":{\"name\":\"adunir\",\"@id\":\"https:\\\/\\\/adunir.com.br\\\/#\\\/schema\\\/person\\\/86b4aeb6bf6cab96151fb0ac140b8c48\"},\"headline\":\"Diretoria solicita urgentemente informa\u00e7\u00f5es sobre os casos de progress\u00f5es aos docentes\",\"datePublished\":\"2023-08-01T12:03:12+00:00\",\"dateModified\":\"2023-08-01T12:09:31+00:00\",\"mainEntityOfPage\":{\"@id\":\"https:\\\/\\\/adunir.com.br\\\/index.php\\\/2023\\\/08\\\/01\\\/diretoria-solicita-urgentemente-informacoes-sobre-os-casos-de-progressoes-aos-docentes\\\/\"},\"wordCount\":349,\"publisher\":{\"@id\":\"https:\\\/\\\/adunir.com.br\\\/#organization\"},\"image\":{\"@id\":\"https:\\\/\\\/adunir.com.br\\\/index.php\\\/2023\\\/08\\\/01\\\/diretoria-solicita-urgentemente-informacoes-sobre-os-casos-de-progressoes-aos-docentes\\\/#primaryimage\"},\"thumbnailUrl\":\"https:\\\/\\\/adunir.com.br\\\/wp-content\\\/uploads\\\/2023\\\/08\\\/WhatsApp-Image-2023-07-31-at-17.14.38.jpeg\",\"articleSection\":[\"Not\u00edcias\"],\"inLanguage\":\"pt-BR\"},{\"@type\":\"WebPage\",\"@id\":\"https:\\\/\\\/adunir.com.br\\\/index.php\\\/2023\\\/08\\\/01\\\/diretoria-solicita-urgentemente-informacoes-sobre-os-casos-de-progressoes-aos-docentes\\\/\",\"url\":\"https:\\\/\\\/adunir.com.br\\\/index.php\\\/2023\\\/08\\\/01\\\/diretoria-solicita-urgentemente-informacoes-sobre-os-casos-de-progressoes-aos-docentes\\\/\",\"name\":\"Diretoria solicita urgentemente informa\u00e7\u00f5es sobre os casos de progress\u00f5es aos docentes - ADUNIR\",\"isPartOf\":{\"@id\":\"https:\\\/\\\/adunir.com.br\\\/#website\"},\"primaryImageOfPage\":{\"@id\":\"https:\\\/\\\/adunir.com.br\\\/index.php\\\/2023\\\/08\\\/01\\\/diretoria-solicita-urgentemente-informacoes-sobre-os-casos-de-progressoes-aos-docentes\\\/#primaryimage\"},\"image\":{\"@id\":\"https:\\\/\\\/adunir.com.br\\\/index.php\\\/2023\\\/08\\\/01\\\/diretoria-solicita-urgentemente-informacoes-sobre-os-casos-de-progressoes-aos-docentes\\\/#primaryimage\"},\"thumbnailUrl\":\"https:\\\/\\\/adunir.com.br\\\/wp-content\\\/uploads\\\/2023\\\/08\\\/WhatsApp-Image-2023-07-31-at-17.14.38.jpeg\",\"datePublished\":\"2023-08-01T12:03:12+00:00\",\"dateModified\":\"2023-08-01T12:09:31+00:00\",\"breadcrumb\":{\"@id\":\"https:\\\/\\\/adunir.com.br\\\/index.php\\\/2023\\\/08\\\/01\\\/diretoria-solicita-urgentemente-informacoes-sobre-os-casos-de-progressoes-aos-docentes\\\/#breadcrumb\"},\"inLanguage\":\"pt-BR\",\"potentialAction\":[{\"@type\":\"ReadAction\",\"target\":[\"https:\\\/\\\/adunir.com.br\\\/index.php\\\/2023\\\/08\\\/01\\\/diretoria-solicita-urgentemente-informacoes-sobre-os-casos-de-progressoes-aos-docentes\\\/\"]}]},{\"@type\":\"ImageObject\",\"inLanguage\":\"pt-BR\",\"@id\":\"https:\\\/\\\/adunir.com.br\\\/index.php\\\/2023\\\/08\\\/01\\\/diretoria-solicita-urgentemente-informacoes-sobre-os-casos-de-progressoes-aos-docentes\\\/#primaryimage\",\"url\":\"https:\\\/\\\/adunir.com.br\\\/wp-content\\\/uploads\\\/2023\\\/08\\\/WhatsApp-Image-2023-07-31-at-17.14.38.jpeg\",\"contentUrl\":\"https:\\\/\\\/adunir.com.br\\\/wp-content\\\/uploads\\\/2023\\\/08\\\/WhatsApp-Image-2023-07-31-at-17.14.38.jpeg\",\"width\":1600,\"height\":1135},{\"@type\":\"BreadcrumbList\",\"@id\":\"https:\\\/\\\/adunir.com.br\\\/index.php\\\/2023\\\/08\\\/01\\\/diretoria-solicita-urgentemente-informacoes-sobre-os-casos-de-progressoes-aos-docentes\\\/#breadcrumb\",\"itemListElement\":[{\"@type\":\"ListItem\",\"position\":1,\"name\":\"In\u00edcio\",\"item\":\"https:\\\/\\\/adunir.com.br\\\/\"},{\"@type\":\"ListItem\",\"position\":2,\"name\":\"Diretoria solicita urgentemente informa\u00e7\u00f5es sobre os casos de progress\u00f5es aos docentes\"}]},{\"@type\":\"WebSite\",\"@id\":\"https:\\\/\\\/adunir.com.br\\\/#website\",\"url\":\"https:\\\/\\\/adunir.com.br\\\/\",\"name\":\"ADUNIR\",\"description\":\"Associa\u00e7\u00e3o dos Docentes da Universidade Federal de Rond\u00f4nia - Se\u00e7\u00e3o Sindical\",\"publisher\":{\"@id\":\"https:\\\/\\\/adunir.com.br\\\/#organization\"},\"potentialAction\":[{\"@type\":\"SearchAction\",\"target\":{\"@type\":\"EntryPoint\",\"urlTemplate\":\"https:\\\/\\\/adunir.com.br\\\/?s={search_term_string}\"},\"query-input\":{\"@type\":\"PropertyValueSpecification\",\"valueRequired\":true,\"valueName\":\"search_term_string\"}}],\"inLanguage\":\"pt-BR\"},{\"@type\":\"Organization\",\"@id\":\"https:\\\/\\\/adunir.com.br\\\/#organization\",\"name\":\"Associa\u00e7\u00e3o dos Docentes da Universidade Federal de Rond\u00f4nia - ADUNIR\",\"url\":\"https:\\\/\\\/adunir.com.br\\\/\",\"logo\":{\"@type\":\"ImageObject\",\"inLanguage\":\"pt-BR\",\"@id\":\"https:\\\/\\\/adunir.com.br\\\/#\\\/schema\\\/logo\\\/image\\\/\",\"url\":\"https:\\\/\\\/adunir.com.br\\\/wp-content\\\/uploads\\\/2023\\\/12\\\/cropped-logo_adunir.png\",\"contentUrl\":\"https:\\\/\\\/adunir.com.br\\\/wp-content\\\/uploads\\\/2023\\\/12\\\/cropped-logo_adunir.png\",\"width\":982,\"height\":102,\"caption\":\"Associa\u00e7\u00e3o dos Docentes da Universidade Federal de Rond\u00f4nia - ADUNIR\"},\"image\":{\"@id\":\"https:\\\/\\\/adunir.com.br\\\/#\\\/schema\\\/logo\\\/image\\\/\"},\"sameAs\":[\"https:\\\/\\\/www.facebook.com\\\/adunirsecaosindical.andes\\\/\"]},{\"@type\":\"Person\",\"@id\":\"https:\\\/\\\/adunir.com.br\\\/#\\\/schema\\\/person\\\/86b4aeb6bf6cab96151fb0ac140b8c48\",\"name\":\"adunir\",\"sameAs\":[\"http:\\\/\\\/localhost\\\/wordpress\"],\"url\":\"https:\\\/\\\/adunir.com.br\\\/index.php\\\/author\\\/adunir\\\/\"}]}<\/script>\n<!-- \/ Yoast SEO plugin. -->","yoast_head_json":{"title":"Diretoria solicita urgentemente informa\u00e7\u00f5es sobre os casos de progress\u00f5es aos docentes - ADUNIR","robots":{"index":"index","follow":"follow","max-snippet":"max-snippet:-1","max-image-preview":"max-image-preview:large","max-video-preview":"max-video-preview:-1"},"canonical":"https:\/\/adunir.com.br\/index.php\/2023\/08\/01\/diretoria-solicita-urgentemente-informacoes-sobre-os-casos-de-progressoes-aos-docentes\/","og_locale":"pt_BR","og_type":"article","og_title":"Diretoria solicita urgentemente informa\u00e7\u00f5es sobre os casos de progress\u00f5es aos docentes - ADUNIR","og_description":"A ADUNIR &#8211; Associa\u00e7\u00e3o dos Docentes da UNIR \u2013 Se\u00e7\u00e3o Sindical do ANDES \u2013 Sindicato Nacional, esteve na manh\u00e3 de sexta-feira, 21 de julho, em Bras\u00edlia, em reuni\u00e3o na Secretaria de Educa\u00e7\u00e3o Superior \u2013 SESu\/MEC para discutir o problema das Progress\u00f5es e Promo\u00e7\u00f5es Funcionais dos docentes da UNIR. Os encaminhamentos dados pela Secret\u00e1ria da SESu, [&hellip;]","og_url":"https:\/\/adunir.com.br\/index.php\/2023\/08\/01\/diretoria-solicita-urgentemente-informacoes-sobre-os-casos-de-progressoes-aos-docentes\/","og_site_name":"ADUNIR","article_publisher":"https:\/\/www.facebook.com\/adunirsecaosindical.andes\/","article_published_time":"2023-08-01T12:03:12+00:00","article_modified_time":"2023-08-01T12:09:31+00:00","og_image":[{"width":1600,"height":1135,"url":"https:\/\/adunir.com.br\/wp-content\/uploads\/2023\/08\/WhatsApp-Image-2023-07-31-at-17.14.38.jpeg","type":"image\/jpeg"}],"author":"adunir","twitter_card":"summary_large_image","twitter_misc":{"Escrito por":"adunir","Est. tempo de leitura":"2 minutos"},"schema":{"@context":"https:\/\/schema.org","@graph":[{"@type":"Article","@id":"https:\/\/adunir.com.br\/index.php\/2023\/08\/01\/diretoria-solicita-urgentemente-informacoes-sobre-os-casos-de-progressoes-aos-docentes\/#article","isPartOf":{"@id":"https:\/\/adunir.com.br\/index.php\/2023\/08\/01\/diretoria-solicita-urgentemente-informacoes-sobre-os-casos-de-progressoes-aos-docentes\/"},"author":{"name":"adunir","@id":"https:\/\/adunir.com.br\/#\/schema\/person\/86b4aeb6bf6cab96151fb0ac140b8c48"},"headline":"Diretoria solicita urgentemente informa\u00e7\u00f5es sobre os casos de progress\u00f5es aos docentes","datePublished":"2023-08-01T12:03:12+00:00","dateModified":"2023-08-01T12:09:31+00:00","mainEntityOfPage":{"@id":"https:\/\/adunir.com.br\/index.php\/2023\/08\/01\/diretoria-solicita-urgentemente-informacoes-sobre-os-casos-de-progressoes-aos-docentes\/"},"wordCount":349,"publisher":{"@id":"https:\/\/adunir.com.br\/#organization"},"image":{"@id":"https:\/\/adunir.com.br\/index.php\/2023\/08\/01\/diretoria-solicita-urgentemente-informacoes-sobre-os-casos-de-progressoes-aos-docentes\/#primaryimage"},"thumbnailUrl":"https:\/\/adunir.com.br\/wp-content\/uploads\/2023\/08\/WhatsApp-Image-2023-07-31-at-17.14.38.jpeg","articleSection":["Not\u00edcias"],"inLanguage":"pt-BR"},{"@type":"WebPage","@id":"https:\/\/adunir.com.br\/index.php\/2023\/08\/01\/diretoria-solicita-urgentemente-informacoes-sobre-os-casos-de-progressoes-aos-docentes\/","url":"https:\/\/adunir.com.br\/index.php\/2023\/08\/01\/diretoria-solicita-urgentemente-informacoes-sobre-os-casos-de-progressoes-aos-docentes\/","name":"Diretoria solicita urgentemente informa\u00e7\u00f5es sobre os casos de progress\u00f5es aos docentes - ADUNIR","isPartOf":{"@id":"https:\/\/adunir.com.br\/#website"},"primaryImageOfPage":{"@id":"https:\/\/adunir.com.br\/index.php\/2023\/08\/01\/diretoria-solicita-urgentemente-informacoes-sobre-os-casos-de-progressoes-aos-docentes\/#primaryimage"},"image":{"@id":"https:\/\/adunir.com.br\/index.php\/2023\/08\/01\/diretoria-solicita-urgentemente-informacoes-sobre-os-casos-de-progressoes-aos-docentes\/#primaryimage"},"thumbnailUrl":"https:\/\/adunir.com.br\/wp-content\/uploads\/2023\/08\/WhatsApp-Image-2023-07-31-at-17.14.38.jpeg","datePublished":"2023-08-01T12:03:12+00:00","dateModified":"2023-08-01T12:09:31+00:00","breadcrumb":{"@id":"https:\/\/adunir.com.br\/index.php\/2023\/08\/01\/diretoria-solicita-urgentemente-informacoes-sobre-os-casos-de-progressoes-aos-docentes\/#breadcrumb"},"inLanguage":"pt-BR","potentialAction":[{"@type":"ReadAction","target":["https:\/\/adunir.com.br\/index.php\/2023\/08\/01\/diretoria-solicita-urgentemente-informacoes-sobre-os-casos-de-progressoes-aos-docentes\/"]}]},{"@type":"ImageObject","inLanguage":"pt-BR","@id":"https:\/\/adunir.com.br\/index.php\/2023\/08\/01\/diretoria-solicita-urgentemente-informacoes-sobre-os-casos-de-progressoes-aos-docentes\/#primaryimage","url":"https:\/\/adunir.com.br\/wp-content\/uploads\/2023\/08\/WhatsApp-Image-2023-07-31-at-17.14.38.jpeg","contentUrl":"https:\/\/adunir.com.br\/wp-content\/uploads\/2023\/08\/WhatsApp-Image-2023-07-31-at-17.14.38.jpeg","width":1600,"height":1135},{"@type":"BreadcrumbList","@id":"https:\/\/adunir.com.br\/index.php\/2023\/08\/01\/diretoria-solicita-urgentemente-informacoes-sobre-os-casos-de-progressoes-aos-docentes\/#breadcrumb","itemListElement":[{"@type":"ListItem","position":1,"name":"In\u00edcio","item":"https:\/\/adunir.com.br\/"},{"@type":"ListItem","position":2,"name":"Diretoria solicita urgentemente informa\u00e7\u00f5es sobre os casos de progress\u00f5es aos docentes"}]},{"@type":"WebSite","@id":"https:\/\/adunir.com.br\/#website","url":"https:\/\/adunir.com.br\/","name":"ADUNIR","description":"Associa\u00e7\u00e3o dos Docentes da Universidade Federal de Rond\u00f4nia - Se\u00e7\u00e3o Sindical","publisher":{"@id":"https:\/\/adunir.com.br\/#organization"},"potentialAction":[{"@type":"SearchAction","target":{"@type":"EntryPoint","urlTemplate":"https:\/\/adunir.com.br\/?s={search_term_string}"},"query-input":{"@type":"PropertyValueSpecification","valueRequired":true,"valueName":"search_term_string"}}],"inLanguage":"pt-BR"},{"@type":"Organization","@id":"https:\/\/adunir.com.br\/#organization","name":"Associa\u00e7\u00e3o dos Docentes da Universidade Federal de Rond\u00f4nia - ADUNIR","url":"https:\/\/adunir.com.br\/","logo":{"@type":"ImageObject","inLanguage":"pt-BR","@id":"https:\/\/adunir.com.br\/#\/schema\/logo\/image\/","url":"https:\/\/adunir.com.br\/wp-content\/uploads\/2023\/12\/cropped-logo_adunir.png","contentUrl":"https:\/\/adunir.com.br\/wp-content\/uploads\/2023\/12\/cropped-logo_adunir.png","width":982,"height":102,"caption":"Associa\u00e7\u00e3o dos Docentes da Universidade Federal de Rond\u00f4nia - ADUNIR"},"image":{"@id":"https:\/\/adunir.com.br\/#\/schema\/logo\/image\/"},"sameAs":["https:\/\/www.facebook.com\/adunirsecaosindical.andes\/"]},{"@type":"Person","@id":"https:\/\/adunir.com.br\/#\/schema\/person\/86b4aeb6bf6cab96151fb0ac140b8c48","name":"adunir","sameAs":["http:\/\/localhost\/wordpress"],"url":"https:\/\/adunir.com.br\/index.php\/author\/adunir\/"}]}},"uagb_featured_image_src":{"full":["https:\/\/adunir.com.br\/wp-content\/uploads\/2023\/08\/WhatsApp-Image-2023-07-31-at-17.14.38.jpeg",1600,1135,false],"thumbnail":["https:\/\/adunir.com.br\/wp-content\/uploads\/2023\/08\/WhatsApp-Image-2023-07-31-at-17.14.38-150x150.jpeg",150,150,true],"medium":["https:\/\/adunir.com.br\/wp-content\/uploads\/2023\/08\/WhatsApp-Image-2023-07-31-at-17.14.38-300x213.jpeg",300,213,true],"medium_large":["https:\/\/adunir.com.br\/wp-content\/uploads\/2023\/08\/WhatsApp-Image-2023-07-31-at-17.14.38-768x545.jpeg",768,545,true],"large":["https:\/\/adunir.com.br\/wp-content\/uploads\/2023\/08\/WhatsApp-Image-2023-07-31-at-17.14.38-1024x726.jpeg",1024,726,true],"1536x1536":["https:\/\/adunir.com.br\/wp-content\/uploads\/2023\/08\/WhatsApp-Image-2023-07-31-at-17.14.38-1536x1090.jpeg",1536,1090,true],"2048x2048":["https:\/\/adunir.com.br\/wp-content\/uploads\/2023\/08\/WhatsApp-Image-2023-07-31-at-17.14.38.jpeg",1600,1135,false]},"uagb_author_info":{"display_name":"adunir","author_link":"https:\/\/adunir.com.br\/index.php\/author\/adunir\/"},"uagb_comment_info":0,"uagb_excerpt":"A ADUNIR &#8211; Associa\u00e7\u00e3o dos Docentes da UNIR \u2013 Se\u00e7\u00e3o Sindical do ANDES \u2013 Sindicato Nacional, esteve na manh\u00e3 de sexta-feira, 21 de julho, em Bras\u00edlia, em reuni\u00e3o na Secretaria de Educa\u00e7\u00e3o Superior \u2013 SESu\/MEC para discutir o problema das Progress\u00f5es e Promo\u00e7\u00f5es Funcionais dos docentes da UNIR. Os encaminhamentos dados pela Secret\u00e1ria da SESu,&hellip;","_links":{"self":[{"href":"https:\/\/adunir.com.br\/index.php\/wp-json\/wp\/v2\/posts\/2109","targetHints":{"allow":["GET"]}}],"collection":[{"href":"https:\/\/adunir.com.br\/index.php\/wp-json\/wp\/v2\/posts"}],"about":[{"href":"https:\/\/adunir.com.br\/index.php\/wp-json\/wp\/v2\/types\/post"}],"author":[{"embeddable":true,"href":"https:\/\/adunir.com.br\/index.php\/wp-json\/wp\/v2\/users\/1"}],"replies":[{"embeddable":true,"href":"https:\/\/adunir.com.br\/index.php\/wp-json\/wp\/v2\/comments?post=2109"}],"version-history":[{"count":2,"href":"https:\/\/adunir.com.br\/index.php\/wp-json\/wp\/v2\/posts\/2109\/revisions"}],"predecessor-version":[{"id":2112,"href":"https:\/\/adunir.com.br\/index.php\/wp-json\/wp\/v2\/posts\/2109\/revisions\/2112"}],"wp:featuredmedia":[{"embeddable":true,"href":"https:\/\/adunir.com.br\/index.php\/wp-json\/wp\/v2\/media\/2110"}],"wp:attachment":[{"href":"https:\/\/adunir.com.br\/index.php\/wp-json\/wp\/v2\/media?parent=2109"}],"wp:term":[{"taxonomy":"category","embeddable":true,"href":"https:\/\/adunir.com.br\/index.php\/wp-json\/wp\/v2\/categories?post=2109"},{"taxonomy":"post_tag","embeddable":true,"href":"https:\/\/adunir.com.br\/index.php\/wp-json\/wp\/v2\/tags?post=2109"}],"curies":[{"name":"wp","href":"https:\/\/api.w.org\/{rel}","templated":true}]}}