{"id":2125,"date":"2023-08-11T11:25:44","date_gmt":"2023-08-11T15:25:44","guid":{"rendered":"https:\/\/adunir.com.br\/?p=2125"},"modified":"2023-08-11T11:27:32","modified_gmt":"2023-08-11T15:27:32","slug":"convocacao-de-assembleia-geral-da-adunir-2","status":"publish","type":"post","link":"https:\/\/adunir.com.br\/index.php\/2023\/08\/11\/convocacao-de-assembleia-geral-da-adunir-2\/","title":{"rendered":"CONVOCA\u00c7\u00c3O DE ASSEMBLEIA GERAL DA ADUNIR"},"content":{"rendered":"\n<p>A Associa\u00e7\u00e3o dos Docentes da Universidade Federal de Rond\u00f4nia \u2013 ADUNIR-SSIND \u2013 Se\u00e7\u00e3o Sindical do ANDES-SN \u2013 convoca os docentes associados e convida a todos os docentes interessados na pauta abaixo, para uma Assembleia Geral Ordin\u00e1ria no dia 17 de agosto de 2023 (quinta-feira), \u00e0s 16 horas, no audit\u00f3rio Paulo Freire do Campus Jos\u00e9 Ribeiro Filho, em Porto Velho\/RO. A Assembleia ser\u00e1 PRESENCIAL e online pelo Google Meet atrav\u00e9s do link: https:\/\/meet.google.com\/tza-ovez-jgg<\/p>\n\n\n\n<!--more-->\n\n\n\n<h1 class=\"wp-block-heading\">PAUTA:<\/h1>\n\n\n\n<ol class=\"wp-block-list\">\n<li>Informes gerais;<\/li>\n\n\n\n<li>Posi\u00e7\u00e3o da Adunir sobre as negocia\u00e7\u00f5es com o governo acerca da Recomposi\u00e7\u00e3o salarial;<\/li>\n\n\n\n<li>Auditoria da gest\u00e3o da Adunir no per\u00edodo de 2018- 2021;<\/li>\n\n\n\n<li>Presta\u00e7\u00e3o de contas da atual gest\u00e3o;<\/li>\n\n\n\n<li>Elei\u00e7\u00e3o para delegados ao Encontro da Regional Norte 1 do ANDES-SN.<\/li>\n<\/ol>\n\n\n\n<p class=\"has-text-align-center\">Marilsa Miranda de Souza Presidente da ADUNIR<\/p>\n\n\n\n<div data-wp-interactive=\"core\/file\" class=\"wp-block-file\"><object data-wp-bind--hidden=\"!state.hasPdfPreview\" hidden class=\"wp-block-file__embed\" data=\"https:\/\/adunir.com.br\/wp-content\/uploads\/2023\/08\/ADUNIR-CONVOCACAO-DE-ASSEMBLEIA-GERAL-DA-ADUNIR-17-AGOSTO-2023.pdf\" type=\"application\/pdf\" style=\"width:100%;height:600px\" aria-label=\"Incorporado de ADUNIR-CONVOCACAO-DE-ASSEMBLEIA-GERAL-DA-ADUNIR-17-AGOSTO-2023.\"><\/object><a id=\"wp-block-file--media-49594f99-f924-4904-ad60-9949970aa21b\" href=\"https:\/\/adunir.com.br\/wp-content\/uploads\/2023\/08\/ADUNIR-CONVOCACAO-DE-ASSEMBLEIA-GERAL-DA-ADUNIR-17-AGOSTO-2023.pdf\">ADUNIR-CONVOCACAO-DE-ASSEMBLEIA-GERAL-DA-ADUNIR-17-AGOSTO-2023<\/a><a href=\"https:\/\/adunir.com.br\/wp-content\/uploads\/2023\/08\/ADUNIR-CONVOCACAO-DE-ASSEMBLEIA-GERAL-DA-ADUNIR-17-AGOSTO-2023.pdf\" class=\"wp-block-file__button wp-element-button\" download aria-describedby=\"wp-block-file--media-49594f99-f924-4904-ad60-9949970aa21b\">Baixar<\/a><\/div>\n","protected":false},"excerpt":{"rendered":"<p>A Associa\u00e7\u00e3o dos Docentes da Universidade Federal de Rond\u00f4nia \u2013 ADUNIR-SSIND \u2013 Se\u00e7\u00e3o Sindical do ANDES-SN \u2013 convoca os docentes associados e convida a todos os docentes interessados na pauta abaixo, para uma Assembleia Geral Ordin\u00e1ria no dia 17 de agosto de 2023 (quinta-feira), \u00e0s 16 horas, no audit\u00f3rio Paulo Freire do Campus Jos\u00e9 Ribeiro [&hellip;]<\/p>\n","protected":false},"author":1,"featured_media":2127,"comment_status":"closed","ping_status":"open","sticky":false,"template":"","format":"standard","meta":{"_uag_custom_page_level_css":"","footnotes":""},"categories":[5],"tags":[],"class_list":["post-2125","post","type-post","status-publish","format-standard","has-post-thumbnail","hentry","category-noticias"],"yoast_head":"<!-- This site is optimized with the Yoast SEO plugin v27.5 - https:\/\/yoast.com\/product\/yoast-seo-wordpress\/ -->\n<title>CONVOCA\u00c7\u00c3O DE ASSEMBLEIA GERAL DA ADUNIR - ADUNIR<\/title>\n<meta name=\"robots\" content=\"index, follow, max-snippet:-1, max-image-preview:large, max-video-preview:-1\" \/>\n<link rel=\"canonical\" href=\"https:\/\/adunir.com.br\/index.php\/2023\/08\/11\/convocacao-de-assembleia-geral-da-adunir-2\/\" \/>\n<meta property=\"og:locale\" content=\"pt_BR\" \/>\n<meta property=\"og:type\" content=\"article\" \/>\n<meta property=\"og:title\" content=\"CONVOCA\u00c7\u00c3O DE ASSEMBLEIA GERAL DA ADUNIR - ADUNIR\" \/>\n<meta property=\"og:description\" content=\"A Associa\u00e7\u00e3o dos Docentes da Universidade Federal de Rond\u00f4nia \u2013 ADUNIR-SSIND \u2013 Se\u00e7\u00e3o Sindical do ANDES-SN \u2013 convoca os docentes associados e convida a todos os docentes interessados na pauta abaixo, para uma Assembleia Geral Ordin\u00e1ria no dia 17 de agosto de 2023 (quinta-feira), \u00e0s 16 horas, no audit\u00f3rio Paulo Freire do Campus Jos\u00e9 Ribeiro [&hellip;]\" \/>\n<meta property=\"og:url\" content=\"https:\/\/adunir.com.br\/index.php\/2023\/08\/11\/convocacao-de-assembleia-geral-da-adunir-2\/\" \/>\n<meta property=\"og:site_name\" content=\"ADUNIR\" \/>\n<meta property=\"article:publisher\" content=\"https:\/\/www.facebook.com\/adunirsecaosindical.andes\/\" \/>\n<meta property=\"article:published_time\" content=\"2023-08-11T15:25:44+00:00\" \/>\n<meta property=\"article:modified_time\" content=\"2023-08-11T15:27:32+00:00\" \/>\n<meta property=\"og:image\" content=\"https:\/\/adunir.com.br\/wp-content\/uploads\/2023\/08\/WhatsApp-Image-2023-08-11-at-12.23.02.jpeg\" \/>\n\t<meta property=\"og:image:width\" content=\"1080\" \/>\n\t<meta property=\"og:image:height\" content=\"574\" \/>\n\t<meta property=\"og:image:type\" content=\"image\/jpeg\" \/>\n<meta name=\"author\" content=\"adunir\" \/>\n<meta name=\"twitter:card\" content=\"summary_large_image\" \/>\n<meta name=\"twitter:label1\" content=\"Escrito por\" \/>\n\t<meta name=\"twitter:data1\" content=\"adunir\" \/>\n\t<meta name=\"twitter:label2\" content=\"Est. tempo de leitura\" \/>\n\t<meta name=\"twitter:data2\" content=\"1 minuto\" \/>\n<script type=\"application\/ld+json\" class=\"yoast-schema-graph\">{\"@context\":\"https:\\\/\\\/schema.org\",\"@graph\":[{\"@type\":\"Article\",\"@id\":\"https:\\\/\\\/adunir.com.br\\\/index.php\\\/2023\\\/08\\\/11\\\/convocacao-de-assembleia-geral-da-adunir-2\\\/#article\",\"isPartOf\":{\"@id\":\"https:\\\/\\\/adunir.com.br\\\/index.php\\\/2023\\\/08\\\/11\\\/convocacao-de-assembleia-geral-da-adunir-2\\\/\"},\"author\":{\"name\":\"adunir\",\"@id\":\"https:\\\/\\\/adunir.com.br\\\/#\\\/schema\\\/person\\\/86b4aeb6bf6cab96151fb0ac140b8c48\"},\"headline\":\"CONVOCA\u00c7\u00c3O DE ASSEMBLEIA GERAL DA ADUNIR\",\"datePublished\":\"2023-08-11T15:25:44+00:00\",\"dateModified\":\"2023-08-11T15:27:32+00:00\",\"mainEntityOfPage\":{\"@id\":\"https:\\\/\\\/adunir.com.br\\\/index.php\\\/2023\\\/08\\\/11\\\/convocacao-de-assembleia-geral-da-adunir-2\\\/\"},\"wordCount\":143,\"publisher\":{\"@id\":\"https:\\\/\\\/adunir.com.br\\\/#organization\"},\"image\":{\"@id\":\"https:\\\/\\\/adunir.com.br\\\/index.php\\\/2023\\\/08\\\/11\\\/convocacao-de-assembleia-geral-da-adunir-2\\\/#primaryimage\"},\"thumbnailUrl\":\"https:\\\/\\\/adunir.com.br\\\/wp-content\\\/uploads\\\/2023\\\/08\\\/WhatsApp-Image-2023-08-11-at-12.23.02.jpeg\",\"articleSection\":[\"Not\u00edcias\"],\"inLanguage\":\"pt-BR\"},{\"@type\":\"WebPage\",\"@id\":\"https:\\\/\\\/adunir.com.br\\\/index.php\\\/2023\\\/08\\\/11\\\/convocacao-de-assembleia-geral-da-adunir-2\\\/\",\"url\":\"https:\\\/\\\/adunir.com.br\\\/index.php\\\/2023\\\/08\\\/11\\\/convocacao-de-assembleia-geral-da-adunir-2\\\/\",\"name\":\"CONVOCA\u00c7\u00c3O DE ASSEMBLEIA GERAL DA ADUNIR - ADUNIR\",\"isPartOf\":{\"@id\":\"https:\\\/\\\/adunir.com.br\\\/#website\"},\"primaryImageOfPage\":{\"@id\":\"https:\\\/\\\/adunir.com.br\\\/index.php\\\/2023\\\/08\\\/11\\\/convocacao-de-assembleia-geral-da-adunir-2\\\/#primaryimage\"},\"image\":{\"@id\":\"https:\\\/\\\/adunir.com.br\\\/index.php\\\/2023\\\/08\\\/11\\\/convocacao-de-assembleia-geral-da-adunir-2\\\/#primaryimage\"},\"thumbnailUrl\":\"https:\\\/\\\/adunir.com.br\\\/wp-content\\\/uploads\\\/2023\\\/08\\\/WhatsApp-Image-2023-08-11-at-12.23.02.jpeg\",\"datePublished\":\"2023-08-11T15:25:44+00:00\",\"dateModified\":\"2023-08-11T15:27:32+00:00\",\"breadcrumb\":{\"@id\":\"https:\\\/\\\/adunir.com.br\\\/index.php\\\/2023\\\/08\\\/11\\\/convocacao-de-assembleia-geral-da-adunir-2\\\/#breadcrumb\"},\"inLanguage\":\"pt-BR\",\"potentialAction\":[{\"@type\":\"ReadAction\",\"target\":[\"https:\\\/\\\/adunir.com.br\\\/index.php\\\/2023\\\/08\\\/11\\\/convocacao-de-assembleia-geral-da-adunir-2\\\/\"]}]},{\"@type\":\"ImageObject\",\"inLanguage\":\"pt-BR\",\"@id\":\"https:\\\/\\\/adunir.com.br\\\/index.php\\\/2023\\\/08\\\/11\\\/convocacao-de-assembleia-geral-da-adunir-2\\\/#primaryimage\",\"url\":\"https:\\\/\\\/adunir.com.br\\\/wp-content\\\/uploads\\\/2023\\\/08\\\/WhatsApp-Image-2023-08-11-at-12.23.02.jpeg\",\"contentUrl\":\"https:\\\/\\\/adunir.com.br\\\/wp-content\\\/uploads\\\/2023\\\/08\\\/WhatsApp-Image-2023-08-11-at-12.23.02.jpeg\",\"width\":1080,\"height\":574},{\"@type\":\"BreadcrumbList\",\"@id\":\"https:\\\/\\\/adunir.com.br\\\/index.php\\\/2023\\\/08\\\/11\\\/convocacao-de-assembleia-geral-da-adunir-2\\\/#breadcrumb\",\"itemListElement\":[{\"@type\":\"ListItem\",\"position\":1,\"name\":\"In\u00edcio\",\"item\":\"https:\\\/\\\/adunir.com.br\\\/\"},{\"@type\":\"ListItem\",\"position\":2,\"name\":\"CONVOCA\u00c7\u00c3O DE ASSEMBLEIA GERAL DA ADUNIR\"}]},{\"@type\":\"WebSite\",\"@id\":\"https:\\\/\\\/adunir.com.br\\\/#website\",\"url\":\"https:\\\/\\\/adunir.com.br\\\/\",\"name\":\"ADUNIR\",\"description\":\"Associa\u00e7\u00e3o dos Docentes da Universidade Federal de Rond\u00f4nia - Se\u00e7\u00e3o Sindical\",\"publisher\":{\"@id\":\"https:\\\/\\\/adunir.com.br\\\/#organization\"},\"potentialAction\":[{\"@type\":\"SearchAction\",\"target\":{\"@type\":\"EntryPoint\",\"urlTemplate\":\"https:\\\/\\\/adunir.com.br\\\/?s={search_term_string}\"},\"query-input\":{\"@type\":\"PropertyValueSpecification\",\"valueRequired\":true,\"valueName\":\"search_term_string\"}}],\"inLanguage\":\"pt-BR\"},{\"@type\":\"Organization\",\"@id\":\"https:\\\/\\\/adunir.com.br\\\/#organization\",\"name\":\"Associa\u00e7\u00e3o dos Docentes da Universidade Federal de Rond\u00f4nia - ADUNIR\",\"url\":\"https:\\\/\\\/adunir.com.br\\\/\",\"logo\":{\"@type\":\"ImageObject\",\"inLanguage\":\"pt-BR\",\"@id\":\"https:\\\/\\\/adunir.com.br\\\/#\\\/schema\\\/logo\\\/image\\\/\",\"url\":\"https:\\\/\\\/adunir.com.br\\\/wp-content\\\/uploads\\\/2023\\\/12\\\/cropped-logo_adunir.png\",\"contentUrl\":\"https:\\\/\\\/adunir.com.br\\\/wp-content\\\/uploads\\\/2023\\\/12\\\/cropped-logo_adunir.png\",\"width\":982,\"height\":102,\"caption\":\"Associa\u00e7\u00e3o dos Docentes da Universidade Federal de Rond\u00f4nia - ADUNIR\"},\"image\":{\"@id\":\"https:\\\/\\\/adunir.com.br\\\/#\\\/schema\\\/logo\\\/image\\\/\"},\"sameAs\":[\"https:\\\/\\\/www.facebook.com\\\/adunirsecaosindical.andes\\\/\"]},{\"@type\":\"Person\",\"@id\":\"https:\\\/\\\/adunir.com.br\\\/#\\\/schema\\\/person\\\/86b4aeb6bf6cab96151fb0ac140b8c48\",\"name\":\"adunir\",\"sameAs\":[\"http:\\\/\\\/localhost\\\/wordpress\"],\"url\":\"https:\\\/\\\/adunir.com.br\\\/index.php\\\/author\\\/adunir\\\/\"}]}<\/script>\n<!-- \/ Yoast SEO plugin. -->","yoast_head_json":{"title":"CONVOCA\u00c7\u00c3O DE ASSEMBLEIA GERAL DA ADUNIR - ADUNIR","robots":{"index":"index","follow":"follow","max-snippet":"max-snippet:-1","max-image-preview":"max-image-preview:large","max-video-preview":"max-video-preview:-1"},"canonical":"https:\/\/adunir.com.br\/index.php\/2023\/08\/11\/convocacao-de-assembleia-geral-da-adunir-2\/","og_locale":"pt_BR","og_type":"article","og_title":"CONVOCA\u00c7\u00c3O DE ASSEMBLEIA GERAL DA ADUNIR - ADUNIR","og_description":"A Associa\u00e7\u00e3o dos Docentes da Universidade Federal de Rond\u00f4nia \u2013 ADUNIR-SSIND \u2013 Se\u00e7\u00e3o Sindical do ANDES-SN \u2013 convoca os docentes associados e convida a todos os docentes interessados na pauta abaixo, para uma Assembleia Geral Ordin\u00e1ria no dia 17 de agosto de 2023 (quinta-feira), \u00e0s 16 horas, no audit\u00f3rio Paulo Freire do Campus Jos\u00e9 Ribeiro [&hellip;]","og_url":"https:\/\/adunir.com.br\/index.php\/2023\/08\/11\/convocacao-de-assembleia-geral-da-adunir-2\/","og_site_name":"ADUNIR","article_publisher":"https:\/\/www.facebook.com\/adunirsecaosindical.andes\/","article_published_time":"2023-08-11T15:25:44+00:00","article_modified_time":"2023-08-11T15:27:32+00:00","og_image":[{"width":1080,"height":574,"url":"https:\/\/adunir.com.br\/wp-content\/uploads\/2023\/08\/WhatsApp-Image-2023-08-11-at-12.23.02.jpeg","type":"image\/jpeg"}],"author":"adunir","twitter_card":"summary_large_image","twitter_misc":{"Escrito por":"adunir","Est. tempo de leitura":"1 minuto"},"schema":{"@context":"https:\/\/schema.org","@graph":[{"@type":"Article","@id":"https:\/\/adunir.com.br\/index.php\/2023\/08\/11\/convocacao-de-assembleia-geral-da-adunir-2\/#article","isPartOf":{"@id":"https:\/\/adunir.com.br\/index.php\/2023\/08\/11\/convocacao-de-assembleia-geral-da-adunir-2\/"},"author":{"name":"adunir","@id":"https:\/\/adunir.com.br\/#\/schema\/person\/86b4aeb6bf6cab96151fb0ac140b8c48"},"headline":"CONVOCA\u00c7\u00c3O DE ASSEMBLEIA GERAL DA ADUNIR","datePublished":"2023-08-11T15:25:44+00:00","dateModified":"2023-08-11T15:27:32+00:00","mainEntityOfPage":{"@id":"https:\/\/adunir.com.br\/index.php\/2023\/08\/11\/convocacao-de-assembleia-geral-da-adunir-2\/"},"wordCount":143,"publisher":{"@id":"https:\/\/adunir.com.br\/#organization"},"image":{"@id":"https:\/\/adunir.com.br\/index.php\/2023\/08\/11\/convocacao-de-assembleia-geral-da-adunir-2\/#primaryimage"},"thumbnailUrl":"https:\/\/adunir.com.br\/wp-content\/uploads\/2023\/08\/WhatsApp-Image-2023-08-11-at-12.23.02.jpeg","articleSection":["Not\u00edcias"],"inLanguage":"pt-BR"},{"@type":"WebPage","@id":"https:\/\/adunir.com.br\/index.php\/2023\/08\/11\/convocacao-de-assembleia-geral-da-adunir-2\/","url":"https:\/\/adunir.com.br\/index.php\/2023\/08\/11\/convocacao-de-assembleia-geral-da-adunir-2\/","name":"CONVOCA\u00c7\u00c3O DE ASSEMBLEIA GERAL DA ADUNIR - ADUNIR","isPartOf":{"@id":"https:\/\/adunir.com.br\/#website"},"primaryImageOfPage":{"@id":"https:\/\/adunir.com.br\/index.php\/2023\/08\/11\/convocacao-de-assembleia-geral-da-adunir-2\/#primaryimage"},"image":{"@id":"https:\/\/adunir.com.br\/index.php\/2023\/08\/11\/convocacao-de-assembleia-geral-da-adunir-2\/#primaryimage"},"thumbnailUrl":"https:\/\/adunir.com.br\/wp-content\/uploads\/2023\/08\/WhatsApp-Image-2023-08-11-at-12.23.02.jpeg","datePublished":"2023-08-11T15:25:44+00:00","dateModified":"2023-08-11T15:27:32+00:00","breadcrumb":{"@id":"https:\/\/adunir.com.br\/index.php\/2023\/08\/11\/convocacao-de-assembleia-geral-da-adunir-2\/#breadcrumb"},"inLanguage":"pt-BR","potentialAction":[{"@type":"ReadAction","target":["https:\/\/adunir.com.br\/index.php\/2023\/08\/11\/convocacao-de-assembleia-geral-da-adunir-2\/"]}]},{"@type":"ImageObject","inLanguage":"pt-BR","@id":"https:\/\/adunir.com.br\/index.php\/2023\/08\/11\/convocacao-de-assembleia-geral-da-adunir-2\/#primaryimage","url":"https:\/\/adunir.com.br\/wp-content\/uploads\/2023\/08\/WhatsApp-Image-2023-08-11-at-12.23.02.jpeg","contentUrl":"https:\/\/adunir.com.br\/wp-content\/uploads\/2023\/08\/WhatsApp-Image-2023-08-11-at-12.23.02.jpeg","width":1080,"height":574},{"@type":"BreadcrumbList","@id":"https:\/\/adunir.com.br\/index.php\/2023\/08\/11\/convocacao-de-assembleia-geral-da-adunir-2\/#breadcrumb","itemListElement":[{"@type":"ListItem","position":1,"name":"In\u00edcio","item":"https:\/\/adunir.com.br\/"},{"@type":"ListItem","position":2,"name":"CONVOCA\u00c7\u00c3O DE ASSEMBLEIA GERAL DA ADUNIR"}]},{"@type":"WebSite","@id":"https:\/\/adunir.com.br\/#website","url":"https:\/\/adunir.com.br\/","name":"ADUNIR","description":"Associa\u00e7\u00e3o dos Docentes da Universidade Federal de Rond\u00f4nia - Se\u00e7\u00e3o Sindical","publisher":{"@id":"https:\/\/adunir.com.br\/#organization"},"potentialAction":[{"@type":"SearchAction","target":{"@type":"EntryPoint","urlTemplate":"https:\/\/adunir.com.br\/?s={search_term_string}"},"query-input":{"@type":"PropertyValueSpecification","valueRequired":true,"valueName":"search_term_string"}}],"inLanguage":"pt-BR"},{"@type":"Organization","@id":"https:\/\/adunir.com.br\/#organization","name":"Associa\u00e7\u00e3o dos Docentes da Universidade Federal de Rond\u00f4nia - ADUNIR","url":"https:\/\/adunir.com.br\/","logo":{"@type":"ImageObject","inLanguage":"pt-BR","@id":"https:\/\/adunir.com.br\/#\/schema\/logo\/image\/","url":"https:\/\/adunir.com.br\/wp-content\/uploads\/2023\/12\/cropped-logo_adunir.png","contentUrl":"https:\/\/adunir.com.br\/wp-content\/uploads\/2023\/12\/cropped-logo_adunir.png","width":982,"height":102,"caption":"Associa\u00e7\u00e3o dos Docentes da Universidade Federal de Rond\u00f4nia - ADUNIR"},"image":{"@id":"https:\/\/adunir.com.br\/#\/schema\/logo\/image\/"},"sameAs":["https:\/\/www.facebook.com\/adunirsecaosindical.andes\/"]},{"@type":"Person","@id":"https:\/\/adunir.com.br\/#\/schema\/person\/86b4aeb6bf6cab96151fb0ac140b8c48","name":"adunir","sameAs":["http:\/\/localhost\/wordpress"],"url":"https:\/\/adunir.com.br\/index.php\/author\/adunir\/"}]}},"uagb_featured_image_src":{"full":["https:\/\/adunir.com.br\/wp-content\/uploads\/2023\/08\/WhatsApp-Image-2023-08-11-at-12.23.02.jpeg",1080,574,false],"thumbnail":["https:\/\/adunir.com.br\/wp-content\/uploads\/2023\/08\/WhatsApp-Image-2023-08-11-at-12.23.02-150x150.jpeg",150,150,true],"medium":["https:\/\/adunir.com.br\/wp-content\/uploads\/2023\/08\/WhatsApp-Image-2023-08-11-at-12.23.02-300x159.jpeg",300,159,true],"medium_large":["https:\/\/adunir.com.br\/wp-content\/uploads\/2023\/08\/WhatsApp-Image-2023-08-11-at-12.23.02-768x408.jpeg",768,408,true],"large":["https:\/\/adunir.com.br\/wp-content\/uploads\/2023\/08\/WhatsApp-Image-2023-08-11-at-12.23.02-1024x544.jpeg",1024,544,true],"1536x1536":["https:\/\/adunir.com.br\/wp-content\/uploads\/2023\/08\/WhatsApp-Image-2023-08-11-at-12.23.02.jpeg",1080,574,false],"2048x2048":["https:\/\/adunir.com.br\/wp-content\/uploads\/2023\/08\/WhatsApp-Image-2023-08-11-at-12.23.02.jpeg",1080,574,false]},"uagb_author_info":{"display_name":"adunir","author_link":"https:\/\/adunir.com.br\/index.php\/author\/adunir\/"},"uagb_comment_info":0,"uagb_excerpt":"A Associa\u00e7\u00e3o dos Docentes da Universidade Federal de Rond\u00f4nia \u2013 ADUNIR-SSIND \u2013 Se\u00e7\u00e3o Sindical do ANDES-SN \u2013 convoca os docentes associados e convida a todos os docentes interessados na pauta abaixo, para uma Assembleia Geral Ordin\u00e1ria no dia 17 de agosto de 2023 (quinta-feira), \u00e0s 16 horas, no audit\u00f3rio Paulo Freire do Campus Jos\u00e9 Ribeiro&hellip;","_links":{"self":[{"href":"https:\/\/adunir.com.br\/index.php\/wp-json\/wp\/v2\/posts\/2125","targetHints":{"allow":["GET"]}}],"collection":[{"href":"https:\/\/adunir.com.br\/index.php\/wp-json\/wp\/v2\/posts"}],"about":[{"href":"https:\/\/adunir.com.br\/index.php\/wp-json\/wp\/v2\/types\/post"}],"author":[{"embeddable":true,"href":"https:\/\/adunir.com.br\/index.php\/wp-json\/wp\/v2\/users\/1"}],"replies":[{"embeddable":true,"href":"https:\/\/adunir.com.br\/index.php\/wp-json\/wp\/v2\/comments?post=2125"}],"version-history":[{"count":2,"href":"https:\/\/adunir.com.br\/index.php\/wp-json\/wp\/v2\/posts\/2125\/revisions"}],"predecessor-version":[{"id":2130,"href":"https:\/\/adunir.com.br\/index.php\/wp-json\/wp\/v2\/posts\/2125\/revisions\/2130"}],"wp:featuredmedia":[{"embeddable":true,"href":"https:\/\/adunir.com.br\/index.php\/wp-json\/wp\/v2\/media\/2127"}],"wp:attachment":[{"href":"https:\/\/adunir.com.br\/index.php\/wp-json\/wp\/v2\/media?parent=2125"}],"wp:term":[{"taxonomy":"category","embeddable":true,"href":"https:\/\/adunir.com.br\/index.php\/wp-json\/wp\/v2\/categories?post=2125"},{"taxonomy":"post_tag","embeddable":true,"href":"https:\/\/adunir.com.br\/index.php\/wp-json\/wp\/v2\/tags?post=2125"}],"curies":[{"name":"wp","href":"https:\/\/api.w.org\/{rel}","templated":true}]}}