{"id":2301,"date":"2023-10-24T17:33:37","date_gmt":"2023-10-24T21:33:37","guid":{"rendered":"https:\/\/adunir.com.br\/?p=2301"},"modified":"2023-10-24T17:33:40","modified_gmt":"2023-10-24T21:33:40","slug":"contra-o-genocidio-e-toda-solidariedade-ao-povo-palestino","status":"publish","type":"post","link":"https:\/\/adunir.com.br\/index.php\/2023\/10\/24\/contra-o-genocidio-e-toda-solidariedade-ao-povo-palestino\/","title":{"rendered":"Contra o genoc\u00eddio e toda solidariedade ao povo palestino!"},"content":{"rendered":"\n<p><em>O Sindicato Nacional repudia os ataques do governo de extrema direita de Israel e manifesta pesar pelas v\u00edtimas civis do conflito<\/em><\/p>\n\n\n\n<p>Nas \u00faltimas semanas, o mundo tem assistido ao acirramento do conflito entre Israel e Palestina, resultado de anos de uma pol\u00edtica de opress\u00e3o e massacre sistem\u00e1tico do povo palestino com o apoio do imperialismo norte-americano. Em 7 de outubro, um contra-ataque sem precedentes realizado pela ala militar do partido isl\u00e2mico palestino Hamas aprofundou a instabilidade que assola a regi\u00e3o. Foi a maior demonstra\u00e7\u00e3o de for\u00e7a militar j\u00e1 realizada pelo Hamas. Como resposta, o governo israelense de extrema direita de Benjamin Netanyahu declarou estado oficial de guerra.<\/p>\n\n\n\n<!--more-->\n\n\n\n<figure class=\"wp-block-image size-full\"><img loading=\"lazy\" decoding=\"async\" width=\"914\" height=\"396\" src=\"https:\/\/adunir.com.br\/wp-content\/uploads\/2023\/10\/WhatsApp-Image-2023-10-19-at-15_39_46-1.jpeg\" alt=\"\" class=\"wp-image-2302\" srcset=\"https:\/\/adunir.com.br\/wp-content\/uploads\/2023\/10\/WhatsApp-Image-2023-10-19-at-15_39_46-1.jpeg 914w, https:\/\/adunir.com.br\/wp-content\/uploads\/2023\/10\/WhatsApp-Image-2023-10-19-at-15_39_46-1-300x130.jpeg 300w, https:\/\/adunir.com.br\/wp-content\/uploads\/2023\/10\/WhatsApp-Image-2023-10-19-at-15_39_46-1-768x333.jpeg 768w\" sizes=\"auto, (max-width: 914px) 100vw, 914px\" \/><\/figure>\n\n\n\n<p>Em poucos dias, j\u00e1 h\u00e1 milhares de mortos de distintas comunidades nacionais. \u201cLamentamos pela morte de inocentes, independente de nacionalidade ou origem \u00e9tnica e manifestamos nossa solidariedade \u00e0s v\u00edtimas civis dos dois lados do conflito. \u00c9 preciso reconhecer e afirmar que dentre as v\u00edtimas, a maioria \u00e9 formada por aquelas e aqueles que vivem na Faixa de Gaza, regi\u00e3o que pode ser considerada a maior pris\u00e3o em c\u00e9u aberto do mundo\u201d, afirma em nota o ANDES-SN. A entidade destaca ainda que, desde a cria\u00e7\u00e3o de Israel em 1948, sucessivos governos t\u00eam atuado proibindo o contato entre fam\u00edlias palestinas, pisoteando v\u00edtimas civis e negando independ\u00eancia nacional ao povo palestino. <\/p>\n\n\n\n<p>Leia a nota na \u00edntegra <\/p>\n\n\n\n<ul class=\"wp-block-social-links is-layout-flex wp-block-social-links-is-layout-flex\"><li class=\"wp-social-link wp-social-link-chain  wp-block-social-link\"><a href=\"https:\/\/www.andes.org.br\/diretorios\/files\/renata\/2023\/OUTUBRO\/02\/Circ376-23%20(2).pdf\" class=\"wp-block-social-link-anchor\"><svg width=\"24\" height=\"24\" viewBox=\"0 0 24 24\" version=\"1.1\" xmlns=\"http:\/\/www.w3.org\/2000\/svg\" aria-hidden=\"true\" focusable=\"false\"><path d=\"M15.6,7.2H14v1.5h1.6c2,0,3.7,1.7,3.7,3.7s-1.7,3.7-3.7,3.7H14v1.5h1.6c2.8,0,5.2-2.3,5.2-5.2,0-2.9-2.3-5.2-5.2-5.2zM4.7,12.4c0-2,1.7-3.7,3.7-3.7H10V7.2H8.4c-2.9,0-5.2,2.3-5.2,5.2,0,2.9,2.3,5.2,5.2,5.2H10v-1.5H8.4c-2,0-3.7-1.7-3.7-3.7zm4.6.9h5.3v-1.5H9.3v1.5z\"><\/path><\/svg><span class=\"wp-block-social-link-label screen-reader-text\">Link<\/span><\/a><\/li><\/ul>\n\n\n\n<p>A escalada da viol\u00eancia da ofensiva israelense j\u00e1 deixou no m\u00ednimo 3 mil palestinos e palestinas mortos. Apesar da imprecis\u00e3o dos levantamentos, o Gabinete de Coordena\u00e7\u00e3o dos Assuntos Humanit\u00e1rios da Organiza\u00e7\u00e3o das Na\u00e7\u00f5es Unidas aponta que mais de mil crian\u00e7as e 1050 mulheres, muitas delas gr\u00e1vidas, est\u00e3o entre as v\u00edtimas. Segundo informa\u00e7\u00f5es de organismos internacionais, j\u00e1 houve 20 ataques a instala\u00e7\u00f5es da ONU e a escolas, al\u00e9m de ataque sem precedentes a um hospital, nessa quarta-feira (17), que matou ao menos 500 pessoas.<\/p>\n\n\n\n<p>\u201c\u00c9 a pol\u00edtica do capitalismo israelense, dirigido hoje por um bloco de extrema direita apoiado pelo imperialismo estadunidense que est\u00e1 na raiz do conflito. D\u00e9cadas de devasta\u00e7\u00e3o e luto por bombardeios, pris\u00f5es arbitr\u00e1rias, intensa viol\u00eancia de Estado, ocupa\u00e7\u00e3o e anexa\u00e7\u00e3o de territ\u00f3rios e, fundamentalmente, de nega\u00e7\u00e3o de direitos humanos b\u00e1sicos ao povo palestino criaram condi\u00e7\u00f5es favor\u00e1veis para a a\u00e7\u00e3o pol\u00edtica do Hamas. Indiferente \u00e0 inefic\u00e1cia desta t\u00e1tica para a liberta\u00e7\u00e3o do povo palestino, a ousada a\u00e7\u00e3o militar de 05 de outubro foi uma resposta \u00e0 explora\u00e7\u00e3o, \u00e0 opress\u00e3o e ao regime de apartheid imposto por governos reacion\u00e1rios de Israel\u201d, avalia o Sindicato Nacional.<\/p>\n\n\n\n<p>O ANDES-SN lembra tamb\u00e9m que \u201ca luta do povo palestino apenas \u00e9 fragilizada quando apoiada por Estados reacion\u00e1rios ou for\u00e7as fundamentalistas que sustentam a opress\u00e3o \u00e0s mulheres. Por isso, deve ser combinada com a luta pela emancipa\u00e7\u00e3o social e territorial contra todas as formas de viol\u00eancia colonial, racista e religiosa, as quais apenas contribuem para perpetuar um sistema capitalista em crise e que est\u00e1 na raiz de todo o conflito\u201d.<\/p>\n\n\n\n<p>A entidade expressa ainda toda solidariedade ao povo palestino e \u00e0s lutas por direitos sociais e autodetermina\u00e7\u00e3o. Tamb\u00e9m reafirma o posicionamento contra o massacre humanit\u00e1rio do povo palestino realizado pelo governo reacion\u00e1rio de Benjamin Netanyahu e com o apoio do imperialismo norte-americano. Convoca ainda, conforme delibera\u00e7\u00e3o do 63\u00b0 Conad, o fortalecimento da Campanha de Boicote, Desinvestimento e San\u00e7\u00f5es contra o Estado de Israel, como forma de solidariedade internacional \u00e0 luta do povo palestino.<\/p>\n\n\n\n<p>Uma s\u00e9rie de atos vem ocorrendo em diversas cidades do pa\u00eds. As manifesta\u00e7\u00f5es denunciam o genoc\u00eddio da popula\u00e7\u00e3o civil na Palestina e pedem a\u00e7\u00f5es humanit\u00e1rias urgentes. Confira a agenda de atos ao final da mat\u00e9ria.<\/p>\n\n\n\n<p><strong>Delibera\u00e7\u00f5es em defesa da liberdade e autodetermina\u00e7\u00e3o do povo Palestino<\/strong><br>H\u00e1 d\u00e9cadas, o ANDES-SN tem se posicionado em defesa da liberdade e autodetermina\u00e7\u00e3o do povo Palestino. No 22\u00ba Congresso do Sindicato Nacional, em 2003, por exemplo, foi aprovado \u201crecomendar \u00e0s Se\u00e7\u00f5es Sindicais que se engajem nos comit\u00eas em solidariedade ao povo palestino, como forma concreta de luta em defesa de seus direitos leg\u00edtimos de liberdade e autodetermina\u00e7\u00e3o. Em car\u00e1ter emergencial, promover debates que visem a esclarecer a quest\u00e3o palestina e o massacre sistem\u00e1tico promovido contra aquele povo\u201d.<\/p>\n\n\n\n<p>No ano seguinte, em seu 23\u00ba Congresso, a categoria reafirmou a delibera\u00e7\u00e3o de \u201capoiar os povos oprimidos que lutam pela sua autodetermina\u00e7\u00e3o, a exemplo do povo palestino, iraquiano e na\u00e7\u00f5es ind\u00edgenas latino-americanas\u201d. Aprovou ainda por \u201crecomendar \u00e0s se\u00e7\u00f5es sindicais que se engajem nos comit\u00eas em solidariedade aos povos afeg\u00e3o e iraquiano, como forma concreta de luta em defesa de seus direitos leg\u00edtimos de liberdade e autodetermina\u00e7\u00e3o. Em car\u00e1ter emergencial, promoverem debates que visem a esclarecer a quest\u00e3o palestina e o massacre sistem\u00e1tico promovido contra aquele povo\u201d. Tal decis\u00e3o foi reafirmada no 24\u00ba Congresso, em 2005.<\/p>\n\n\n\n<p>J\u00e1 em 2018, durante o 63\u00ba Conad, delegadas e delegados aprovaram que o Sindicato Nacional integrasse a campanha de Boicote, Desinvestimento e San\u00e7\u00f5es (BDS) contra o Estado de Israel, divulgando e incentivando a mesma em suas bases e preste solidariedade internacional \u00e0 luta do povo palestino e contra o massacre do seu povo.<\/p>\n\n\n\n<p><strong>Palestina: s\u00edmbolo hist\u00f3rico de luta e resist\u00eancia<\/strong><br>Em 2021, enquanto a popula\u00e7\u00e3o ocupava as ruas na Am\u00e9rica Latina por vacina no bra\u00e7o e comida no prato, e contra as pol\u00edticas negacionistas de governos de extrema direita, do outro lado do oceano Atl\u00e2ntico, as palestinas e os palestinos enfrentavam, al\u00e9m da pandemia de Covid-19, a viol\u00eancia do governo de Israel, em defesa do seu direito \u00e0 vida e ao territ\u00f3rio. A opress\u00e3o hist\u00f3rica ao povo palestino e a disputa pelos territ\u00f3rios na Faixa de Gaza, Cisjord\u00e2nia e Jerusal\u00e9m Oriental ganhava um novo cap\u00edtulo brutal naquele ano.<\/p>\n\n\n\n<p>Em 11 dias de conflito, o bombardeio do Estado de Israel \u00e0 Faixa de Gaza, supostamente visando o Hamas, matou ao menos 232 palestinos, dos quais 65 crian\u00e7as, e feriu outros 1.900. Em Israel, 12 pessoas morreram e mais de 340 ficaram feridas. V\u00e1rias \u00e1reas urbanas foram totalmente destru\u00eddas, incluindo tr\u00eas pr\u00e9dios ocupados por empresas jornal\u00edsticas e correspondentes internacionais.<\/p>\n\n\n\n<p>O ANDES-SN publicou, em julho de 2021, reportagem sobre a luta hist\u00f3rica do povo palestino por autodetermina\u00e7\u00e3o e pelo direito de existir com dignidade e a viol\u00eancia imposta pelo governo israelense de extrema direita. Confira a mat\u00e9ria aqui <\/p>\n\n\n\n<ul class=\"wp-block-social-links is-layout-flex wp-block-social-links-is-layout-flex\"><li class=\"wp-social-link wp-social-link-chain  wp-block-social-link\"><a href=\"https:\/\/andes.org.br\/conteudos\/noticia\/palestina-simbolo-historico-de-luta-e-resistencia-enfrenta-novos-ataques1\" class=\"wp-block-social-link-anchor\"><svg width=\"24\" height=\"24\" viewBox=\"0 0 24 24\" version=\"1.1\" xmlns=\"http:\/\/www.w3.org\/2000\/svg\" aria-hidden=\"true\" focusable=\"false\"><path d=\"M15.6,7.2H14v1.5h1.6c2,0,3.7,1.7,3.7,3.7s-1.7,3.7-3.7,3.7H14v1.5h1.6c2.8,0,5.2-2.3,5.2-5.2,0-2.9-2.3-5.2-5.2-5.2zM4.7,12.4c0-2,1.7-3.7,3.7-3.7H10V7.2H8.4c-2.9,0-5.2,2.3-5.2,5.2,0,2.9,2.3,5.2,5.2,5.2H10v-1.5H8.4c-2,0-3.7-1.7-3.7-3.7zm4.6.9h5.3v-1.5H9.3v1.5z\"><\/path><\/svg><span class=\"wp-block-social-link-label screen-reader-text\">Link<\/span><\/a><\/li><\/ul>\n\n\n\n<p><strong>Manaus<\/strong><br>19\/10, 16h30, Pra\u00e7a da Matriz<\/p>\n\n\n\n<p><strong>Macap\u00e1<\/strong><br>19\/10, 17h, Pra\u00e7a Veiga Cabral<\/p>\n\n\n\n<p><strong>Bras\u00edlia<\/strong><br>20\/10, 17h, Museu da Rep\u00fablica<\/p>\n\n\n\n<p><strong>S\u00e3o Lu\u00eds<\/strong><br>19\/10, 9h, Terminal Praia Grande<\/p>\n\n\n\n<p><strong>Campo Grande<\/strong><br>20\/10, 17h, Afonso Pena esq. 14 de Julho<\/p>\n\n\n\n<p><strong>Bel\u00e9m<\/strong><br>18\/10, 16h, Largo do Redondo<\/p>\n\n\n\n<p><strong>Recife<\/strong><br>19\/10, 17h, Parque 13 de maio<\/p>\n\n\n\n<p><strong>Maring\u00e1<\/strong><br>21\/10, 10h, Pra\u00e7a da Prefeitura<\/p>\n\n\n\n<p><strong>Foz de Igua\u00e7u<\/strong><br>22\/10, 9h, Pra\u00e7a da Paz<\/p>\n\n\n\n<p><strong>Rio de Janeiro<\/strong><br>19\/10, 17h, Cinel\u00e2ndia<\/p>\n\n\n\n<p><strong>Porto Alegre<\/strong><br>18\/10, 19h, Simpa Sindicato<\/p>\n\n\n\n<p><strong>S\u00e3o Paulo<\/strong><br>18\/10, 16h, V\u00e3o livre do Masp<\/p>\n\n\n\n<p>18\/10, 20h, Al Janiah<\/p>\n\n\n\n<p>19\/10, 18h, Largo S\u00e3o Francisco<\/p>\n\n\n\n<p>22\/10, 11h, Pra\u00e7a Oswaldo Cruz<\/p>\n\n\n\n<p>23\/10, 18h30, Casa Luis Gama<br><em>*com informa\u00e7\u00f5es da Rede Brasil Atual<\/em><\/p>\n\n\n\n<p>FONTE: ANDES-SN<\/p>\n","protected":false},"excerpt":{"rendered":"<p>O Sindicato Nacional repudia os ataques do governo de extrema direita de Israel e manifesta pesar pelas v\u00edtimas civis do conflito Nas \u00faltimas semanas, o mundo tem assistido ao acirramento do conflito entre Israel e Palestina, resultado de anos de uma pol\u00edtica de opress\u00e3o e massacre sistem\u00e1tico do povo palestino com o apoio do imperialismo [&hellip;]<\/p>\n","protected":false},"author":1,"featured_media":2302,"comment_status":"closed","ping_status":"open","sticky":false,"template":"","format":"standard","meta":{"_uag_custom_page_level_css":"","footnotes":""},"categories":[34,5],"tags":[],"class_list":["post-2301","post","type-post","status-publish","format-standard","has-post-thumbnail","hentry","category-andes-sn","category-noticias"],"yoast_head":"<!-- This site is optimized with the Yoast SEO plugin v27.5 - https:\/\/yoast.com\/product\/yoast-seo-wordpress\/ -->\n<title>Contra o genoc\u00eddio e toda solidariedade ao povo palestino! - ADUNIR<\/title>\n<meta name=\"robots\" content=\"index, follow, max-snippet:-1, max-image-preview:large, max-video-preview:-1\" \/>\n<link rel=\"canonical\" href=\"https:\/\/adunir.com.br\/index.php\/2023\/10\/24\/contra-o-genocidio-e-toda-solidariedade-ao-povo-palestino\/\" \/>\n<meta property=\"og:locale\" content=\"pt_BR\" \/>\n<meta property=\"og:type\" content=\"article\" \/>\n<meta property=\"og:title\" content=\"Contra o genoc\u00eddio e toda solidariedade ao povo palestino! - ADUNIR\" \/>\n<meta property=\"og:description\" content=\"O Sindicato Nacional repudia os ataques do governo de extrema direita de Israel e manifesta pesar pelas v\u00edtimas civis do conflito Nas \u00faltimas semanas, o mundo tem assistido ao acirramento do conflito entre Israel e Palestina, resultado de anos de uma pol\u00edtica de opress\u00e3o e massacre sistem\u00e1tico do povo palestino com o apoio do imperialismo [&hellip;]\" \/>\n<meta property=\"og:url\" content=\"https:\/\/adunir.com.br\/index.php\/2023\/10\/24\/contra-o-genocidio-e-toda-solidariedade-ao-povo-palestino\/\" \/>\n<meta property=\"og:site_name\" content=\"ADUNIR\" \/>\n<meta property=\"article:publisher\" content=\"https:\/\/www.facebook.com\/adunirsecaosindical.andes\/\" \/>\n<meta property=\"article:published_time\" content=\"2023-10-24T21:33:37+00:00\" \/>\n<meta property=\"article:modified_time\" content=\"2023-10-24T21:33:40+00:00\" \/>\n<meta property=\"og:image\" content=\"https:\/\/adunir.com.br\/wp-content\/uploads\/2023\/10\/WhatsApp-Image-2023-10-19-at-15_39_46-1.jpeg\" \/>\n\t<meta property=\"og:image:width\" content=\"914\" \/>\n\t<meta property=\"og:image:height\" content=\"396\" \/>\n\t<meta property=\"og:image:type\" content=\"image\/jpeg\" \/>\n<meta name=\"author\" content=\"adunir\" \/>\n<meta name=\"twitter:card\" content=\"summary_large_image\" \/>\n<meta name=\"twitter:label1\" content=\"Escrito por\" \/>\n\t<meta name=\"twitter:data1\" content=\"adunir\" \/>\n\t<meta name=\"twitter:label2\" content=\"Est. tempo de leitura\" \/>\n\t<meta name=\"twitter:data2\" content=\"7 minutos\" \/>\n<script type=\"application\/ld+json\" class=\"yoast-schema-graph\">{\"@context\":\"https:\\\/\\\/schema.org\",\"@graph\":[{\"@type\":\"Article\",\"@id\":\"https:\\\/\\\/adunir.com.br\\\/index.php\\\/2023\\\/10\\\/24\\\/contra-o-genocidio-e-toda-solidariedade-ao-povo-palestino\\\/#article\",\"isPartOf\":{\"@id\":\"https:\\\/\\\/adunir.com.br\\\/index.php\\\/2023\\\/10\\\/24\\\/contra-o-genocidio-e-toda-solidariedade-ao-povo-palestino\\\/\"},\"author\":{\"name\":\"adunir\",\"@id\":\"https:\\\/\\\/adunir.com.br\\\/#\\\/schema\\\/person\\\/86b4aeb6bf6cab96151fb0ac140b8c48\"},\"headline\":\"Contra o genoc\u00eddio e toda solidariedade ao povo palestino!\",\"datePublished\":\"2023-10-24T21:33:37+00:00\",\"dateModified\":\"2023-10-24T21:33:40+00:00\",\"mainEntityOfPage\":{\"@id\":\"https:\\\/\\\/adunir.com.br\\\/index.php\\\/2023\\\/10\\\/24\\\/contra-o-genocidio-e-toda-solidariedade-ao-povo-palestino\\\/\"},\"wordCount\":1219,\"publisher\":{\"@id\":\"https:\\\/\\\/adunir.com.br\\\/#organization\"},\"image\":{\"@id\":\"https:\\\/\\\/adunir.com.br\\\/index.php\\\/2023\\\/10\\\/24\\\/contra-o-genocidio-e-toda-solidariedade-ao-povo-palestino\\\/#primaryimage\"},\"thumbnailUrl\":\"https:\\\/\\\/adunir.com.br\\\/wp-content\\\/uploads\\\/2023\\\/10\\\/WhatsApp-Image-2023-10-19-at-15_39_46-1.jpeg\",\"articleSection\":[\"ANDES-SN\",\"Not\u00edcias\"],\"inLanguage\":\"pt-BR\"},{\"@type\":\"WebPage\",\"@id\":\"https:\\\/\\\/adunir.com.br\\\/index.php\\\/2023\\\/10\\\/24\\\/contra-o-genocidio-e-toda-solidariedade-ao-povo-palestino\\\/\",\"url\":\"https:\\\/\\\/adunir.com.br\\\/index.php\\\/2023\\\/10\\\/24\\\/contra-o-genocidio-e-toda-solidariedade-ao-povo-palestino\\\/\",\"name\":\"Contra o genoc\u00eddio e toda solidariedade ao povo palestino! - ADUNIR\",\"isPartOf\":{\"@id\":\"https:\\\/\\\/adunir.com.br\\\/#website\"},\"primaryImageOfPage\":{\"@id\":\"https:\\\/\\\/adunir.com.br\\\/index.php\\\/2023\\\/10\\\/24\\\/contra-o-genocidio-e-toda-solidariedade-ao-povo-palestino\\\/#primaryimage\"},\"image\":{\"@id\":\"https:\\\/\\\/adunir.com.br\\\/index.php\\\/2023\\\/10\\\/24\\\/contra-o-genocidio-e-toda-solidariedade-ao-povo-palestino\\\/#primaryimage\"},\"thumbnailUrl\":\"https:\\\/\\\/adunir.com.br\\\/wp-content\\\/uploads\\\/2023\\\/10\\\/WhatsApp-Image-2023-10-19-at-15_39_46-1.jpeg\",\"datePublished\":\"2023-10-24T21:33:37+00:00\",\"dateModified\":\"2023-10-24T21:33:40+00:00\",\"breadcrumb\":{\"@id\":\"https:\\\/\\\/adunir.com.br\\\/index.php\\\/2023\\\/10\\\/24\\\/contra-o-genocidio-e-toda-solidariedade-ao-povo-palestino\\\/#breadcrumb\"},\"inLanguage\":\"pt-BR\",\"potentialAction\":[{\"@type\":\"ReadAction\",\"target\":[\"https:\\\/\\\/adunir.com.br\\\/index.php\\\/2023\\\/10\\\/24\\\/contra-o-genocidio-e-toda-solidariedade-ao-povo-palestino\\\/\"]}]},{\"@type\":\"ImageObject\",\"inLanguage\":\"pt-BR\",\"@id\":\"https:\\\/\\\/adunir.com.br\\\/index.php\\\/2023\\\/10\\\/24\\\/contra-o-genocidio-e-toda-solidariedade-ao-povo-palestino\\\/#primaryimage\",\"url\":\"https:\\\/\\\/adunir.com.br\\\/wp-content\\\/uploads\\\/2023\\\/10\\\/WhatsApp-Image-2023-10-19-at-15_39_46-1.jpeg\",\"contentUrl\":\"https:\\\/\\\/adunir.com.br\\\/wp-content\\\/uploads\\\/2023\\\/10\\\/WhatsApp-Image-2023-10-19-at-15_39_46-1.jpeg\",\"width\":914,\"height\":396},{\"@type\":\"BreadcrumbList\",\"@id\":\"https:\\\/\\\/adunir.com.br\\\/index.php\\\/2023\\\/10\\\/24\\\/contra-o-genocidio-e-toda-solidariedade-ao-povo-palestino\\\/#breadcrumb\",\"itemListElement\":[{\"@type\":\"ListItem\",\"position\":1,\"name\":\"In\u00edcio\",\"item\":\"https:\\\/\\\/adunir.com.br\\\/\"},{\"@type\":\"ListItem\",\"position\":2,\"name\":\"Contra o genoc\u00eddio e toda solidariedade ao povo palestino!\"}]},{\"@type\":\"WebSite\",\"@id\":\"https:\\\/\\\/adunir.com.br\\\/#website\",\"url\":\"https:\\\/\\\/adunir.com.br\\\/\",\"name\":\"ADUNIR\",\"description\":\"Associa\u00e7\u00e3o dos Docentes da Universidade Federal de Rond\u00f4nia - Se\u00e7\u00e3o Sindical\",\"publisher\":{\"@id\":\"https:\\\/\\\/adunir.com.br\\\/#organization\"},\"potentialAction\":[{\"@type\":\"SearchAction\",\"target\":{\"@type\":\"EntryPoint\",\"urlTemplate\":\"https:\\\/\\\/adunir.com.br\\\/?s={search_term_string}\"},\"query-input\":{\"@type\":\"PropertyValueSpecification\",\"valueRequired\":true,\"valueName\":\"search_term_string\"}}],\"inLanguage\":\"pt-BR\"},{\"@type\":\"Organization\",\"@id\":\"https:\\\/\\\/adunir.com.br\\\/#organization\",\"name\":\"Associa\u00e7\u00e3o dos Docentes da Universidade Federal de Rond\u00f4nia - ADUNIR\",\"url\":\"https:\\\/\\\/adunir.com.br\\\/\",\"logo\":{\"@type\":\"ImageObject\",\"inLanguage\":\"pt-BR\",\"@id\":\"https:\\\/\\\/adunir.com.br\\\/#\\\/schema\\\/logo\\\/image\\\/\",\"url\":\"https:\\\/\\\/adunir.com.br\\\/wp-content\\\/uploads\\\/2023\\\/12\\\/cropped-logo_adunir.png\",\"contentUrl\":\"https:\\\/\\\/adunir.com.br\\\/wp-content\\\/uploads\\\/2023\\\/12\\\/cropped-logo_adunir.png\",\"width\":982,\"height\":102,\"caption\":\"Associa\u00e7\u00e3o dos Docentes da Universidade Federal de Rond\u00f4nia - ADUNIR\"},\"image\":{\"@id\":\"https:\\\/\\\/adunir.com.br\\\/#\\\/schema\\\/logo\\\/image\\\/\"},\"sameAs\":[\"https:\\\/\\\/www.facebook.com\\\/adunirsecaosindical.andes\\\/\"]},{\"@type\":\"Person\",\"@id\":\"https:\\\/\\\/adunir.com.br\\\/#\\\/schema\\\/person\\\/86b4aeb6bf6cab96151fb0ac140b8c48\",\"name\":\"adunir\",\"sameAs\":[\"http:\\\/\\\/localhost\\\/wordpress\"],\"url\":\"https:\\\/\\\/adunir.com.br\\\/index.php\\\/author\\\/adunir\\\/\"}]}<\/script>\n<!-- \/ Yoast SEO plugin. -->","yoast_head_json":{"title":"Contra o genoc\u00eddio e toda solidariedade ao povo palestino! - ADUNIR","robots":{"index":"index","follow":"follow","max-snippet":"max-snippet:-1","max-image-preview":"max-image-preview:large","max-video-preview":"max-video-preview:-1"},"canonical":"https:\/\/adunir.com.br\/index.php\/2023\/10\/24\/contra-o-genocidio-e-toda-solidariedade-ao-povo-palestino\/","og_locale":"pt_BR","og_type":"article","og_title":"Contra o genoc\u00eddio e toda solidariedade ao povo palestino! - ADUNIR","og_description":"O Sindicato Nacional repudia os ataques do governo de extrema direita de Israel e manifesta pesar pelas v\u00edtimas civis do conflito Nas \u00faltimas semanas, o mundo tem assistido ao acirramento do conflito entre Israel e Palestina, resultado de anos de uma pol\u00edtica de opress\u00e3o e massacre sistem\u00e1tico do povo palestino com o apoio do imperialismo [&hellip;]","og_url":"https:\/\/adunir.com.br\/index.php\/2023\/10\/24\/contra-o-genocidio-e-toda-solidariedade-ao-povo-palestino\/","og_site_name":"ADUNIR","article_publisher":"https:\/\/www.facebook.com\/adunirsecaosindical.andes\/","article_published_time":"2023-10-24T21:33:37+00:00","article_modified_time":"2023-10-24T21:33:40+00:00","og_image":[{"width":914,"height":396,"url":"https:\/\/adunir.com.br\/wp-content\/uploads\/2023\/10\/WhatsApp-Image-2023-10-19-at-15_39_46-1.jpeg","type":"image\/jpeg"}],"author":"adunir","twitter_card":"summary_large_image","twitter_misc":{"Escrito por":"adunir","Est. tempo de leitura":"7 minutos"},"schema":{"@context":"https:\/\/schema.org","@graph":[{"@type":"Article","@id":"https:\/\/adunir.com.br\/index.php\/2023\/10\/24\/contra-o-genocidio-e-toda-solidariedade-ao-povo-palestino\/#article","isPartOf":{"@id":"https:\/\/adunir.com.br\/index.php\/2023\/10\/24\/contra-o-genocidio-e-toda-solidariedade-ao-povo-palestino\/"},"author":{"name":"adunir","@id":"https:\/\/adunir.com.br\/#\/schema\/person\/86b4aeb6bf6cab96151fb0ac140b8c48"},"headline":"Contra o genoc\u00eddio e toda solidariedade ao povo palestino!","datePublished":"2023-10-24T21:33:37+00:00","dateModified":"2023-10-24T21:33:40+00:00","mainEntityOfPage":{"@id":"https:\/\/adunir.com.br\/index.php\/2023\/10\/24\/contra-o-genocidio-e-toda-solidariedade-ao-povo-palestino\/"},"wordCount":1219,"publisher":{"@id":"https:\/\/adunir.com.br\/#organization"},"image":{"@id":"https:\/\/adunir.com.br\/index.php\/2023\/10\/24\/contra-o-genocidio-e-toda-solidariedade-ao-povo-palestino\/#primaryimage"},"thumbnailUrl":"https:\/\/adunir.com.br\/wp-content\/uploads\/2023\/10\/WhatsApp-Image-2023-10-19-at-15_39_46-1.jpeg","articleSection":["ANDES-SN","Not\u00edcias"],"inLanguage":"pt-BR"},{"@type":"WebPage","@id":"https:\/\/adunir.com.br\/index.php\/2023\/10\/24\/contra-o-genocidio-e-toda-solidariedade-ao-povo-palestino\/","url":"https:\/\/adunir.com.br\/index.php\/2023\/10\/24\/contra-o-genocidio-e-toda-solidariedade-ao-povo-palestino\/","name":"Contra o genoc\u00eddio e toda solidariedade ao povo palestino! - ADUNIR","isPartOf":{"@id":"https:\/\/adunir.com.br\/#website"},"primaryImageOfPage":{"@id":"https:\/\/adunir.com.br\/index.php\/2023\/10\/24\/contra-o-genocidio-e-toda-solidariedade-ao-povo-palestino\/#primaryimage"},"image":{"@id":"https:\/\/adunir.com.br\/index.php\/2023\/10\/24\/contra-o-genocidio-e-toda-solidariedade-ao-povo-palestino\/#primaryimage"},"thumbnailUrl":"https:\/\/adunir.com.br\/wp-content\/uploads\/2023\/10\/WhatsApp-Image-2023-10-19-at-15_39_46-1.jpeg","datePublished":"2023-10-24T21:33:37+00:00","dateModified":"2023-10-24T21:33:40+00:00","breadcrumb":{"@id":"https:\/\/adunir.com.br\/index.php\/2023\/10\/24\/contra-o-genocidio-e-toda-solidariedade-ao-povo-palestino\/#breadcrumb"},"inLanguage":"pt-BR","potentialAction":[{"@type":"ReadAction","target":["https:\/\/adunir.com.br\/index.php\/2023\/10\/24\/contra-o-genocidio-e-toda-solidariedade-ao-povo-palestino\/"]}]},{"@type":"ImageObject","inLanguage":"pt-BR","@id":"https:\/\/adunir.com.br\/index.php\/2023\/10\/24\/contra-o-genocidio-e-toda-solidariedade-ao-povo-palestino\/#primaryimage","url":"https:\/\/adunir.com.br\/wp-content\/uploads\/2023\/10\/WhatsApp-Image-2023-10-19-at-15_39_46-1.jpeg","contentUrl":"https:\/\/adunir.com.br\/wp-content\/uploads\/2023\/10\/WhatsApp-Image-2023-10-19-at-15_39_46-1.jpeg","width":914,"height":396},{"@type":"BreadcrumbList","@id":"https:\/\/adunir.com.br\/index.php\/2023\/10\/24\/contra-o-genocidio-e-toda-solidariedade-ao-povo-palestino\/#breadcrumb","itemListElement":[{"@type":"ListItem","position":1,"name":"In\u00edcio","item":"https:\/\/adunir.com.br\/"},{"@type":"ListItem","position":2,"name":"Contra o genoc\u00eddio e toda solidariedade ao povo palestino!"}]},{"@type":"WebSite","@id":"https:\/\/adunir.com.br\/#website","url":"https:\/\/adunir.com.br\/","name":"ADUNIR","description":"Associa\u00e7\u00e3o dos Docentes da Universidade Federal de Rond\u00f4nia - Se\u00e7\u00e3o Sindical","publisher":{"@id":"https:\/\/adunir.com.br\/#organization"},"potentialAction":[{"@type":"SearchAction","target":{"@type":"EntryPoint","urlTemplate":"https:\/\/adunir.com.br\/?s={search_term_string}"},"query-input":{"@type":"PropertyValueSpecification","valueRequired":true,"valueName":"search_term_string"}}],"inLanguage":"pt-BR"},{"@type":"Organization","@id":"https:\/\/adunir.com.br\/#organization","name":"Associa\u00e7\u00e3o dos Docentes da Universidade Federal de Rond\u00f4nia - ADUNIR","url":"https:\/\/adunir.com.br\/","logo":{"@type":"ImageObject","inLanguage":"pt-BR","@id":"https:\/\/adunir.com.br\/#\/schema\/logo\/image\/","url":"https:\/\/adunir.com.br\/wp-content\/uploads\/2023\/12\/cropped-logo_adunir.png","contentUrl":"https:\/\/adunir.com.br\/wp-content\/uploads\/2023\/12\/cropped-logo_adunir.png","width":982,"height":102,"caption":"Associa\u00e7\u00e3o dos Docentes da Universidade Federal de Rond\u00f4nia - ADUNIR"},"image":{"@id":"https:\/\/adunir.com.br\/#\/schema\/logo\/image\/"},"sameAs":["https:\/\/www.facebook.com\/adunirsecaosindical.andes\/"]},{"@type":"Person","@id":"https:\/\/adunir.com.br\/#\/schema\/person\/86b4aeb6bf6cab96151fb0ac140b8c48","name":"adunir","sameAs":["http:\/\/localhost\/wordpress"],"url":"https:\/\/adunir.com.br\/index.php\/author\/adunir\/"}]}},"uagb_featured_image_src":{"full":["https:\/\/adunir.com.br\/wp-content\/uploads\/2023\/10\/WhatsApp-Image-2023-10-19-at-15_39_46-1.jpeg",914,396,false],"thumbnail":["https:\/\/adunir.com.br\/wp-content\/uploads\/2023\/10\/WhatsApp-Image-2023-10-19-at-15_39_46-1-150x150.jpeg",150,150,true],"medium":["https:\/\/adunir.com.br\/wp-content\/uploads\/2023\/10\/WhatsApp-Image-2023-10-19-at-15_39_46-1-300x130.jpeg",300,130,true],"medium_large":["https:\/\/adunir.com.br\/wp-content\/uploads\/2023\/10\/WhatsApp-Image-2023-10-19-at-15_39_46-1-768x333.jpeg",768,333,true],"large":["https:\/\/adunir.com.br\/wp-content\/uploads\/2023\/10\/WhatsApp-Image-2023-10-19-at-15_39_46-1.jpeg",914,396,false],"1536x1536":["https:\/\/adunir.com.br\/wp-content\/uploads\/2023\/10\/WhatsApp-Image-2023-10-19-at-15_39_46-1.jpeg",914,396,false],"2048x2048":["https:\/\/adunir.com.br\/wp-content\/uploads\/2023\/10\/WhatsApp-Image-2023-10-19-at-15_39_46-1.jpeg",914,396,false]},"uagb_author_info":{"display_name":"adunir","author_link":"https:\/\/adunir.com.br\/index.php\/author\/adunir\/"},"uagb_comment_info":0,"uagb_excerpt":"O Sindicato Nacional repudia os ataques do governo de extrema direita de Israel e manifesta pesar pelas v\u00edtimas civis do conflito Nas \u00faltimas semanas, o mundo tem assistido ao acirramento do conflito entre Israel e Palestina, resultado de anos de uma pol\u00edtica de opress\u00e3o e massacre sistem\u00e1tico do povo palestino com o apoio do imperialismo&hellip;","_links":{"self":[{"href":"https:\/\/adunir.com.br\/index.php\/wp-json\/wp\/v2\/posts\/2301","targetHints":{"allow":["GET"]}}],"collection":[{"href":"https:\/\/adunir.com.br\/index.php\/wp-json\/wp\/v2\/posts"}],"about":[{"href":"https:\/\/adunir.com.br\/index.php\/wp-json\/wp\/v2\/types\/post"}],"author":[{"embeddable":true,"href":"https:\/\/adunir.com.br\/index.php\/wp-json\/wp\/v2\/users\/1"}],"replies":[{"embeddable":true,"href":"https:\/\/adunir.com.br\/index.php\/wp-json\/wp\/v2\/comments?post=2301"}],"version-history":[{"count":1,"href":"https:\/\/adunir.com.br\/index.php\/wp-json\/wp\/v2\/posts\/2301\/revisions"}],"predecessor-version":[{"id":2304,"href":"https:\/\/adunir.com.br\/index.php\/wp-json\/wp\/v2\/posts\/2301\/revisions\/2304"}],"wp:featuredmedia":[{"embeddable":true,"href":"https:\/\/adunir.com.br\/index.php\/wp-json\/wp\/v2\/media\/2302"}],"wp:attachment":[{"href":"https:\/\/adunir.com.br\/index.php\/wp-json\/wp\/v2\/media?parent=2301"}],"wp:term":[{"taxonomy":"category","embeddable":true,"href":"https:\/\/adunir.com.br\/index.php\/wp-json\/wp\/v2\/categories?post=2301"},{"taxonomy":"post_tag","embeddable":true,"href":"https:\/\/adunir.com.br\/index.php\/wp-json\/wp\/v2\/tags?post=2301"}],"curies":[{"name":"wp","href":"https:\/\/api.w.org\/{rel}","templated":true}]}}