{"id":3797,"date":"2025-10-29T14:39:26","date_gmt":"2025-10-29T18:39:26","guid":{"rendered":"https:\/\/adunir.com.br\/?p=3797"},"modified":"2025-10-29T15:32:29","modified_gmt":"2025-10-29T19:32:29","slug":"nota-da-adunir-sobre-a-situacao-do-campus-de-porto-velho-e-as-acoes-privatistas-da-reitoria","status":"publish","type":"post","link":"https:\/\/adunir.com.br\/index.php\/2025\/10\/29\/nota-da-adunir-sobre-a-situacao-do-campus-de-porto-velho-e-as-acoes-privatistas-da-reitoria\/","title":{"rendered":"NOTA DA ADUNIR SOBRE A SITUA\u00c7\u00c3O DO CAMPUS DE PORTO VELHO E AS A\u00c7\u00d5ES PRIVATISTAS DA REITORIA"},"content":{"rendered":"\n<p class=\"has-cyan-bluish-gray-background-color has-background\">A Associa\u00e7\u00e3o dos Docentes da Universidade Federal de Rond\u00f4nia (ADUNIR Se\u00e7\u00e3o Sindical do ANDES-SN) vem a p\u00fablico denunciar, mais uma vez, as prec\u00e1rias condi\u00e7\u00f5es de trabalho e estudo no campus da UNIR em Porto Velho.<\/p>\n\n\n\n<p class=\"has-vivid-red-color has-text-color has-link-color wp-elements-140c6a642734349a5b576f426cd02918\">A situa\u00e7\u00e3o chegou a um ponto alarmante. Al\u00e9m da falta de materiais b\u00e1sicos para o desenvolvimento das atividades de ensino, pesquisa e extens\u00e3o, o campus enfrentou, no \u00faltimo m\u00eas, a suspens\u00e3o das aulas entre os dias 24\/09 e 02\/10\/2025, em raz\u00e3o da contamina\u00e7\u00e3o da \u00e1gua. Exames laboratoriais identificaram a presen\u00e7a da bact\u00e9ria Escherichia coli (E. coli), altamente perigosa \u00e0 sa\u00fade, na \u00e1gua consumida por estudantes, docentes e t\u00e9cnicos da universidade. A E. coli pode provocar febre, n\u00e1usea, v\u00f4mito, diarreia e, em casos mais graves, complica\u00e7\u00f5es fatais. Dias antes da interdi\u00e7\u00e3o, foi encontrado um gato morto dentro da caixa d&#8217;\u00e1gua do campus, fato amplamente denunciado pela comunidade acad\u00eamica.<\/p>\n\n\n\n<!--more-->\n\n\n\n<p class=\"has-luminous-vivid-amber-background-color has-background\">Ap\u00f3s o epis\u00f3dio, diante das cr\u00edticas e mobiliza\u00e7\u00f5es leg\u00edtimas que exigiam provid\u00eancias imediatas, a gest\u00e3o enviou um e-mail \u00e0 comunidade com o seguinte teor: Chega de teoria da conspira\u00e7\u00e3o. \u00c9 hora de canalizar as energias e a sede de solu\u00e7\u00f5es participando da Maratona UNIR Socioempreendedora.<\/p>\n\n\n\n<p>O conte\u00fado dessa mensagem revela o car\u00e1ter autorit\u00e1rio e reacion\u00e1rio da atual gest\u00e3o, que minimiza a gravidade da situa\u00e7\u00e3o sanit\u00e1ria e tenta converter a crise institucional em um suposto &#8220;desafio empreendedor&#8221;. Essa vis\u00e3o mercantilizadora de universidade, baseada em alian\u00e7as com o setor privado, vai de encontro aos princ\u00edpios da universidade p\u00fablica, gratuita e socialmente referenciada.<\/p>\n\n\n\n<p>A reitoria tem insistido em submeter a extens\u00e3o universit\u00e1ria \u00e0 l\u00f3gica empresarial, contrariando seu verdadeiro sentido: servir ao povo, democratizar o conhecimento cient\u00edfico e contribuir para a transforma\u00e7\u00e3o social e a melhoria das condi\u00e7\u00f5es de vida da popula\u00e7\u00e3o. Transformar neglig\u00eancia e descaso em oportunidade de &#8220;empreendedorismo individual&#8221; \u00e9 um absurdo inaceit\u00e1vel e demonstra profunda desconex\u00e3o com o car\u00e1ter p\u00fablico da universidade.<\/p>\n\n\n\n<p>No dia 22 de outubro de 2025, a comunidade universit\u00e1ria foi surpreendida com o fechamento tempor\u00e1rio do Restaurante Universit\u00e1rio (RU) do campus de Porto Velho. Conforme a PROCEA, a empresa respons\u00e1vel pelo servi\u00e7o, Pupo Cozinha Industrial Ltda, simplesmente abandonou o contrato e deixou de responder aos contatos da UNIR.<\/p>\n\n\n\n<p>Dois dias depois, em 24 de outubro, uma nova empresa MR Com\u00e9rcio e Servi\u00e7o Ltda assumiu o RU, reduzindo o valor do almo\u00e7o em m\u00edseros 35 centavos. Ainda assim, o pre\u00e7o continua entre os mais altos do pa\u00eds. O que est\u00e1 por tr\u00e1s dessa &#8220;troca de empresas&#8221; vai muito al\u00e9m do prato de comida: \u00e9 o avan\u00e7o da l\u00f3gica privatista e da terceiriza\u00e7\u00e3o dentro das universidades p\u00fablicas.<\/p>\n\n\n\n<p>O verdadeiro problema do Restaurante Universit\u00e1rio, e de tantos outros setores da vida universit\u00e1ria, \u00e9 o mesmo que vem corroendo o servi\u00e7o p\u00fablico no Brasil: a terceiriza\u00e7\u00e3o generalizada. O que antes era garantido por servidores p\u00fablicos cozinheiros(as), nutricionistas, zeladores(as), t\u00e9cnicos(as) e outros profissionais concursados , hoje \u00e9 entregue a empresas que visam o lucro, e n\u00e3o o interesse p\u00fablico.<\/p>\n\n\n\n<p>Na UNIR, a hist\u00f3ria n\u00e3o \u00e9 diferente. Alguns anos atr\u00e1s, a UNIR oferecia servi\u00e7os pr\u00f3prios e essenciais: ambulat\u00f3rios de sa\u00fade com m\u00e9dicos, dentistas e enfermeiros, que atendiam estudantes e servidores; equipes de vigil\u00e2ncia, limpeza, transporte e manuten\u00e7\u00e3o, formadas por trabalhadores da pr\u00f3pria universidade. Tudo isso foi sucateado e destru\u00eddo em nome de uma suposta &#8220;moderniza\u00e7\u00e3o&#8221;, que na pr\u00e1tica significa privatizar o que \u00e9 p\u00fablico. <\/p>\n\n\n\n<p>Desde os anos 2000, a terceiriza\u00e7\u00e3o se espalhou pela UNIR, come\u00e7ou com limpeza e seguran\u00e7a, e hoje atinge todos os servi\u00e7os b\u00e1sicos, inclusive os int\u00e9rpretes de Libras. A atual reitoria foi eleita defendendo a terceiriza\u00e7\u00e3o de t\u00e9cnicos administrativos, e a reforma administrativa em curso abre caminho para algo ainda mais grave: a terceiriza\u00e7\u00e3o do trabalho docente.<\/p>\n\n\n\n<p>Chamemos as coisas pelo nome certo: isso \u00e9 privatiza\u00e7\u00e3o! E como toda privatiza\u00e7\u00e3o, ela vem precedida de sucateamento, precariza\u00e7\u00e3o e abandono. \u00c9 o mesmo roteiro de sempre primeiro, se destr\u00f3i a estrutura p\u00fablica, depois se diz que &#8220;\u00e9 ineficiente&#8221; e, por fim, se entrega ao setor privado.<\/p>\n\n\n\n<p>Enquanto amargamos as p\u00e9ssimas condi\u00e7\u00f5es de funcionamento do campus, a Reitoria da UNIR gasta valores exorbitantes em passagens e di\u00e1rias, financiando viagens e comitivas para eventos ligados ao agroneg\u00f3cio e agendas politiqueiras, no contexto da chamada &#8220;reitoria itinerante&#8221;, uma pr\u00e1tica que tem servido mais a interesses pessoais e eleitoreiros do que ao fortalecimento da universidade p\u00fablica. Nos \u00faltimos dois anos, mais de oito milh\u00f5es de reais foram gastos em totens de seguran\u00e7a que n\u00e3o cumprem qualquer fun\u00e7\u00e3o efetiva. A inefici\u00eancia \u00e9 tamanha que os equipamentos &#8220;inteligentes&#8221; n\u00e3o foram capazes sequer de registrar o roubo de dezenas de aparelhos de ar-condicionado que estavam armazenados no teatro, retirados de uma s\u00f3 vez sem qualquer vigil\u00e2ncia. Recursos p\u00fablicos vultosos, oriundos de emendas parlamentares de pol\u00edticos alinhados ao setor privado de seguran\u00e7a, foram desperdi\u00e7ados em um projeto de fachada, sem transpar\u00eancia e sem retorno algum \u00e0 comunidade acad\u00eamica. Tal situa\u00e7\u00e3o evidencia o desvio de prioridades dessa gest\u00e3o, que investe em aparatos de marketing e visibilidade institucional enquanto negligencia as condi\u00e7\u00f5es b\u00e1sicas de ensino, pesquisa, extens\u00e3o e perman\u00eancia estudantil.<\/p>\n\n\n\n<p>A ADUNIR denuncia o abandono e o sucateamento deliberado do campus de Porto Velho, bem como a ado\u00e7\u00e3o de uma pol\u00edtica privatista que submete a universidade aos interesses do capital e \u00e0 l\u00f3gica de mercado.<\/p>\n\n\n\n<p>Reiteramos nossas exig\u00eancias imediatas:<\/p>\n\n\n\n<div class=\"wp-block-uagb-icon-list uagb-block-80c9d652\"><div class=\"uagb-icon-list__wrap\">\n<div class=\"wp-block-uagb-icon-list-child uagb-block-4bd58b69\"><span class=\"uagb-icon-list__source-wrap\"><svg xmlns=\"https:\/\/www.w3.org\/2000\/svg\" viewBox=\"0 0 512 512\"><path d=\"M512 256C512 397.4 397.4 512 256 512C114.6 512 0 397.4 0 256C0 114.6 114.6 0 256 0C397.4 0 512 114.6 512 256z\"><\/path><\/svg><\/span><span class=\"uagb-icon-list__label\">Melhores condi\u00e7\u00f5es de trabalho e estudo, com infraestrutura adequada e ambiente salubre;<\/span><\/div>\n\n\n\n<div class=\"wp-block-uagb-icon-list-child uagb-block-c6cc1022\"><span class=\"uagb-icon-list__source-wrap\"><svg xmlns=\"https:\/\/www.w3.org\/2000\/svg\" viewBox=\"0 0 512 512\"><path d=\"M512 256C512 397.4 397.4 512 256 512C114.6 512 0 397.4 0 256C0 114.6 114.6 0 256 0C397.4 0 512 114.6 512 256z\"><\/path><\/svg><\/span><span class=\"uagb-icon-list__label\">Melhoria do funcionamento do Restaurante Universit\u00e1rio, garantindo a alimenta\u00e7\u00e3o e a perman\u00eancia estudantil;<\/span><\/div>\n\n\n\n<div class=\"wp-block-uagb-icon-list-child uagb-block-5ee9edc7\"><span class=\"uagb-icon-list__source-wrap\"><svg xmlns=\"https:\/\/www.w3.org\/2000\/svg\" viewBox=\"0 0 512 512\"><path d=\"M512 256C512 397.4 397.4 512 256 512C114.6 512 0 397.4 0 256C0 114.6 114.6 0 256 0C397.4 0 512 114.6 512 256z\"><\/path><\/svg><\/span><span class=\"uagb-icon-list__label\">Rompimento com a l\u00f3gica privatista e mercantil que amea\u00e7a o car\u00e1ter p\u00fablico da UNIR;<\/span><\/div>\n\n\n\n<div class=\"wp-block-uagb-icon-list-child uagb-block-3b2328f2\"><span class=\"uagb-icon-list__source-wrap\"><svg xmlns=\"https:\/\/www.w3.org\/2000\/svg\" viewBox=\"0 0 512 512\"><path d=\"M512 256C512 397.4 397.4 512 256 512C114.6 512 0 397.4 0 256C0 114.6 114.6 0 256 0C397.4 0 512 114.6 512 256z\"><\/path><\/svg><\/span><span class=\"uagb-icon-list__label\">Transpar\u00eancia na gest\u00e3o dos recursos p\u00fablicos e respeito aos direitos fundamentais de estudantes, docentes e t\u00e9cnicos administrativos.<\/span><\/div>\n<\/div><\/div>\n\n\n\n<p>Defender RU p\u00fablico, defender os servi\u00e7os p\u00fablicos e defender os trabalhadores e estudantes da UNIR \u00e9 defender a pr\u00f3pria universidade p\u00fablica, gratuita e de qualidade. N\u00e3o aceitaremos que a educa\u00e7\u00e3o se torne mercadoria, nem que nossas condi\u00e7\u00f5es de vida e estudo sejam entregues \u00e0 l\u00f3gica do lucro.<\/p>\n\n\n\n<p>A ADUNIR reafirma seu compromisso com a defesa intransigente da universidade p\u00fablica, gratuita, laica e socialmente comprometida, e conclama toda a comunidade acad\u00eamica a seguir mobilizada contra o desmonte e a privatiza\u00e7\u00e3o da UNIR.<\/p>\n\n\n\n<p class=\"has-text-align-center\"><strong>Em defesa da universidade p\u00fablica e dos direitos de quem a constr\u00f3i todos os dias!<\/strong><\/p>\n\n\n\n<p class=\"has-text-align-center\"><strong>Viva o dia dos servidores p\u00fablicos!<\/strong><\/p>\n\n\n\n<p class=\"has-text-align-center\"><strong>Abaixo a Reforma Administrativa!<\/strong><\/p>\n\n\n\n<p class=\"has-text-align-right\">Porto Velho, 22 de outubro de 2025<\/p>\n\n\n\n<p class=\"has-text-align-center\"><strong>ADUNIR Associa\u00e7\u00e3o dos Docentes da Universidade Federal de Rond\u00f4nia<\/strong><br><strong>Se\u00e7\u00e3o Sindical do ANDES-SN<\/strong><\/p>\n\n\n\n<div data-wp-interactive=\"core\/file\" class=\"wp-block-file\"><object data-wp-bind--hidden=\"!state.hasPdfPreview\" hidden class=\"wp-block-file__embed\" data=\"https:\/\/adunir.com.br\/wp-content\/uploads\/2025\/10\/NOTA-DA-ADUNIR-SOBRE-A-SITUACAO-DO-CAMPUS-DE-PORTO-VELHO.pdf\" type=\"application\/pdf\" style=\"width:100%;height:600px\" aria-label=\"Incorporado de NOTA DA ADUNIR SOBRE A SITUA\u00c7\u00c3O DO CAMPUS DE PORTO VELHO.\"><\/object><a id=\"wp-block-file--media-87ca3717-11f9-4a7c-945a-11da3a91d0ed\" href=\"https:\/\/adunir.com.br\/wp-content\/uploads\/2025\/10\/NOTA-DA-ADUNIR-SOBRE-A-SITUACAO-DO-CAMPUS-DE-PORTO-VELHO.pdf\">NOTA DA ADUNIR SOBRE A SITUA\u00c7\u00c3O DO CAMPUS DE PORTO VELHO<\/a><a href=\"https:\/\/adunir.com.br\/wp-content\/uploads\/2025\/10\/NOTA-DA-ADUNIR-SOBRE-A-SITUACAO-DO-CAMPUS-DE-PORTO-VELHO.pdf\" class=\"wp-block-file__button wp-element-button\" download aria-describedby=\"wp-block-file--media-87ca3717-11f9-4a7c-945a-11da3a91d0ed\">Baixar<\/a><\/div>\n","protected":false},"excerpt":{"rendered":"<p>A Associa\u00e7\u00e3o dos Docentes da Universidade Federal de Rond\u00f4nia (ADUNIR Se\u00e7\u00e3o Sindical do ANDES-SN) vem a p\u00fablico denunciar, mais uma vez, as prec\u00e1rias condi\u00e7\u00f5es de trabalho e estudo no campus da UNIR em Porto Velho. A situa\u00e7\u00e3o chegou a um ponto alarmante. Al\u00e9m da falta de materiais b\u00e1sicos para o desenvolvimento das atividades de ensino, [&hellip;]<\/p>\n","protected":false},"author":1,"featured_media":3800,"comment_status":"closed","ping_status":"open","sticky":false,"template":"","format":"standard","meta":{"_uag_custom_page_level_css":"","footnotes":""},"categories":[5],"tags":[],"class_list":["post-3797","post","type-post","status-publish","format-standard","has-post-thumbnail","hentry","category-noticias"],"yoast_head":"<!-- This site is optimized with the Yoast SEO plugin v27.5 - https:\/\/yoast.com\/product\/yoast-seo-wordpress\/ -->\n<title>NOTA DA ADUNIR SOBRE A SITUA\u00c7\u00c3O DO CAMPUS DE PORTO VELHO E AS A\u00c7\u00d5ES PRIVATISTAS DA REITORIA - ADUNIR<\/title>\n<meta name=\"robots\" content=\"index, follow, max-snippet:-1, max-image-preview:large, max-video-preview:-1\" \/>\n<link rel=\"canonical\" href=\"https:\/\/adunir.com.br\/index.php\/2025\/10\/29\/nota-da-adunir-sobre-a-situacao-do-campus-de-porto-velho-e-as-acoes-privatistas-da-reitoria\/\" \/>\n<meta property=\"og:locale\" content=\"pt_BR\" \/>\n<meta property=\"og:type\" content=\"article\" \/>\n<meta property=\"og:title\" content=\"NOTA DA ADUNIR SOBRE A SITUA\u00c7\u00c3O DO CAMPUS DE PORTO VELHO E AS A\u00c7\u00d5ES PRIVATISTAS DA REITORIA - ADUNIR\" \/>\n<meta property=\"og:description\" content=\"A Associa\u00e7\u00e3o dos Docentes da Universidade Federal de Rond\u00f4nia (ADUNIR Se\u00e7\u00e3o Sindical do ANDES-SN) vem a p\u00fablico denunciar, mais uma vez, as prec\u00e1rias condi\u00e7\u00f5es de trabalho e estudo no campus da UNIR em Porto Velho. A situa\u00e7\u00e3o chegou a um ponto alarmante. Al\u00e9m da falta de materiais b\u00e1sicos para o desenvolvimento das atividades de ensino, [&hellip;]\" \/>\n<meta property=\"og:url\" content=\"https:\/\/adunir.com.br\/index.php\/2025\/10\/29\/nota-da-adunir-sobre-a-situacao-do-campus-de-porto-velho-e-as-acoes-privatistas-da-reitoria\/\" \/>\n<meta property=\"og:site_name\" content=\"ADUNIR\" \/>\n<meta property=\"article:publisher\" content=\"https:\/\/www.facebook.com\/adunirsecaosindical.andes\/\" \/>\n<meta property=\"article:published_time\" content=\"2025-10-29T18:39:26+00:00\" \/>\n<meta property=\"article:modified_time\" content=\"2025-10-29T19:32:29+00:00\" \/>\n<meta property=\"og:image\" content=\"https:\/\/adunir.com.br\/wp-content\/uploads\/2025\/10\/NOTA-DA-ADUNIR-SOBRE-A-SITUACAO-DO-CAMPUS-DE-PORTO-VELHO-E-AS-ACOES-PRIVATISTAS-DA-REITORIA.png\" \/>\n\t<meta property=\"og:image:width\" content=\"1920\" \/>\n\t<meta property=\"og:image:height\" content=\"1080\" \/>\n\t<meta property=\"og:image:type\" content=\"image\/png\" \/>\n<meta name=\"author\" content=\"adunir\" \/>\n<meta name=\"twitter:card\" content=\"summary_large_image\" \/>\n<meta name=\"twitter:label1\" content=\"Escrito por\" \/>\n\t<meta name=\"twitter:data1\" content=\"adunir\" \/>\n\t<meta name=\"twitter:label2\" content=\"Est. tempo de leitura\" \/>\n\t<meta name=\"twitter:data2\" content=\"7 minutos\" \/>\n<script type=\"application\/ld+json\" class=\"yoast-schema-graph\">{\"@context\":\"https:\\\/\\\/schema.org\",\"@graph\":[{\"@type\":\"Article\",\"@id\":\"https:\\\/\\\/adunir.com.br\\\/index.php\\\/2025\\\/10\\\/29\\\/nota-da-adunir-sobre-a-situacao-do-campus-de-porto-velho-e-as-acoes-privatistas-da-reitoria\\\/#article\",\"isPartOf\":{\"@id\":\"https:\\\/\\\/adunir.com.br\\\/index.php\\\/2025\\\/10\\\/29\\\/nota-da-adunir-sobre-a-situacao-do-campus-de-porto-velho-e-as-acoes-privatistas-da-reitoria\\\/\"},\"author\":{\"name\":\"adunir\",\"@id\":\"https:\\\/\\\/adunir.com.br\\\/#\\\/schema\\\/person\\\/86b4aeb6bf6cab96151fb0ac140b8c48\"},\"headline\":\"NOTA DA ADUNIR SOBRE A SITUA\u00c7\u00c3O DO CAMPUS DE PORTO VELHO E AS A\u00c7\u00d5ES PRIVATISTAS DA REITORIA\",\"datePublished\":\"2025-10-29T18:39:26+00:00\",\"dateModified\":\"2025-10-29T19:32:29+00:00\",\"mainEntityOfPage\":{\"@id\":\"https:\\\/\\\/adunir.com.br\\\/index.php\\\/2025\\\/10\\\/29\\\/nota-da-adunir-sobre-a-situacao-do-campus-de-porto-velho-e-as-acoes-privatistas-da-reitoria\\\/\"},\"wordCount\":1217,\"publisher\":{\"@id\":\"https:\\\/\\\/adunir.com.br\\\/#organization\"},\"image\":{\"@id\":\"https:\\\/\\\/adunir.com.br\\\/index.php\\\/2025\\\/10\\\/29\\\/nota-da-adunir-sobre-a-situacao-do-campus-de-porto-velho-e-as-acoes-privatistas-da-reitoria\\\/#primaryimage\"},\"thumbnailUrl\":\"https:\\\/\\\/adunir.com.br\\\/wp-content\\\/uploads\\\/2025\\\/10\\\/NOTA-DA-ADUNIR-SOBRE-A-SITUACAO-DO-CAMPUS-DE-PORTO-VELHO-E-AS-ACOES-PRIVATISTAS-DA-REITORIA.png\",\"articleSection\":[\"Not\u00edcias\"],\"inLanguage\":\"pt-BR\"},{\"@type\":\"WebPage\",\"@id\":\"https:\\\/\\\/adunir.com.br\\\/index.php\\\/2025\\\/10\\\/29\\\/nota-da-adunir-sobre-a-situacao-do-campus-de-porto-velho-e-as-acoes-privatistas-da-reitoria\\\/\",\"url\":\"https:\\\/\\\/adunir.com.br\\\/index.php\\\/2025\\\/10\\\/29\\\/nota-da-adunir-sobre-a-situacao-do-campus-de-porto-velho-e-as-acoes-privatistas-da-reitoria\\\/\",\"name\":\"NOTA DA ADUNIR SOBRE A SITUA\u00c7\u00c3O DO CAMPUS DE PORTO VELHO E AS A\u00c7\u00d5ES PRIVATISTAS DA REITORIA - ADUNIR\",\"isPartOf\":{\"@id\":\"https:\\\/\\\/adunir.com.br\\\/#website\"},\"primaryImageOfPage\":{\"@id\":\"https:\\\/\\\/adunir.com.br\\\/index.php\\\/2025\\\/10\\\/29\\\/nota-da-adunir-sobre-a-situacao-do-campus-de-porto-velho-e-as-acoes-privatistas-da-reitoria\\\/#primaryimage\"},\"image\":{\"@id\":\"https:\\\/\\\/adunir.com.br\\\/index.php\\\/2025\\\/10\\\/29\\\/nota-da-adunir-sobre-a-situacao-do-campus-de-porto-velho-e-as-acoes-privatistas-da-reitoria\\\/#primaryimage\"},\"thumbnailUrl\":\"https:\\\/\\\/adunir.com.br\\\/wp-content\\\/uploads\\\/2025\\\/10\\\/NOTA-DA-ADUNIR-SOBRE-A-SITUACAO-DO-CAMPUS-DE-PORTO-VELHO-E-AS-ACOES-PRIVATISTAS-DA-REITORIA.png\",\"datePublished\":\"2025-10-29T18:39:26+00:00\",\"dateModified\":\"2025-10-29T19:32:29+00:00\",\"breadcrumb\":{\"@id\":\"https:\\\/\\\/adunir.com.br\\\/index.php\\\/2025\\\/10\\\/29\\\/nota-da-adunir-sobre-a-situacao-do-campus-de-porto-velho-e-as-acoes-privatistas-da-reitoria\\\/#breadcrumb\"},\"inLanguage\":\"pt-BR\",\"potentialAction\":[{\"@type\":\"ReadAction\",\"target\":[\"https:\\\/\\\/adunir.com.br\\\/index.php\\\/2025\\\/10\\\/29\\\/nota-da-adunir-sobre-a-situacao-do-campus-de-porto-velho-e-as-acoes-privatistas-da-reitoria\\\/\"]}]},{\"@type\":\"ImageObject\",\"inLanguage\":\"pt-BR\",\"@id\":\"https:\\\/\\\/adunir.com.br\\\/index.php\\\/2025\\\/10\\\/29\\\/nota-da-adunir-sobre-a-situacao-do-campus-de-porto-velho-e-as-acoes-privatistas-da-reitoria\\\/#primaryimage\",\"url\":\"https:\\\/\\\/adunir.com.br\\\/wp-content\\\/uploads\\\/2025\\\/10\\\/NOTA-DA-ADUNIR-SOBRE-A-SITUACAO-DO-CAMPUS-DE-PORTO-VELHO-E-AS-ACOES-PRIVATISTAS-DA-REITORIA.png\",\"contentUrl\":\"https:\\\/\\\/adunir.com.br\\\/wp-content\\\/uploads\\\/2025\\\/10\\\/NOTA-DA-ADUNIR-SOBRE-A-SITUACAO-DO-CAMPUS-DE-PORTO-VELHO-E-AS-ACOES-PRIVATISTAS-DA-REITORIA.png\",\"width\":1920,\"height\":1080},{\"@type\":\"BreadcrumbList\",\"@id\":\"https:\\\/\\\/adunir.com.br\\\/index.php\\\/2025\\\/10\\\/29\\\/nota-da-adunir-sobre-a-situacao-do-campus-de-porto-velho-e-as-acoes-privatistas-da-reitoria\\\/#breadcrumb\",\"itemListElement\":[{\"@type\":\"ListItem\",\"position\":1,\"name\":\"In\u00edcio\",\"item\":\"https:\\\/\\\/adunir.com.br\\\/\"},{\"@type\":\"ListItem\",\"position\":2,\"name\":\"NOTA DA ADUNIR SOBRE A SITUA\u00c7\u00c3O DO CAMPUS DE PORTO VELHO E AS A\u00c7\u00d5ES PRIVATISTAS DA REITORIA\"}]},{\"@type\":\"WebSite\",\"@id\":\"https:\\\/\\\/adunir.com.br\\\/#website\",\"url\":\"https:\\\/\\\/adunir.com.br\\\/\",\"name\":\"ADUNIR\",\"description\":\"Associa\u00e7\u00e3o dos Docentes da Universidade Federal de Rond\u00f4nia - Se\u00e7\u00e3o Sindical\",\"publisher\":{\"@id\":\"https:\\\/\\\/adunir.com.br\\\/#organization\"},\"potentialAction\":[{\"@type\":\"SearchAction\",\"target\":{\"@type\":\"EntryPoint\",\"urlTemplate\":\"https:\\\/\\\/adunir.com.br\\\/?s={search_term_string}\"},\"query-input\":{\"@type\":\"PropertyValueSpecification\",\"valueRequired\":true,\"valueName\":\"search_term_string\"}}],\"inLanguage\":\"pt-BR\"},{\"@type\":\"Organization\",\"@id\":\"https:\\\/\\\/adunir.com.br\\\/#organization\",\"name\":\"Associa\u00e7\u00e3o dos Docentes da Universidade Federal de Rond\u00f4nia - ADUNIR\",\"url\":\"https:\\\/\\\/adunir.com.br\\\/\",\"logo\":{\"@type\":\"ImageObject\",\"inLanguage\":\"pt-BR\",\"@id\":\"https:\\\/\\\/adunir.com.br\\\/#\\\/schema\\\/logo\\\/image\\\/\",\"url\":\"https:\\\/\\\/adunir.com.br\\\/wp-content\\\/uploads\\\/2023\\\/12\\\/cropped-logo_adunir.png\",\"contentUrl\":\"https:\\\/\\\/adunir.com.br\\\/wp-content\\\/uploads\\\/2023\\\/12\\\/cropped-logo_adunir.png\",\"width\":982,\"height\":102,\"caption\":\"Associa\u00e7\u00e3o dos Docentes da Universidade Federal de Rond\u00f4nia - ADUNIR\"},\"image\":{\"@id\":\"https:\\\/\\\/adunir.com.br\\\/#\\\/schema\\\/logo\\\/image\\\/\"},\"sameAs\":[\"https:\\\/\\\/www.facebook.com\\\/adunirsecaosindical.andes\\\/\"]},{\"@type\":\"Person\",\"@id\":\"https:\\\/\\\/adunir.com.br\\\/#\\\/schema\\\/person\\\/86b4aeb6bf6cab96151fb0ac140b8c48\",\"name\":\"adunir\",\"sameAs\":[\"http:\\\/\\\/localhost\\\/wordpress\"],\"url\":\"https:\\\/\\\/adunir.com.br\\\/index.php\\\/author\\\/adunir\\\/\"}]}<\/script>\n<!-- \/ Yoast SEO plugin. -->","yoast_head_json":{"title":"NOTA DA ADUNIR SOBRE A SITUA\u00c7\u00c3O DO CAMPUS DE PORTO VELHO E AS A\u00c7\u00d5ES PRIVATISTAS DA REITORIA - ADUNIR","robots":{"index":"index","follow":"follow","max-snippet":"max-snippet:-1","max-image-preview":"max-image-preview:large","max-video-preview":"max-video-preview:-1"},"canonical":"https:\/\/adunir.com.br\/index.php\/2025\/10\/29\/nota-da-adunir-sobre-a-situacao-do-campus-de-porto-velho-e-as-acoes-privatistas-da-reitoria\/","og_locale":"pt_BR","og_type":"article","og_title":"NOTA DA ADUNIR SOBRE A SITUA\u00c7\u00c3O DO CAMPUS DE PORTO VELHO E AS A\u00c7\u00d5ES PRIVATISTAS DA REITORIA - ADUNIR","og_description":"A Associa\u00e7\u00e3o dos Docentes da Universidade Federal de Rond\u00f4nia (ADUNIR Se\u00e7\u00e3o Sindical do ANDES-SN) vem a p\u00fablico denunciar, mais uma vez, as prec\u00e1rias condi\u00e7\u00f5es de trabalho e estudo no campus da UNIR em Porto Velho. A situa\u00e7\u00e3o chegou a um ponto alarmante. Al\u00e9m da falta de materiais b\u00e1sicos para o desenvolvimento das atividades de ensino, [&hellip;]","og_url":"https:\/\/adunir.com.br\/index.php\/2025\/10\/29\/nota-da-adunir-sobre-a-situacao-do-campus-de-porto-velho-e-as-acoes-privatistas-da-reitoria\/","og_site_name":"ADUNIR","article_publisher":"https:\/\/www.facebook.com\/adunirsecaosindical.andes\/","article_published_time":"2025-10-29T18:39:26+00:00","article_modified_time":"2025-10-29T19:32:29+00:00","og_image":[{"width":1920,"height":1080,"url":"https:\/\/adunir.com.br\/wp-content\/uploads\/2025\/10\/NOTA-DA-ADUNIR-SOBRE-A-SITUACAO-DO-CAMPUS-DE-PORTO-VELHO-E-AS-ACOES-PRIVATISTAS-DA-REITORIA.png","type":"image\/png"}],"author":"adunir","twitter_card":"summary_large_image","twitter_misc":{"Escrito por":"adunir","Est. tempo de leitura":"7 minutos"},"schema":{"@context":"https:\/\/schema.org","@graph":[{"@type":"Article","@id":"https:\/\/adunir.com.br\/index.php\/2025\/10\/29\/nota-da-adunir-sobre-a-situacao-do-campus-de-porto-velho-e-as-acoes-privatistas-da-reitoria\/#article","isPartOf":{"@id":"https:\/\/adunir.com.br\/index.php\/2025\/10\/29\/nota-da-adunir-sobre-a-situacao-do-campus-de-porto-velho-e-as-acoes-privatistas-da-reitoria\/"},"author":{"name":"adunir","@id":"https:\/\/adunir.com.br\/#\/schema\/person\/86b4aeb6bf6cab96151fb0ac140b8c48"},"headline":"NOTA DA ADUNIR SOBRE A SITUA\u00c7\u00c3O DO CAMPUS DE PORTO VELHO E AS A\u00c7\u00d5ES PRIVATISTAS DA REITORIA","datePublished":"2025-10-29T18:39:26+00:00","dateModified":"2025-10-29T19:32:29+00:00","mainEntityOfPage":{"@id":"https:\/\/adunir.com.br\/index.php\/2025\/10\/29\/nota-da-adunir-sobre-a-situacao-do-campus-de-porto-velho-e-as-acoes-privatistas-da-reitoria\/"},"wordCount":1217,"publisher":{"@id":"https:\/\/adunir.com.br\/#organization"},"image":{"@id":"https:\/\/adunir.com.br\/index.php\/2025\/10\/29\/nota-da-adunir-sobre-a-situacao-do-campus-de-porto-velho-e-as-acoes-privatistas-da-reitoria\/#primaryimage"},"thumbnailUrl":"https:\/\/adunir.com.br\/wp-content\/uploads\/2025\/10\/NOTA-DA-ADUNIR-SOBRE-A-SITUACAO-DO-CAMPUS-DE-PORTO-VELHO-E-AS-ACOES-PRIVATISTAS-DA-REITORIA.png","articleSection":["Not\u00edcias"],"inLanguage":"pt-BR"},{"@type":"WebPage","@id":"https:\/\/adunir.com.br\/index.php\/2025\/10\/29\/nota-da-adunir-sobre-a-situacao-do-campus-de-porto-velho-e-as-acoes-privatistas-da-reitoria\/","url":"https:\/\/adunir.com.br\/index.php\/2025\/10\/29\/nota-da-adunir-sobre-a-situacao-do-campus-de-porto-velho-e-as-acoes-privatistas-da-reitoria\/","name":"NOTA DA ADUNIR SOBRE A SITUA\u00c7\u00c3O DO CAMPUS DE PORTO VELHO E AS A\u00c7\u00d5ES PRIVATISTAS DA REITORIA - ADUNIR","isPartOf":{"@id":"https:\/\/adunir.com.br\/#website"},"primaryImageOfPage":{"@id":"https:\/\/adunir.com.br\/index.php\/2025\/10\/29\/nota-da-adunir-sobre-a-situacao-do-campus-de-porto-velho-e-as-acoes-privatistas-da-reitoria\/#primaryimage"},"image":{"@id":"https:\/\/adunir.com.br\/index.php\/2025\/10\/29\/nota-da-adunir-sobre-a-situacao-do-campus-de-porto-velho-e-as-acoes-privatistas-da-reitoria\/#primaryimage"},"thumbnailUrl":"https:\/\/adunir.com.br\/wp-content\/uploads\/2025\/10\/NOTA-DA-ADUNIR-SOBRE-A-SITUACAO-DO-CAMPUS-DE-PORTO-VELHO-E-AS-ACOES-PRIVATISTAS-DA-REITORIA.png","datePublished":"2025-10-29T18:39:26+00:00","dateModified":"2025-10-29T19:32:29+00:00","breadcrumb":{"@id":"https:\/\/adunir.com.br\/index.php\/2025\/10\/29\/nota-da-adunir-sobre-a-situacao-do-campus-de-porto-velho-e-as-acoes-privatistas-da-reitoria\/#breadcrumb"},"inLanguage":"pt-BR","potentialAction":[{"@type":"ReadAction","target":["https:\/\/adunir.com.br\/index.php\/2025\/10\/29\/nota-da-adunir-sobre-a-situacao-do-campus-de-porto-velho-e-as-acoes-privatistas-da-reitoria\/"]}]},{"@type":"ImageObject","inLanguage":"pt-BR","@id":"https:\/\/adunir.com.br\/index.php\/2025\/10\/29\/nota-da-adunir-sobre-a-situacao-do-campus-de-porto-velho-e-as-acoes-privatistas-da-reitoria\/#primaryimage","url":"https:\/\/adunir.com.br\/wp-content\/uploads\/2025\/10\/NOTA-DA-ADUNIR-SOBRE-A-SITUACAO-DO-CAMPUS-DE-PORTO-VELHO-E-AS-ACOES-PRIVATISTAS-DA-REITORIA.png","contentUrl":"https:\/\/adunir.com.br\/wp-content\/uploads\/2025\/10\/NOTA-DA-ADUNIR-SOBRE-A-SITUACAO-DO-CAMPUS-DE-PORTO-VELHO-E-AS-ACOES-PRIVATISTAS-DA-REITORIA.png","width":1920,"height":1080},{"@type":"BreadcrumbList","@id":"https:\/\/adunir.com.br\/index.php\/2025\/10\/29\/nota-da-adunir-sobre-a-situacao-do-campus-de-porto-velho-e-as-acoes-privatistas-da-reitoria\/#breadcrumb","itemListElement":[{"@type":"ListItem","position":1,"name":"In\u00edcio","item":"https:\/\/adunir.com.br\/"},{"@type":"ListItem","position":2,"name":"NOTA DA ADUNIR SOBRE A SITUA\u00c7\u00c3O DO CAMPUS DE PORTO VELHO E AS A\u00c7\u00d5ES PRIVATISTAS DA REITORIA"}]},{"@type":"WebSite","@id":"https:\/\/adunir.com.br\/#website","url":"https:\/\/adunir.com.br\/","name":"ADUNIR","description":"Associa\u00e7\u00e3o dos Docentes da Universidade Federal de Rond\u00f4nia - Se\u00e7\u00e3o Sindical","publisher":{"@id":"https:\/\/adunir.com.br\/#organization"},"potentialAction":[{"@type":"SearchAction","target":{"@type":"EntryPoint","urlTemplate":"https:\/\/adunir.com.br\/?s={search_term_string}"},"query-input":{"@type":"PropertyValueSpecification","valueRequired":true,"valueName":"search_term_string"}}],"inLanguage":"pt-BR"},{"@type":"Organization","@id":"https:\/\/adunir.com.br\/#organization","name":"Associa\u00e7\u00e3o dos Docentes da Universidade Federal de Rond\u00f4nia - ADUNIR","url":"https:\/\/adunir.com.br\/","logo":{"@type":"ImageObject","inLanguage":"pt-BR","@id":"https:\/\/adunir.com.br\/#\/schema\/logo\/image\/","url":"https:\/\/adunir.com.br\/wp-content\/uploads\/2023\/12\/cropped-logo_adunir.png","contentUrl":"https:\/\/adunir.com.br\/wp-content\/uploads\/2023\/12\/cropped-logo_adunir.png","width":982,"height":102,"caption":"Associa\u00e7\u00e3o dos Docentes da Universidade Federal de Rond\u00f4nia - ADUNIR"},"image":{"@id":"https:\/\/adunir.com.br\/#\/schema\/logo\/image\/"},"sameAs":["https:\/\/www.facebook.com\/adunirsecaosindical.andes\/"]},{"@type":"Person","@id":"https:\/\/adunir.com.br\/#\/schema\/person\/86b4aeb6bf6cab96151fb0ac140b8c48","name":"adunir","sameAs":["http:\/\/localhost\/wordpress"],"url":"https:\/\/adunir.com.br\/index.php\/author\/adunir\/"}]}},"uagb_featured_image_src":{"full":["https:\/\/adunir.com.br\/wp-content\/uploads\/2025\/10\/NOTA-DA-ADUNIR-SOBRE-A-SITUACAO-DO-CAMPUS-DE-PORTO-VELHO-E-AS-ACOES-PRIVATISTAS-DA-REITORIA.png",1920,1080,false],"thumbnail":["https:\/\/adunir.com.br\/wp-content\/uploads\/2025\/10\/NOTA-DA-ADUNIR-SOBRE-A-SITUACAO-DO-CAMPUS-DE-PORTO-VELHO-E-AS-ACOES-PRIVATISTAS-DA-REITORIA-150x150.png",150,150,true],"medium":["https:\/\/adunir.com.br\/wp-content\/uploads\/2025\/10\/NOTA-DA-ADUNIR-SOBRE-A-SITUACAO-DO-CAMPUS-DE-PORTO-VELHO-E-AS-ACOES-PRIVATISTAS-DA-REITORIA-300x169.png",300,169,true],"medium_large":["https:\/\/adunir.com.br\/wp-content\/uploads\/2025\/10\/NOTA-DA-ADUNIR-SOBRE-A-SITUACAO-DO-CAMPUS-DE-PORTO-VELHO-E-AS-ACOES-PRIVATISTAS-DA-REITORIA-768x432.png",768,432,true],"large":["https:\/\/adunir.com.br\/wp-content\/uploads\/2025\/10\/NOTA-DA-ADUNIR-SOBRE-A-SITUACAO-DO-CAMPUS-DE-PORTO-VELHO-E-AS-ACOES-PRIVATISTAS-DA-REITORIA-1024x576.png",1024,576,true],"1536x1536":["https:\/\/adunir.com.br\/wp-content\/uploads\/2025\/10\/NOTA-DA-ADUNIR-SOBRE-A-SITUACAO-DO-CAMPUS-DE-PORTO-VELHO-E-AS-ACOES-PRIVATISTAS-DA-REITORIA-1536x864.png",1536,864,true],"2048x2048":["https:\/\/adunir.com.br\/wp-content\/uploads\/2025\/10\/NOTA-DA-ADUNIR-SOBRE-A-SITUACAO-DO-CAMPUS-DE-PORTO-VELHO-E-AS-ACOES-PRIVATISTAS-DA-REITORIA.png",1920,1080,false]},"uagb_author_info":{"display_name":"adunir","author_link":"https:\/\/adunir.com.br\/index.php\/author\/adunir\/"},"uagb_comment_info":0,"uagb_excerpt":"A Associa\u00e7\u00e3o dos Docentes da Universidade Federal de Rond\u00f4nia (ADUNIR Se\u00e7\u00e3o Sindical do ANDES-SN) vem a p\u00fablico denunciar, mais uma vez, as prec\u00e1rias condi\u00e7\u00f5es de trabalho e estudo no campus da UNIR em Porto Velho. A situa\u00e7\u00e3o chegou a um ponto alarmante. Al\u00e9m da falta de materiais b\u00e1sicos para o desenvolvimento das atividades de ensino,&hellip;","_links":{"self":[{"href":"https:\/\/adunir.com.br\/index.php\/wp-json\/wp\/v2\/posts\/3797","targetHints":{"allow":["GET"]}}],"collection":[{"href":"https:\/\/adunir.com.br\/index.php\/wp-json\/wp\/v2\/posts"}],"about":[{"href":"https:\/\/adunir.com.br\/index.php\/wp-json\/wp\/v2\/types\/post"}],"author":[{"embeddable":true,"href":"https:\/\/adunir.com.br\/index.php\/wp-json\/wp\/v2\/users\/1"}],"replies":[{"embeddable":true,"href":"https:\/\/adunir.com.br\/index.php\/wp-json\/wp\/v2\/comments?post=3797"}],"version-history":[{"count":3,"href":"https:\/\/adunir.com.br\/index.php\/wp-json\/wp\/v2\/posts\/3797\/revisions"}],"predecessor-version":[{"id":3805,"href":"https:\/\/adunir.com.br\/index.php\/wp-json\/wp\/v2\/posts\/3797\/revisions\/3805"}],"wp:featuredmedia":[{"embeddable":true,"href":"https:\/\/adunir.com.br\/index.php\/wp-json\/wp\/v2\/media\/3800"}],"wp:attachment":[{"href":"https:\/\/adunir.com.br\/index.php\/wp-json\/wp\/v2\/media?parent=3797"}],"wp:term":[{"taxonomy":"category","embeddable":true,"href":"https:\/\/adunir.com.br\/index.php\/wp-json\/wp\/v2\/categories?post=3797"},{"taxonomy":"post_tag","embeddable":true,"href":"https:\/\/adunir.com.br\/index.php\/wp-json\/wp\/v2\/tags?post=3797"}],"curies":[{"name":"wp","href":"https:\/\/api.w.org\/{rel}","templated":true}]}}