{"id":3802,"date":"2025-10-29T15:30:45","date_gmt":"2025-10-29T19:30:45","guid":{"rendered":"https:\/\/adunir.com.br\/?p=3802"},"modified":"2025-10-29T15:30:48","modified_gmt":"2025-10-29T19:30:48","slug":"28-de-outubro-dia-do-servidor-publico","status":"publish","type":"post","link":"https:\/\/adunir.com.br\/index.php\/2025\/10\/29\/28-de-outubro-dia-do-servidor-publico\/","title":{"rendered":"28 de outubro \u2013 Dia do Servidor P\u00fablico"},"content":{"rendered":"\n<p class=\"has-vivid-purple-color has-text-color has-link-color wp-elements-ba606d2f1bb8dd980e8d22a1da123cbf\">Hoje \u00e9 dia de reconhecer e valorizar o trabalho das servidoras e dos servidores p\u00fablicos, que diariamente atuam para garantir direitos e servi\u00e7os essenciais \u00e0 popula\u00e7\u00e3o.<\/p>\n\n\n\n<p class=\"has-pale-pink-background-color has-background\">A data tamb\u00e9m \u00e9 um momento de resist\u00eancia. Diante das amea\u00e7as trazidas pela Reforma Administrativa, reafirmamos nosso compromisso com a defesa do servi\u00e7o p\u00fablico gratuito, de qualidade e acess\u00edvel a todas e todos.<\/p>\n\n\n\n<!--more-->\n\n\n\n<p class=\"has-luminous-vivid-orange-color has-text-color has-link-color wp-elements-5e9953a3cf6042286391e019223a8476\">A ADUNIR se soma \u00e0s demais entidades sindicais na luta em defesa dos direitos dos servidores e contra a Reforma Administrativa!<\/p>\n\n\n\n<p class=\"has-text-align-center\"><strong>Educa\u00e7\u00e3o n\u00e3o \u00e9 mercadoria!<\/strong><\/p>\n\n\n\n<p class=\"has-text-align-center\"><strong>Abaixo a Reforma Administrativa!<\/strong><\/p>\n","protected":false},"excerpt":{"rendered":"<p>Hoje \u00e9 dia de reconhecer e valorizar o trabalho das servidoras e dos servidores p\u00fablicos, que diariamente atuam para garantir direitos e servi\u00e7os essenciais \u00e0 popula\u00e7\u00e3o. A data tamb\u00e9m \u00e9 um momento de resist\u00eancia. Diante das amea\u00e7as trazidas pela Reforma Administrativa, reafirmamos nosso compromisso com a defesa do servi\u00e7o p\u00fablico gratuito, de qualidade e acess\u00edvel [&hellip;]<\/p>\n","protected":false},"author":1,"featured_media":3803,"comment_status":"closed","ping_status":"open","sticky":false,"template":"","format":"standard","meta":{"_uag_custom_page_level_css":"","footnotes":""},"categories":[5],"tags":[],"class_list":["post-3802","post","type-post","status-publish","format-standard","has-post-thumbnail","hentry","category-noticias"],"yoast_head":"<!-- This site is optimized with the Yoast SEO plugin v27.5 - https:\/\/yoast.com\/product\/yoast-seo-wordpress\/ -->\n<title>28 de outubro \u2013 Dia do Servidor P\u00fablico - ADUNIR<\/title>\n<meta name=\"robots\" content=\"index, follow, max-snippet:-1, max-image-preview:large, max-video-preview:-1\" \/>\n<link rel=\"canonical\" href=\"https:\/\/adunir.com.br\/index.php\/2025\/10\/29\/28-de-outubro-dia-do-servidor-publico\/\" \/>\n<meta property=\"og:locale\" content=\"pt_BR\" \/>\n<meta property=\"og:type\" content=\"article\" \/>\n<meta property=\"og:title\" content=\"28 de outubro \u2013 Dia do Servidor P\u00fablico - ADUNIR\" \/>\n<meta property=\"og:description\" content=\"Hoje \u00e9 dia de reconhecer e valorizar o trabalho das servidoras e dos servidores p\u00fablicos, que diariamente atuam para garantir direitos e servi\u00e7os essenciais \u00e0 popula\u00e7\u00e3o. A data tamb\u00e9m \u00e9 um momento de resist\u00eancia. Diante das amea\u00e7as trazidas pela Reforma Administrativa, reafirmamos nosso compromisso com a defesa do servi\u00e7o p\u00fablico gratuito, de qualidade e acess\u00edvel [&hellip;]\" \/>\n<meta property=\"og:url\" content=\"https:\/\/adunir.com.br\/index.php\/2025\/10\/29\/28-de-outubro-dia-do-servidor-publico\/\" \/>\n<meta property=\"og:site_name\" content=\"ADUNIR\" \/>\n<meta property=\"article:publisher\" content=\"https:\/\/www.facebook.com\/adunirsecaosindical.andes\/\" \/>\n<meta property=\"article:published_time\" content=\"2025-10-29T19:30:45+00:00\" \/>\n<meta property=\"article:modified_time\" content=\"2025-10-29T19:30:48+00:00\" \/>\n<meta property=\"og:image\" content=\"https:\/\/adunir.com.br\/wp-content\/uploads\/2025\/10\/Dia-do-servidor-publico.jpg\" \/>\n\t<meta property=\"og:image:width\" content=\"1080\" \/>\n\t<meta property=\"og:image:height\" content=\"1080\" \/>\n\t<meta property=\"og:image:type\" content=\"image\/jpeg\" \/>\n<meta name=\"author\" content=\"adunir\" \/>\n<meta name=\"twitter:card\" content=\"summary_large_image\" \/>\n<meta name=\"twitter:label1\" content=\"Escrito por\" \/>\n\t<meta name=\"twitter:data1\" content=\"adunir\" \/>\n\t<meta name=\"twitter:label2\" content=\"Est. tempo de leitura\" \/>\n\t<meta name=\"twitter:data2\" content=\"1 minuto\" \/>\n<script type=\"application\/ld+json\" class=\"yoast-schema-graph\">{\"@context\":\"https:\\\/\\\/schema.org\",\"@graph\":[{\"@type\":\"Article\",\"@id\":\"https:\\\/\\\/adunir.com.br\\\/index.php\\\/2025\\\/10\\\/29\\\/28-de-outubro-dia-do-servidor-publico\\\/#article\",\"isPartOf\":{\"@id\":\"https:\\\/\\\/adunir.com.br\\\/index.php\\\/2025\\\/10\\\/29\\\/28-de-outubro-dia-do-servidor-publico\\\/\"},\"author\":{\"name\":\"adunir\",\"@id\":\"https:\\\/\\\/adunir.com.br\\\/#\\\/schema\\\/person\\\/86b4aeb6bf6cab96151fb0ac140b8c48\"},\"headline\":\"28 de outubro \u2013 Dia do Servidor P\u00fablico\",\"datePublished\":\"2025-10-29T19:30:45+00:00\",\"dateModified\":\"2025-10-29T19:30:48+00:00\",\"mainEntityOfPage\":{\"@id\":\"https:\\\/\\\/adunir.com.br\\\/index.php\\\/2025\\\/10\\\/29\\\/28-de-outubro-dia-do-servidor-publico\\\/\"},\"wordCount\":102,\"publisher\":{\"@id\":\"https:\\\/\\\/adunir.com.br\\\/#organization\"},\"image\":{\"@id\":\"https:\\\/\\\/adunir.com.br\\\/index.php\\\/2025\\\/10\\\/29\\\/28-de-outubro-dia-do-servidor-publico\\\/#primaryimage\"},\"thumbnailUrl\":\"https:\\\/\\\/adunir.com.br\\\/wp-content\\\/uploads\\\/2025\\\/10\\\/Dia-do-servidor-publico.jpg\",\"articleSection\":[\"Not\u00edcias\"],\"inLanguage\":\"pt-BR\"},{\"@type\":\"WebPage\",\"@id\":\"https:\\\/\\\/adunir.com.br\\\/index.php\\\/2025\\\/10\\\/29\\\/28-de-outubro-dia-do-servidor-publico\\\/\",\"url\":\"https:\\\/\\\/adunir.com.br\\\/index.php\\\/2025\\\/10\\\/29\\\/28-de-outubro-dia-do-servidor-publico\\\/\",\"name\":\"28 de outubro \u2013 Dia do Servidor P\u00fablico - ADUNIR\",\"isPartOf\":{\"@id\":\"https:\\\/\\\/adunir.com.br\\\/#website\"},\"primaryImageOfPage\":{\"@id\":\"https:\\\/\\\/adunir.com.br\\\/index.php\\\/2025\\\/10\\\/29\\\/28-de-outubro-dia-do-servidor-publico\\\/#primaryimage\"},\"image\":{\"@id\":\"https:\\\/\\\/adunir.com.br\\\/index.php\\\/2025\\\/10\\\/29\\\/28-de-outubro-dia-do-servidor-publico\\\/#primaryimage\"},\"thumbnailUrl\":\"https:\\\/\\\/adunir.com.br\\\/wp-content\\\/uploads\\\/2025\\\/10\\\/Dia-do-servidor-publico.jpg\",\"datePublished\":\"2025-10-29T19:30:45+00:00\",\"dateModified\":\"2025-10-29T19:30:48+00:00\",\"breadcrumb\":{\"@id\":\"https:\\\/\\\/adunir.com.br\\\/index.php\\\/2025\\\/10\\\/29\\\/28-de-outubro-dia-do-servidor-publico\\\/#breadcrumb\"},\"inLanguage\":\"pt-BR\",\"potentialAction\":[{\"@type\":\"ReadAction\",\"target\":[\"https:\\\/\\\/adunir.com.br\\\/index.php\\\/2025\\\/10\\\/29\\\/28-de-outubro-dia-do-servidor-publico\\\/\"]}]},{\"@type\":\"ImageObject\",\"inLanguage\":\"pt-BR\",\"@id\":\"https:\\\/\\\/adunir.com.br\\\/index.php\\\/2025\\\/10\\\/29\\\/28-de-outubro-dia-do-servidor-publico\\\/#primaryimage\",\"url\":\"https:\\\/\\\/adunir.com.br\\\/wp-content\\\/uploads\\\/2025\\\/10\\\/Dia-do-servidor-publico.jpg\",\"contentUrl\":\"https:\\\/\\\/adunir.com.br\\\/wp-content\\\/uploads\\\/2025\\\/10\\\/Dia-do-servidor-publico.jpg\",\"width\":1080,\"height\":1080},{\"@type\":\"BreadcrumbList\",\"@id\":\"https:\\\/\\\/adunir.com.br\\\/index.php\\\/2025\\\/10\\\/29\\\/28-de-outubro-dia-do-servidor-publico\\\/#breadcrumb\",\"itemListElement\":[{\"@type\":\"ListItem\",\"position\":1,\"name\":\"In\u00edcio\",\"item\":\"https:\\\/\\\/adunir.com.br\\\/\"},{\"@type\":\"ListItem\",\"position\":2,\"name\":\"28 de outubro \u2013 Dia do Servidor P\u00fablico\"}]},{\"@type\":\"WebSite\",\"@id\":\"https:\\\/\\\/adunir.com.br\\\/#website\",\"url\":\"https:\\\/\\\/adunir.com.br\\\/\",\"name\":\"ADUNIR\",\"description\":\"Associa\u00e7\u00e3o dos Docentes da Universidade Federal de Rond\u00f4nia - Se\u00e7\u00e3o Sindical\",\"publisher\":{\"@id\":\"https:\\\/\\\/adunir.com.br\\\/#organization\"},\"potentialAction\":[{\"@type\":\"SearchAction\",\"target\":{\"@type\":\"EntryPoint\",\"urlTemplate\":\"https:\\\/\\\/adunir.com.br\\\/?s={search_term_string}\"},\"query-input\":{\"@type\":\"PropertyValueSpecification\",\"valueRequired\":true,\"valueName\":\"search_term_string\"}}],\"inLanguage\":\"pt-BR\"},{\"@type\":\"Organization\",\"@id\":\"https:\\\/\\\/adunir.com.br\\\/#organization\",\"name\":\"Associa\u00e7\u00e3o dos Docentes da Universidade Federal de Rond\u00f4nia - ADUNIR\",\"url\":\"https:\\\/\\\/adunir.com.br\\\/\",\"logo\":{\"@type\":\"ImageObject\",\"inLanguage\":\"pt-BR\",\"@id\":\"https:\\\/\\\/adunir.com.br\\\/#\\\/schema\\\/logo\\\/image\\\/\",\"url\":\"https:\\\/\\\/adunir.com.br\\\/wp-content\\\/uploads\\\/2023\\\/12\\\/cropped-logo_adunir.png\",\"contentUrl\":\"https:\\\/\\\/adunir.com.br\\\/wp-content\\\/uploads\\\/2023\\\/12\\\/cropped-logo_adunir.png\",\"width\":982,\"height\":102,\"caption\":\"Associa\u00e7\u00e3o dos Docentes da Universidade Federal de Rond\u00f4nia - ADUNIR\"},\"image\":{\"@id\":\"https:\\\/\\\/adunir.com.br\\\/#\\\/schema\\\/logo\\\/image\\\/\"},\"sameAs\":[\"https:\\\/\\\/www.facebook.com\\\/adunirsecaosindical.andes\\\/\"]},{\"@type\":\"Person\",\"@id\":\"https:\\\/\\\/adunir.com.br\\\/#\\\/schema\\\/person\\\/86b4aeb6bf6cab96151fb0ac140b8c48\",\"name\":\"adunir\",\"sameAs\":[\"http:\\\/\\\/localhost\\\/wordpress\"],\"url\":\"https:\\\/\\\/adunir.com.br\\\/index.php\\\/author\\\/adunir\\\/\"}]}<\/script>\n<!-- \/ Yoast SEO plugin. -->","yoast_head_json":{"title":"28 de outubro \u2013 Dia do Servidor P\u00fablico - ADUNIR","robots":{"index":"index","follow":"follow","max-snippet":"max-snippet:-1","max-image-preview":"max-image-preview:large","max-video-preview":"max-video-preview:-1"},"canonical":"https:\/\/adunir.com.br\/index.php\/2025\/10\/29\/28-de-outubro-dia-do-servidor-publico\/","og_locale":"pt_BR","og_type":"article","og_title":"28 de outubro \u2013 Dia do Servidor P\u00fablico - ADUNIR","og_description":"Hoje \u00e9 dia de reconhecer e valorizar o trabalho das servidoras e dos servidores p\u00fablicos, que diariamente atuam para garantir direitos e servi\u00e7os essenciais \u00e0 popula\u00e7\u00e3o. A data tamb\u00e9m \u00e9 um momento de resist\u00eancia. Diante das amea\u00e7as trazidas pela Reforma Administrativa, reafirmamos nosso compromisso com a defesa do servi\u00e7o p\u00fablico gratuito, de qualidade e acess\u00edvel [&hellip;]","og_url":"https:\/\/adunir.com.br\/index.php\/2025\/10\/29\/28-de-outubro-dia-do-servidor-publico\/","og_site_name":"ADUNIR","article_publisher":"https:\/\/www.facebook.com\/adunirsecaosindical.andes\/","article_published_time":"2025-10-29T19:30:45+00:00","article_modified_time":"2025-10-29T19:30:48+00:00","og_image":[{"width":1080,"height":1080,"url":"https:\/\/adunir.com.br\/wp-content\/uploads\/2025\/10\/Dia-do-servidor-publico.jpg","type":"image\/jpeg"}],"author":"adunir","twitter_card":"summary_large_image","twitter_misc":{"Escrito por":"adunir","Est. tempo de leitura":"1 minuto"},"schema":{"@context":"https:\/\/schema.org","@graph":[{"@type":"Article","@id":"https:\/\/adunir.com.br\/index.php\/2025\/10\/29\/28-de-outubro-dia-do-servidor-publico\/#article","isPartOf":{"@id":"https:\/\/adunir.com.br\/index.php\/2025\/10\/29\/28-de-outubro-dia-do-servidor-publico\/"},"author":{"name":"adunir","@id":"https:\/\/adunir.com.br\/#\/schema\/person\/86b4aeb6bf6cab96151fb0ac140b8c48"},"headline":"28 de outubro \u2013 Dia do Servidor P\u00fablico","datePublished":"2025-10-29T19:30:45+00:00","dateModified":"2025-10-29T19:30:48+00:00","mainEntityOfPage":{"@id":"https:\/\/adunir.com.br\/index.php\/2025\/10\/29\/28-de-outubro-dia-do-servidor-publico\/"},"wordCount":102,"publisher":{"@id":"https:\/\/adunir.com.br\/#organization"},"image":{"@id":"https:\/\/adunir.com.br\/index.php\/2025\/10\/29\/28-de-outubro-dia-do-servidor-publico\/#primaryimage"},"thumbnailUrl":"https:\/\/adunir.com.br\/wp-content\/uploads\/2025\/10\/Dia-do-servidor-publico.jpg","articleSection":["Not\u00edcias"],"inLanguage":"pt-BR"},{"@type":"WebPage","@id":"https:\/\/adunir.com.br\/index.php\/2025\/10\/29\/28-de-outubro-dia-do-servidor-publico\/","url":"https:\/\/adunir.com.br\/index.php\/2025\/10\/29\/28-de-outubro-dia-do-servidor-publico\/","name":"28 de outubro \u2013 Dia do Servidor P\u00fablico - ADUNIR","isPartOf":{"@id":"https:\/\/adunir.com.br\/#website"},"primaryImageOfPage":{"@id":"https:\/\/adunir.com.br\/index.php\/2025\/10\/29\/28-de-outubro-dia-do-servidor-publico\/#primaryimage"},"image":{"@id":"https:\/\/adunir.com.br\/index.php\/2025\/10\/29\/28-de-outubro-dia-do-servidor-publico\/#primaryimage"},"thumbnailUrl":"https:\/\/adunir.com.br\/wp-content\/uploads\/2025\/10\/Dia-do-servidor-publico.jpg","datePublished":"2025-10-29T19:30:45+00:00","dateModified":"2025-10-29T19:30:48+00:00","breadcrumb":{"@id":"https:\/\/adunir.com.br\/index.php\/2025\/10\/29\/28-de-outubro-dia-do-servidor-publico\/#breadcrumb"},"inLanguage":"pt-BR","potentialAction":[{"@type":"ReadAction","target":["https:\/\/adunir.com.br\/index.php\/2025\/10\/29\/28-de-outubro-dia-do-servidor-publico\/"]}]},{"@type":"ImageObject","inLanguage":"pt-BR","@id":"https:\/\/adunir.com.br\/index.php\/2025\/10\/29\/28-de-outubro-dia-do-servidor-publico\/#primaryimage","url":"https:\/\/adunir.com.br\/wp-content\/uploads\/2025\/10\/Dia-do-servidor-publico.jpg","contentUrl":"https:\/\/adunir.com.br\/wp-content\/uploads\/2025\/10\/Dia-do-servidor-publico.jpg","width":1080,"height":1080},{"@type":"BreadcrumbList","@id":"https:\/\/adunir.com.br\/index.php\/2025\/10\/29\/28-de-outubro-dia-do-servidor-publico\/#breadcrumb","itemListElement":[{"@type":"ListItem","position":1,"name":"In\u00edcio","item":"https:\/\/adunir.com.br\/"},{"@type":"ListItem","position":2,"name":"28 de outubro \u2013 Dia do Servidor P\u00fablico"}]},{"@type":"WebSite","@id":"https:\/\/adunir.com.br\/#website","url":"https:\/\/adunir.com.br\/","name":"ADUNIR","description":"Associa\u00e7\u00e3o dos Docentes da Universidade Federal de Rond\u00f4nia - Se\u00e7\u00e3o Sindical","publisher":{"@id":"https:\/\/adunir.com.br\/#organization"},"potentialAction":[{"@type":"SearchAction","target":{"@type":"EntryPoint","urlTemplate":"https:\/\/adunir.com.br\/?s={search_term_string}"},"query-input":{"@type":"PropertyValueSpecification","valueRequired":true,"valueName":"search_term_string"}}],"inLanguage":"pt-BR"},{"@type":"Organization","@id":"https:\/\/adunir.com.br\/#organization","name":"Associa\u00e7\u00e3o dos Docentes da Universidade Federal de Rond\u00f4nia - ADUNIR","url":"https:\/\/adunir.com.br\/","logo":{"@type":"ImageObject","inLanguage":"pt-BR","@id":"https:\/\/adunir.com.br\/#\/schema\/logo\/image\/","url":"https:\/\/adunir.com.br\/wp-content\/uploads\/2023\/12\/cropped-logo_adunir.png","contentUrl":"https:\/\/adunir.com.br\/wp-content\/uploads\/2023\/12\/cropped-logo_adunir.png","width":982,"height":102,"caption":"Associa\u00e7\u00e3o dos Docentes da Universidade Federal de Rond\u00f4nia - ADUNIR"},"image":{"@id":"https:\/\/adunir.com.br\/#\/schema\/logo\/image\/"},"sameAs":["https:\/\/www.facebook.com\/adunirsecaosindical.andes\/"]},{"@type":"Person","@id":"https:\/\/adunir.com.br\/#\/schema\/person\/86b4aeb6bf6cab96151fb0ac140b8c48","name":"adunir","sameAs":["http:\/\/localhost\/wordpress"],"url":"https:\/\/adunir.com.br\/index.php\/author\/adunir\/"}]}},"uagb_featured_image_src":{"full":["https:\/\/adunir.com.br\/wp-content\/uploads\/2025\/10\/Dia-do-servidor-publico.jpg",1080,1080,false],"thumbnail":["https:\/\/adunir.com.br\/wp-content\/uploads\/2025\/10\/Dia-do-servidor-publico-150x150.jpg",150,150,true],"medium":["https:\/\/adunir.com.br\/wp-content\/uploads\/2025\/10\/Dia-do-servidor-publico-300x300.jpg",300,300,true],"medium_large":["https:\/\/adunir.com.br\/wp-content\/uploads\/2025\/10\/Dia-do-servidor-publico-768x768.jpg",768,768,true],"large":["https:\/\/adunir.com.br\/wp-content\/uploads\/2025\/10\/Dia-do-servidor-publico-1024x1024.jpg",1024,1024,true],"1536x1536":["https:\/\/adunir.com.br\/wp-content\/uploads\/2025\/10\/Dia-do-servidor-publico.jpg",1080,1080,false],"2048x2048":["https:\/\/adunir.com.br\/wp-content\/uploads\/2025\/10\/Dia-do-servidor-publico.jpg",1080,1080,false]},"uagb_author_info":{"display_name":"adunir","author_link":"https:\/\/adunir.com.br\/index.php\/author\/adunir\/"},"uagb_comment_info":0,"uagb_excerpt":"Hoje \u00e9 dia de reconhecer e valorizar o trabalho das servidoras e dos servidores p\u00fablicos, que diariamente atuam para garantir direitos e servi\u00e7os essenciais \u00e0 popula\u00e7\u00e3o. A data tamb\u00e9m \u00e9 um momento de resist\u00eancia. Diante das amea\u00e7as trazidas pela Reforma Administrativa, reafirmamos nosso compromisso com a defesa do servi\u00e7o p\u00fablico gratuito, de qualidade e acess\u00edvel&hellip;","_links":{"self":[{"href":"https:\/\/adunir.com.br\/index.php\/wp-json\/wp\/v2\/posts\/3802","targetHints":{"allow":["GET"]}}],"collection":[{"href":"https:\/\/adunir.com.br\/index.php\/wp-json\/wp\/v2\/posts"}],"about":[{"href":"https:\/\/adunir.com.br\/index.php\/wp-json\/wp\/v2\/types\/post"}],"author":[{"embeddable":true,"href":"https:\/\/adunir.com.br\/index.php\/wp-json\/wp\/v2\/users\/1"}],"replies":[{"embeddable":true,"href":"https:\/\/adunir.com.br\/index.php\/wp-json\/wp\/v2\/comments?post=3802"}],"version-history":[{"count":1,"href":"https:\/\/adunir.com.br\/index.php\/wp-json\/wp\/v2\/posts\/3802\/revisions"}],"predecessor-version":[{"id":3804,"href":"https:\/\/adunir.com.br\/index.php\/wp-json\/wp\/v2\/posts\/3802\/revisions\/3804"}],"wp:featuredmedia":[{"embeddable":true,"href":"https:\/\/adunir.com.br\/index.php\/wp-json\/wp\/v2\/media\/3803"}],"wp:attachment":[{"href":"https:\/\/adunir.com.br\/index.php\/wp-json\/wp\/v2\/media?parent=3802"}],"wp:term":[{"taxonomy":"category","embeddable":true,"href":"https:\/\/adunir.com.br\/index.php\/wp-json\/wp\/v2\/categories?post=3802"},{"taxonomy":"post_tag","embeddable":true,"href":"https:\/\/adunir.com.br\/index.php\/wp-json\/wp\/v2\/tags?post=3802"}],"curies":[{"name":"wp","href":"https:\/\/api.w.org\/{rel}","templated":true}]}}