{"id":3809,"date":"2025-10-29T15:41:16","date_gmt":"2025-10-29T19:41:16","guid":{"rendered":"https:\/\/adunir.com.br\/?p=3809"},"modified":"2025-10-29T15:41:22","modified_gmt":"2025-10-29T19:41:22","slug":"abaixo-a-reforma-administrativa","status":"publish","type":"post","link":"https:\/\/adunir.com.br\/index.php\/2025\/10\/29\/abaixo-a-reforma-administrativa\/","title":{"rendered":"Abaixo a Reforma Administrativa!"},"content":{"rendered":"\n<p class=\"has-cyan-bluish-gray-background-color has-background\">Nos dias 29 e 30 de outubro, a ADUNIR promove uma s\u00e9rie de atividades em defesa do servi\u00e7o p\u00fablico e contra a Reforma Administrativa, que amea\u00e7a direitos das servidoras e servidores e compromete a qualidade dos servi\u00e7os oferecidos \u00e0 popula\u00e7\u00e3o.<\/p>\n\n\n\n<p class=\"has-vivid-red-color has-text-color has-link-color wp-elements-18772a8728693dded0a29b13716c9601\">\ud83d\udcc5 29\/10 \u2013 Mobiliza\u00e7\u00e3o no campus: panfletagem e passagem em sala.<br>\ud83d\udcc5 30\/10 \u2013 Semin\u00e1rio sobre a Reforma Administrativa e seus impactos, com sess\u00f5es \u00e0s 08h30, 15h e 19h, no audit\u00f3rio Paulo Freire.<\/p>\n\n\n\n<!--more-->\n\n\n\n<p class=\"has-luminous-vivid-amber-background-color has-background\">Participe, fortale\u00e7a a luta e ajude a defender o servi\u00e7o p\u00fablico gratuito, de qualidade e acess\u00edvel a todas e todos!<\/p>\n\n\n\n<p class=\"has-text-align-center\"><strong>ADUNIR \u2013 Em defesa da educa\u00e7\u00e3o e dos servi\u00e7os p\u00fablicos!<\/strong><\/p>\n\n\n\n<figure class=\"wp-block-image size-large\"><img loading=\"lazy\" decoding=\"async\" width=\"1024\" height=\"723\" src=\"https:\/\/adunir.com.br\/wp-content\/uploads\/2025\/10\/Abaixo-a-reforma-administrativa-1-1024x723.jpg\" alt=\"\" class=\"wp-image-3811\" srcset=\"https:\/\/adunir.com.br\/wp-content\/uploads\/2025\/10\/Abaixo-a-reforma-administrativa-1-1024x723.jpg 1024w, https:\/\/adunir.com.br\/wp-content\/uploads\/2025\/10\/Abaixo-a-reforma-administrativa-1-300x212.jpg 300w, https:\/\/adunir.com.br\/wp-content\/uploads\/2025\/10\/Abaixo-a-reforma-administrativa-1-768x542.jpg 768w, https:\/\/adunir.com.br\/wp-content\/uploads\/2025\/10\/Abaixo-a-reforma-administrativa-1.jpg 1280w\" sizes=\"auto, (max-width: 1024px) 100vw, 1024px\" \/><\/figure>\n","protected":false},"excerpt":{"rendered":"<p>Nos dias 29 e 30 de outubro, a ADUNIR promove uma s\u00e9rie de atividades em defesa do servi\u00e7o p\u00fablico e contra a Reforma Administrativa, que amea\u00e7a direitos das servidoras e servidores e compromete a qualidade dos servi\u00e7os oferecidos \u00e0 popula\u00e7\u00e3o. \ud83d\udcc5 29\/10 \u2013 Mobiliza\u00e7\u00e3o no campus: panfletagem e passagem em sala.\ud83d\udcc5 30\/10 \u2013 Semin\u00e1rio sobre [&hellip;]<\/p>\n","protected":false},"author":1,"featured_media":3810,"comment_status":"closed","ping_status":"open","sticky":false,"template":"","format":"standard","meta":{"_uag_custom_page_level_css":"","footnotes":""},"categories":[5],"tags":[],"class_list":["post-3809","post","type-post","status-publish","format-standard","has-post-thumbnail","hentry","category-noticias"],"yoast_head":"<!-- This site is optimized with the Yoast SEO plugin v27.5 - https:\/\/yoast.com\/product\/yoast-seo-wordpress\/ -->\n<title>Abaixo a Reforma Administrativa! - ADUNIR<\/title>\n<meta name=\"robots\" content=\"index, follow, max-snippet:-1, max-image-preview:large, max-video-preview:-1\" \/>\n<link rel=\"canonical\" href=\"https:\/\/adunir.com.br\/index.php\/2025\/10\/29\/abaixo-a-reforma-administrativa\/\" \/>\n<meta property=\"og:locale\" content=\"pt_BR\" \/>\n<meta property=\"og:type\" content=\"article\" \/>\n<meta property=\"og:title\" content=\"Abaixo a Reforma Administrativa! - ADUNIR\" \/>\n<meta property=\"og:description\" content=\"Nos dias 29 e 30 de outubro, a ADUNIR promove uma s\u00e9rie de atividades em defesa do servi\u00e7o p\u00fablico e contra a Reforma Administrativa, que amea\u00e7a direitos das servidoras e servidores e compromete a qualidade dos servi\u00e7os oferecidos \u00e0 popula\u00e7\u00e3o. \ud83d\udcc5 29\/10 \u2013 Mobiliza\u00e7\u00e3o no campus: panfletagem e passagem em sala.\ud83d\udcc5 30\/10 \u2013 Semin\u00e1rio sobre [&hellip;]\" \/>\n<meta property=\"og:url\" content=\"https:\/\/adunir.com.br\/index.php\/2025\/10\/29\/abaixo-a-reforma-administrativa\/\" \/>\n<meta property=\"og:site_name\" content=\"ADUNIR\" \/>\n<meta property=\"article:publisher\" content=\"https:\/\/www.facebook.com\/adunirsecaosindical.andes\/\" \/>\n<meta property=\"article:published_time\" content=\"2025-10-29T19:41:16+00:00\" \/>\n<meta property=\"article:modified_time\" content=\"2025-10-29T19:41:22+00:00\" \/>\n<meta property=\"og:image\" content=\"https:\/\/adunir.com.br\/wp-content\/uploads\/2025\/10\/Abaixo-a-reforma-administrativa.jpg\" \/>\n\t<meta property=\"og:image:width\" content=\"1280\" \/>\n\t<meta property=\"og:image:height\" content=\"904\" \/>\n\t<meta property=\"og:image:type\" content=\"image\/jpeg\" \/>\n<meta name=\"author\" content=\"adunir\" \/>\n<meta name=\"twitter:card\" content=\"summary_large_image\" \/>\n<meta name=\"twitter:label1\" content=\"Escrito por\" \/>\n\t<meta name=\"twitter:data1\" content=\"adunir\" \/>\n\t<meta name=\"twitter:label2\" content=\"Est. tempo de leitura\" \/>\n\t<meta name=\"twitter:data2\" content=\"1 minuto\" \/>\n<script type=\"application\/ld+json\" class=\"yoast-schema-graph\">{\"@context\":\"https:\\\/\\\/schema.org\",\"@graph\":[{\"@type\":\"Article\",\"@id\":\"https:\\\/\\\/adunir.com.br\\\/index.php\\\/2025\\\/10\\\/29\\\/abaixo-a-reforma-administrativa\\\/#article\",\"isPartOf\":{\"@id\":\"https:\\\/\\\/adunir.com.br\\\/index.php\\\/2025\\\/10\\\/29\\\/abaixo-a-reforma-administrativa\\\/\"},\"author\":{\"name\":\"adunir\",\"@id\":\"https:\\\/\\\/adunir.com.br\\\/#\\\/schema\\\/person\\\/86b4aeb6bf6cab96151fb0ac140b8c48\"},\"headline\":\"Abaixo a Reforma Administrativa!\",\"datePublished\":\"2025-10-29T19:41:16+00:00\",\"dateModified\":\"2025-10-29T19:41:22+00:00\",\"mainEntityOfPage\":{\"@id\":\"https:\\\/\\\/adunir.com.br\\\/index.php\\\/2025\\\/10\\\/29\\\/abaixo-a-reforma-administrativa\\\/\"},\"wordCount\":114,\"publisher\":{\"@id\":\"https:\\\/\\\/adunir.com.br\\\/#organization\"},\"image\":{\"@id\":\"https:\\\/\\\/adunir.com.br\\\/index.php\\\/2025\\\/10\\\/29\\\/abaixo-a-reforma-administrativa\\\/#primaryimage\"},\"thumbnailUrl\":\"https:\\\/\\\/adunir.com.br\\\/wp-content\\\/uploads\\\/2025\\\/10\\\/Abaixo-a-reforma-administrativa.jpg\",\"articleSection\":[\"Not\u00edcias\"],\"inLanguage\":\"pt-BR\"},{\"@type\":\"WebPage\",\"@id\":\"https:\\\/\\\/adunir.com.br\\\/index.php\\\/2025\\\/10\\\/29\\\/abaixo-a-reforma-administrativa\\\/\",\"url\":\"https:\\\/\\\/adunir.com.br\\\/index.php\\\/2025\\\/10\\\/29\\\/abaixo-a-reforma-administrativa\\\/\",\"name\":\"Abaixo a Reforma Administrativa! - ADUNIR\",\"isPartOf\":{\"@id\":\"https:\\\/\\\/adunir.com.br\\\/#website\"},\"primaryImageOfPage\":{\"@id\":\"https:\\\/\\\/adunir.com.br\\\/index.php\\\/2025\\\/10\\\/29\\\/abaixo-a-reforma-administrativa\\\/#primaryimage\"},\"image\":{\"@id\":\"https:\\\/\\\/adunir.com.br\\\/index.php\\\/2025\\\/10\\\/29\\\/abaixo-a-reforma-administrativa\\\/#primaryimage\"},\"thumbnailUrl\":\"https:\\\/\\\/adunir.com.br\\\/wp-content\\\/uploads\\\/2025\\\/10\\\/Abaixo-a-reforma-administrativa.jpg\",\"datePublished\":\"2025-10-29T19:41:16+00:00\",\"dateModified\":\"2025-10-29T19:41:22+00:00\",\"breadcrumb\":{\"@id\":\"https:\\\/\\\/adunir.com.br\\\/index.php\\\/2025\\\/10\\\/29\\\/abaixo-a-reforma-administrativa\\\/#breadcrumb\"},\"inLanguage\":\"pt-BR\",\"potentialAction\":[{\"@type\":\"ReadAction\",\"target\":[\"https:\\\/\\\/adunir.com.br\\\/index.php\\\/2025\\\/10\\\/29\\\/abaixo-a-reforma-administrativa\\\/\"]}]},{\"@type\":\"ImageObject\",\"inLanguage\":\"pt-BR\",\"@id\":\"https:\\\/\\\/adunir.com.br\\\/index.php\\\/2025\\\/10\\\/29\\\/abaixo-a-reforma-administrativa\\\/#primaryimage\",\"url\":\"https:\\\/\\\/adunir.com.br\\\/wp-content\\\/uploads\\\/2025\\\/10\\\/Abaixo-a-reforma-administrativa.jpg\",\"contentUrl\":\"https:\\\/\\\/adunir.com.br\\\/wp-content\\\/uploads\\\/2025\\\/10\\\/Abaixo-a-reforma-administrativa.jpg\",\"width\":1280,\"height\":904},{\"@type\":\"BreadcrumbList\",\"@id\":\"https:\\\/\\\/adunir.com.br\\\/index.php\\\/2025\\\/10\\\/29\\\/abaixo-a-reforma-administrativa\\\/#breadcrumb\",\"itemListElement\":[{\"@type\":\"ListItem\",\"position\":1,\"name\":\"In\u00edcio\",\"item\":\"https:\\\/\\\/adunir.com.br\\\/\"},{\"@type\":\"ListItem\",\"position\":2,\"name\":\"Abaixo a Reforma Administrativa!\"}]},{\"@type\":\"WebSite\",\"@id\":\"https:\\\/\\\/adunir.com.br\\\/#website\",\"url\":\"https:\\\/\\\/adunir.com.br\\\/\",\"name\":\"ADUNIR\",\"description\":\"Associa\u00e7\u00e3o dos Docentes da Universidade Federal de Rond\u00f4nia - Se\u00e7\u00e3o Sindical\",\"publisher\":{\"@id\":\"https:\\\/\\\/adunir.com.br\\\/#organization\"},\"potentialAction\":[{\"@type\":\"SearchAction\",\"target\":{\"@type\":\"EntryPoint\",\"urlTemplate\":\"https:\\\/\\\/adunir.com.br\\\/?s={search_term_string}\"},\"query-input\":{\"@type\":\"PropertyValueSpecification\",\"valueRequired\":true,\"valueName\":\"search_term_string\"}}],\"inLanguage\":\"pt-BR\"},{\"@type\":\"Organization\",\"@id\":\"https:\\\/\\\/adunir.com.br\\\/#organization\",\"name\":\"Associa\u00e7\u00e3o dos Docentes da Universidade Federal de Rond\u00f4nia - ADUNIR\",\"url\":\"https:\\\/\\\/adunir.com.br\\\/\",\"logo\":{\"@type\":\"ImageObject\",\"inLanguage\":\"pt-BR\",\"@id\":\"https:\\\/\\\/adunir.com.br\\\/#\\\/schema\\\/logo\\\/image\\\/\",\"url\":\"https:\\\/\\\/adunir.com.br\\\/wp-content\\\/uploads\\\/2023\\\/12\\\/cropped-logo_adunir.png\",\"contentUrl\":\"https:\\\/\\\/adunir.com.br\\\/wp-content\\\/uploads\\\/2023\\\/12\\\/cropped-logo_adunir.png\",\"width\":982,\"height\":102,\"caption\":\"Associa\u00e7\u00e3o dos Docentes da Universidade Federal de Rond\u00f4nia - ADUNIR\"},\"image\":{\"@id\":\"https:\\\/\\\/adunir.com.br\\\/#\\\/schema\\\/logo\\\/image\\\/\"},\"sameAs\":[\"https:\\\/\\\/www.facebook.com\\\/adunirsecaosindical.andes\\\/\"]},{\"@type\":\"Person\",\"@id\":\"https:\\\/\\\/adunir.com.br\\\/#\\\/schema\\\/person\\\/86b4aeb6bf6cab96151fb0ac140b8c48\",\"name\":\"adunir\",\"sameAs\":[\"http:\\\/\\\/localhost\\\/wordpress\"],\"url\":\"https:\\\/\\\/adunir.com.br\\\/index.php\\\/author\\\/adunir\\\/\"}]}<\/script>\n<!-- \/ Yoast SEO plugin. -->","yoast_head_json":{"title":"Abaixo a Reforma Administrativa! - ADUNIR","robots":{"index":"index","follow":"follow","max-snippet":"max-snippet:-1","max-image-preview":"max-image-preview:large","max-video-preview":"max-video-preview:-1"},"canonical":"https:\/\/adunir.com.br\/index.php\/2025\/10\/29\/abaixo-a-reforma-administrativa\/","og_locale":"pt_BR","og_type":"article","og_title":"Abaixo a Reforma Administrativa! - ADUNIR","og_description":"Nos dias 29 e 30 de outubro, a ADUNIR promove uma s\u00e9rie de atividades em defesa do servi\u00e7o p\u00fablico e contra a Reforma Administrativa, que amea\u00e7a direitos das servidoras e servidores e compromete a qualidade dos servi\u00e7os oferecidos \u00e0 popula\u00e7\u00e3o. \ud83d\udcc5 29\/10 \u2013 Mobiliza\u00e7\u00e3o no campus: panfletagem e passagem em sala.\ud83d\udcc5 30\/10 \u2013 Semin\u00e1rio sobre [&hellip;]","og_url":"https:\/\/adunir.com.br\/index.php\/2025\/10\/29\/abaixo-a-reforma-administrativa\/","og_site_name":"ADUNIR","article_publisher":"https:\/\/www.facebook.com\/adunirsecaosindical.andes\/","article_published_time":"2025-10-29T19:41:16+00:00","article_modified_time":"2025-10-29T19:41:22+00:00","og_image":[{"width":1280,"height":904,"url":"https:\/\/adunir.com.br\/wp-content\/uploads\/2025\/10\/Abaixo-a-reforma-administrativa.jpg","type":"image\/jpeg"}],"author":"adunir","twitter_card":"summary_large_image","twitter_misc":{"Escrito por":"adunir","Est. tempo de leitura":"1 minuto"},"schema":{"@context":"https:\/\/schema.org","@graph":[{"@type":"Article","@id":"https:\/\/adunir.com.br\/index.php\/2025\/10\/29\/abaixo-a-reforma-administrativa\/#article","isPartOf":{"@id":"https:\/\/adunir.com.br\/index.php\/2025\/10\/29\/abaixo-a-reforma-administrativa\/"},"author":{"name":"adunir","@id":"https:\/\/adunir.com.br\/#\/schema\/person\/86b4aeb6bf6cab96151fb0ac140b8c48"},"headline":"Abaixo a Reforma Administrativa!","datePublished":"2025-10-29T19:41:16+00:00","dateModified":"2025-10-29T19:41:22+00:00","mainEntityOfPage":{"@id":"https:\/\/adunir.com.br\/index.php\/2025\/10\/29\/abaixo-a-reforma-administrativa\/"},"wordCount":114,"publisher":{"@id":"https:\/\/adunir.com.br\/#organization"},"image":{"@id":"https:\/\/adunir.com.br\/index.php\/2025\/10\/29\/abaixo-a-reforma-administrativa\/#primaryimage"},"thumbnailUrl":"https:\/\/adunir.com.br\/wp-content\/uploads\/2025\/10\/Abaixo-a-reforma-administrativa.jpg","articleSection":["Not\u00edcias"],"inLanguage":"pt-BR"},{"@type":"WebPage","@id":"https:\/\/adunir.com.br\/index.php\/2025\/10\/29\/abaixo-a-reforma-administrativa\/","url":"https:\/\/adunir.com.br\/index.php\/2025\/10\/29\/abaixo-a-reforma-administrativa\/","name":"Abaixo a Reforma Administrativa! - ADUNIR","isPartOf":{"@id":"https:\/\/adunir.com.br\/#website"},"primaryImageOfPage":{"@id":"https:\/\/adunir.com.br\/index.php\/2025\/10\/29\/abaixo-a-reforma-administrativa\/#primaryimage"},"image":{"@id":"https:\/\/adunir.com.br\/index.php\/2025\/10\/29\/abaixo-a-reforma-administrativa\/#primaryimage"},"thumbnailUrl":"https:\/\/adunir.com.br\/wp-content\/uploads\/2025\/10\/Abaixo-a-reforma-administrativa.jpg","datePublished":"2025-10-29T19:41:16+00:00","dateModified":"2025-10-29T19:41:22+00:00","breadcrumb":{"@id":"https:\/\/adunir.com.br\/index.php\/2025\/10\/29\/abaixo-a-reforma-administrativa\/#breadcrumb"},"inLanguage":"pt-BR","potentialAction":[{"@type":"ReadAction","target":["https:\/\/adunir.com.br\/index.php\/2025\/10\/29\/abaixo-a-reforma-administrativa\/"]}]},{"@type":"ImageObject","inLanguage":"pt-BR","@id":"https:\/\/adunir.com.br\/index.php\/2025\/10\/29\/abaixo-a-reforma-administrativa\/#primaryimage","url":"https:\/\/adunir.com.br\/wp-content\/uploads\/2025\/10\/Abaixo-a-reforma-administrativa.jpg","contentUrl":"https:\/\/adunir.com.br\/wp-content\/uploads\/2025\/10\/Abaixo-a-reforma-administrativa.jpg","width":1280,"height":904},{"@type":"BreadcrumbList","@id":"https:\/\/adunir.com.br\/index.php\/2025\/10\/29\/abaixo-a-reforma-administrativa\/#breadcrumb","itemListElement":[{"@type":"ListItem","position":1,"name":"In\u00edcio","item":"https:\/\/adunir.com.br\/"},{"@type":"ListItem","position":2,"name":"Abaixo a Reforma Administrativa!"}]},{"@type":"WebSite","@id":"https:\/\/adunir.com.br\/#website","url":"https:\/\/adunir.com.br\/","name":"ADUNIR","description":"Associa\u00e7\u00e3o dos Docentes da Universidade Federal de Rond\u00f4nia - Se\u00e7\u00e3o Sindical","publisher":{"@id":"https:\/\/adunir.com.br\/#organization"},"potentialAction":[{"@type":"SearchAction","target":{"@type":"EntryPoint","urlTemplate":"https:\/\/adunir.com.br\/?s={search_term_string}"},"query-input":{"@type":"PropertyValueSpecification","valueRequired":true,"valueName":"search_term_string"}}],"inLanguage":"pt-BR"},{"@type":"Organization","@id":"https:\/\/adunir.com.br\/#organization","name":"Associa\u00e7\u00e3o dos Docentes da Universidade Federal de Rond\u00f4nia - ADUNIR","url":"https:\/\/adunir.com.br\/","logo":{"@type":"ImageObject","inLanguage":"pt-BR","@id":"https:\/\/adunir.com.br\/#\/schema\/logo\/image\/","url":"https:\/\/adunir.com.br\/wp-content\/uploads\/2023\/12\/cropped-logo_adunir.png","contentUrl":"https:\/\/adunir.com.br\/wp-content\/uploads\/2023\/12\/cropped-logo_adunir.png","width":982,"height":102,"caption":"Associa\u00e7\u00e3o dos Docentes da Universidade Federal de Rond\u00f4nia - ADUNIR"},"image":{"@id":"https:\/\/adunir.com.br\/#\/schema\/logo\/image\/"},"sameAs":["https:\/\/www.facebook.com\/adunirsecaosindical.andes\/"]},{"@type":"Person","@id":"https:\/\/adunir.com.br\/#\/schema\/person\/86b4aeb6bf6cab96151fb0ac140b8c48","name":"adunir","sameAs":["http:\/\/localhost\/wordpress"],"url":"https:\/\/adunir.com.br\/index.php\/author\/adunir\/"}]}},"uagb_featured_image_src":{"full":["https:\/\/adunir.com.br\/wp-content\/uploads\/2025\/10\/Abaixo-a-reforma-administrativa.jpg",1280,904,false],"thumbnail":["https:\/\/adunir.com.br\/wp-content\/uploads\/2025\/10\/Abaixo-a-reforma-administrativa-150x150.jpg",150,150,true],"medium":["https:\/\/adunir.com.br\/wp-content\/uploads\/2025\/10\/Abaixo-a-reforma-administrativa-300x212.jpg",300,212,true],"medium_large":["https:\/\/adunir.com.br\/wp-content\/uploads\/2025\/10\/Abaixo-a-reforma-administrativa-768x542.jpg",768,542,true],"large":["https:\/\/adunir.com.br\/wp-content\/uploads\/2025\/10\/Abaixo-a-reforma-administrativa-1024x723.jpg",1024,723,true],"1536x1536":["https:\/\/adunir.com.br\/wp-content\/uploads\/2025\/10\/Abaixo-a-reforma-administrativa.jpg",1280,904,false],"2048x2048":["https:\/\/adunir.com.br\/wp-content\/uploads\/2025\/10\/Abaixo-a-reforma-administrativa.jpg",1280,904,false]},"uagb_author_info":{"display_name":"adunir","author_link":"https:\/\/adunir.com.br\/index.php\/author\/adunir\/"},"uagb_comment_info":0,"uagb_excerpt":"Nos dias 29 e 30 de outubro, a ADUNIR promove uma s\u00e9rie de atividades em defesa do servi\u00e7o p\u00fablico e contra a Reforma Administrativa, que amea\u00e7a direitos das servidoras e servidores e compromete a qualidade dos servi\u00e7os oferecidos \u00e0 popula\u00e7\u00e3o. \ud83d\udcc5 29\/10 \u2013 Mobiliza\u00e7\u00e3o no campus: panfletagem e passagem em sala.\ud83d\udcc5 30\/10 \u2013 Semin\u00e1rio sobre&hellip;","_links":{"self":[{"href":"https:\/\/adunir.com.br\/index.php\/wp-json\/wp\/v2\/posts\/3809","targetHints":{"allow":["GET"]}}],"collection":[{"href":"https:\/\/adunir.com.br\/index.php\/wp-json\/wp\/v2\/posts"}],"about":[{"href":"https:\/\/adunir.com.br\/index.php\/wp-json\/wp\/v2\/types\/post"}],"author":[{"embeddable":true,"href":"https:\/\/adunir.com.br\/index.php\/wp-json\/wp\/v2\/users\/1"}],"replies":[{"embeddable":true,"href":"https:\/\/adunir.com.br\/index.php\/wp-json\/wp\/v2\/comments?post=3809"}],"version-history":[{"count":1,"href":"https:\/\/adunir.com.br\/index.php\/wp-json\/wp\/v2\/posts\/3809\/revisions"}],"predecessor-version":[{"id":3812,"href":"https:\/\/adunir.com.br\/index.php\/wp-json\/wp\/v2\/posts\/3809\/revisions\/3812"}],"wp:featuredmedia":[{"embeddable":true,"href":"https:\/\/adunir.com.br\/index.php\/wp-json\/wp\/v2\/media\/3810"}],"wp:attachment":[{"href":"https:\/\/adunir.com.br\/index.php\/wp-json\/wp\/v2\/media?parent=3809"}],"wp:term":[{"taxonomy":"category","embeddable":true,"href":"https:\/\/adunir.com.br\/index.php\/wp-json\/wp\/v2\/categories?post=3809"},{"taxonomy":"post_tag","embeddable":true,"href":"https:\/\/adunir.com.br\/index.php\/wp-json\/wp\/v2\/tags?post=3809"}],"curies":[{"name":"wp","href":"https:\/\/api.w.org\/{rel}","templated":true}]}}