{"id":3819,"date":"2025-11-07T11:38:56","date_gmt":"2025-11-07T15:38:56","guid":{"rendered":"https:\/\/adunir.com.br\/?p=3819"},"modified":"2025-11-07T12:11:25","modified_gmt":"2025-11-07T16:11:25","slug":"5-razoes-pelas-quais-afirmamos-reforma-administrativa-se-e-ruim-para-o-servico-publico-e-pessimo-para-o-brasil","status":"publish","type":"post","link":"https:\/\/adunir.com.br\/index.php\/2025\/11\/07\/5-razoes-pelas-quais-afirmamos-reforma-administrativa-se-e-ruim-para-o-servico-publico-e-pessimo-para-o-brasil\/","title":{"rendered":"5 Raz\u00f5es pelas quais afirmamos: Reforma Administrativa                                                        Se \u00e9 ruim para o servi\u00e7o p\u00fablico, \u00e9 p\u00e9ssimo para o Brasil"},"content":{"rendered":"\n<figure class=\"wp-block-image size-large\"><img loading=\"lazy\" decoding=\"async\" width=\"819\" height=\"1024\" src=\"https:\/\/adunir.com.br\/wp-content\/uploads\/2025\/11\/FEED_Razoes-Reforma-Adm-1-1-819x1024.png\" alt=\"\" class=\"wp-image-3821\" srcset=\"https:\/\/adunir.com.br\/wp-content\/uploads\/2025\/11\/FEED_Razoes-Reforma-Adm-1-1-819x1024.png 819w, https:\/\/adunir.com.br\/wp-content\/uploads\/2025\/11\/FEED_Razoes-Reforma-Adm-1-1-240x300.png 240w, https:\/\/adunir.com.br\/wp-content\/uploads\/2025\/11\/FEED_Razoes-Reforma-Adm-1-1-768x960.png 768w, https:\/\/adunir.com.br\/wp-content\/uploads\/2025\/11\/FEED_Razoes-Reforma-Adm-1-1.png 1080w\" sizes=\"auto, (max-width: 819px) 100vw, 819px\" \/><\/figure>\n\n\n\n<figure class=\"wp-block-image size-large\"><img loading=\"lazy\" decoding=\"async\" width=\"819\" height=\"1024\" src=\"https:\/\/adunir.com.br\/wp-content\/uploads\/2025\/11\/FEED_Razoes-Reforma-Adm-2-819x1024.png\" alt=\"\" class=\"wp-image-3822\" srcset=\"https:\/\/adunir.com.br\/wp-content\/uploads\/2025\/11\/FEED_Razoes-Reforma-Adm-2-819x1024.png 819w, https:\/\/adunir.com.br\/wp-content\/uploads\/2025\/11\/FEED_Razoes-Reforma-Adm-2-240x300.png 240w, https:\/\/adunir.com.br\/wp-content\/uploads\/2025\/11\/FEED_Razoes-Reforma-Adm-2-768x960.png 768w, https:\/\/adunir.com.br\/wp-content\/uploads\/2025\/11\/FEED_Razoes-Reforma-Adm-2.png 1080w\" sizes=\"auto, (max-width: 819px) 100vw, 819px\" \/><\/figure>\n\n\n\n<!--more-->\n\n\n\n<figure class=\"wp-block-image size-large\"><img loading=\"lazy\" decoding=\"async\" width=\"819\" height=\"1024\" src=\"https:\/\/adunir.com.br\/wp-content\/uploads\/2025\/11\/FEED_Razoes-Reforma-Adm-3-819x1024.png\" alt=\"\" class=\"wp-image-3823\" srcset=\"https:\/\/adunir.com.br\/wp-content\/uploads\/2025\/11\/FEED_Razoes-Reforma-Adm-3-819x1024.png 819w, https:\/\/adunir.com.br\/wp-content\/uploads\/2025\/11\/FEED_Razoes-Reforma-Adm-3-240x300.png 240w, https:\/\/adunir.com.br\/wp-content\/uploads\/2025\/11\/FEED_Razoes-Reforma-Adm-3-768x960.png 768w, https:\/\/adunir.com.br\/wp-content\/uploads\/2025\/11\/FEED_Razoes-Reforma-Adm-3.png 1080w\" sizes=\"auto, (max-width: 819px) 100vw, 819px\" \/><\/figure>\n\n\n\n<figure class=\"wp-block-image size-large\"><img loading=\"lazy\" decoding=\"async\" width=\"819\" height=\"1024\" src=\"https:\/\/adunir.com.br\/wp-content\/uploads\/2025\/11\/FEED_Razoes-Reforma-Adm-4-819x1024.png\" alt=\"\" class=\"wp-image-3824\" srcset=\"https:\/\/adunir.com.br\/wp-content\/uploads\/2025\/11\/FEED_Razoes-Reforma-Adm-4-819x1024.png 819w, https:\/\/adunir.com.br\/wp-content\/uploads\/2025\/11\/FEED_Razoes-Reforma-Adm-4-240x300.png 240w, https:\/\/adunir.com.br\/wp-content\/uploads\/2025\/11\/FEED_Razoes-Reforma-Adm-4-768x960.png 768w, https:\/\/adunir.com.br\/wp-content\/uploads\/2025\/11\/FEED_Razoes-Reforma-Adm-4.png 1080w\" sizes=\"auto, (max-width: 819px) 100vw, 819px\" \/><\/figure>\n\n\n\n<figure class=\"wp-block-image size-large\"><img loading=\"lazy\" decoding=\"async\" width=\"819\" height=\"1024\" src=\"https:\/\/adunir.com.br\/wp-content\/uploads\/2025\/11\/FEED_Razoes-Reforma-Adm-5-819x1024.png\" alt=\"\" class=\"wp-image-3826\" srcset=\"https:\/\/adunir.com.br\/wp-content\/uploads\/2025\/11\/FEED_Razoes-Reforma-Adm-5-819x1024.png 819w, https:\/\/adunir.com.br\/wp-content\/uploads\/2025\/11\/FEED_Razoes-Reforma-Adm-5-240x300.png 240w, https:\/\/adunir.com.br\/wp-content\/uploads\/2025\/11\/FEED_Razoes-Reforma-Adm-5-768x960.png 768w, https:\/\/adunir.com.br\/wp-content\/uploads\/2025\/11\/FEED_Razoes-Reforma-Adm-5.png 1080w\" sizes=\"auto, (max-width: 819px) 100vw, 819px\" \/><\/figure>\n\n\n\n<figure class=\"wp-block-image size-large\"><img loading=\"lazy\" decoding=\"async\" width=\"819\" height=\"1024\" src=\"https:\/\/adunir.com.br\/wp-content\/uploads\/2025\/11\/FEED_Razoes-Reforma-Adm-6-819x1024.png\" alt=\"\" class=\"wp-image-3827\" srcset=\"https:\/\/adunir.com.br\/wp-content\/uploads\/2025\/11\/FEED_Razoes-Reforma-Adm-6-819x1024.png 819w, https:\/\/adunir.com.br\/wp-content\/uploads\/2025\/11\/FEED_Razoes-Reforma-Adm-6-240x300.png 240w, https:\/\/adunir.com.br\/wp-content\/uploads\/2025\/11\/FEED_Razoes-Reforma-Adm-6-768x960.png 768w, https:\/\/adunir.com.br\/wp-content\/uploads\/2025\/11\/FEED_Razoes-Reforma-Adm-6.png 1080w\" sizes=\"auto, (max-width: 819px) 100vw, 819px\" \/><\/figure>\n\n\n\n<figure class=\"wp-block-image size-large\"><img loading=\"lazy\" decoding=\"async\" width=\"819\" height=\"1024\" src=\"https:\/\/adunir.com.br\/wp-content\/uploads\/2025\/11\/FEED_Razoes-Reforma-Adm-7-819x1024.png\" alt=\"\" class=\"wp-image-3828\" srcset=\"https:\/\/adunir.com.br\/wp-content\/uploads\/2025\/11\/FEED_Razoes-Reforma-Adm-7-819x1024.png 819w, https:\/\/adunir.com.br\/wp-content\/uploads\/2025\/11\/FEED_Razoes-Reforma-Adm-7-240x300.png 240w, https:\/\/adunir.com.br\/wp-content\/uploads\/2025\/11\/FEED_Razoes-Reforma-Adm-7-768x960.png 768w, https:\/\/adunir.com.br\/wp-content\/uploads\/2025\/11\/FEED_Razoes-Reforma-Adm-7.png 1080w\" sizes=\"auto, (max-width: 819px) 100vw, 819px\" \/><\/figure>\n\n\n\n<figure class=\"wp-block-image size-large\"><img loading=\"lazy\" decoding=\"async\" width=\"819\" height=\"1024\" src=\"https:\/\/adunir.com.br\/wp-content\/uploads\/2025\/11\/FEED_Razoes-Reforma-Adm-8-819x1024.png\" alt=\"\" class=\"wp-image-3829\" srcset=\"https:\/\/adunir.com.br\/wp-content\/uploads\/2025\/11\/FEED_Razoes-Reforma-Adm-8-819x1024.png 819w, https:\/\/adunir.com.br\/wp-content\/uploads\/2025\/11\/FEED_Razoes-Reforma-Adm-8-240x300.png 240w, https:\/\/adunir.com.br\/wp-content\/uploads\/2025\/11\/FEED_Razoes-Reforma-Adm-8-768x960.png 768w, https:\/\/adunir.com.br\/wp-content\/uploads\/2025\/11\/FEED_Razoes-Reforma-Adm-8.png 1080w\" sizes=\"auto, (max-width: 819px) 100vw, 819px\" \/><\/figure>\n\n\n\n<figure class=\"wp-block-image size-large\"><img loading=\"lazy\" decoding=\"async\" width=\"819\" height=\"1024\" src=\"https:\/\/adunir.com.br\/wp-content\/uploads\/2025\/11\/FEED_Razoes-Reforma-Adm-9-819x1024.png\" alt=\"\" class=\"wp-image-3830\" srcset=\"https:\/\/adunir.com.br\/wp-content\/uploads\/2025\/11\/FEED_Razoes-Reforma-Adm-9-819x1024.png 819w, https:\/\/adunir.com.br\/wp-content\/uploads\/2025\/11\/FEED_Razoes-Reforma-Adm-9-240x300.png 240w, https:\/\/adunir.com.br\/wp-content\/uploads\/2025\/11\/FEED_Razoes-Reforma-Adm-9-768x960.png 768w, https:\/\/adunir.com.br\/wp-content\/uploads\/2025\/11\/FEED_Razoes-Reforma-Adm-9.png 1080w\" sizes=\"auto, (max-width: 819px) 100vw, 819px\" \/><\/figure>\n\n\n\n<figure class=\"wp-block-image size-large\"><img loading=\"lazy\" decoding=\"async\" width=\"819\" height=\"1024\" src=\"https:\/\/adunir.com.br\/wp-content\/uploads\/2025\/11\/FEED_Razoes-Reforma-Adm-10-819x1024.png\" alt=\"\" class=\"wp-image-3831\" srcset=\"https:\/\/adunir.com.br\/wp-content\/uploads\/2025\/11\/FEED_Razoes-Reforma-Adm-10-819x1024.png 819w, https:\/\/adunir.com.br\/wp-content\/uploads\/2025\/11\/FEED_Razoes-Reforma-Adm-10-240x300.png 240w, https:\/\/adunir.com.br\/wp-content\/uploads\/2025\/11\/FEED_Razoes-Reforma-Adm-10-768x960.png 768w, https:\/\/adunir.com.br\/wp-content\/uploads\/2025\/11\/FEED_Razoes-Reforma-Adm-10.png 1080w\" sizes=\"auto, (max-width: 819px) 100vw, 819px\" \/><\/figure>\n\n\n\n<figure class=\"wp-block-image size-large\"><img loading=\"lazy\" decoding=\"async\" width=\"819\" height=\"1024\" src=\"https:\/\/adunir.com.br\/wp-content\/uploads\/2025\/11\/FEED_Razoes-Reforma-Adm-11-819x1024.png\" alt=\"\" class=\"wp-image-3832\" srcset=\"https:\/\/adunir.com.br\/wp-content\/uploads\/2025\/11\/FEED_Razoes-Reforma-Adm-11-819x1024.png 819w, https:\/\/adunir.com.br\/wp-content\/uploads\/2025\/11\/FEED_Razoes-Reforma-Adm-11-240x300.png 240w, https:\/\/adunir.com.br\/wp-content\/uploads\/2025\/11\/FEED_Razoes-Reforma-Adm-11-768x960.png 768w, https:\/\/adunir.com.br\/wp-content\/uploads\/2025\/11\/FEED_Razoes-Reforma-Adm-11.png 1080w\" sizes=\"auto, (max-width: 819px) 100vw, 819px\" \/><\/figure>\n\n\n\n<figure class=\"wp-block-image size-large\"><img loading=\"lazy\" decoding=\"async\" width=\"819\" height=\"1024\" src=\"https:\/\/adunir.com.br\/wp-content\/uploads\/2025\/11\/FEED_Razoes-Reforma-Adm-12-819x1024.png\" alt=\"\" class=\"wp-image-3833\" srcset=\"https:\/\/adunir.com.br\/wp-content\/uploads\/2025\/11\/FEED_Razoes-Reforma-Adm-12-819x1024.png 819w, https:\/\/adunir.com.br\/wp-content\/uploads\/2025\/11\/FEED_Razoes-Reforma-Adm-12-240x300.png 240w, https:\/\/adunir.com.br\/wp-content\/uploads\/2025\/11\/FEED_Razoes-Reforma-Adm-12-768x960.png 768w, https:\/\/adunir.com.br\/wp-content\/uploads\/2025\/11\/FEED_Razoes-Reforma-Adm-12.png 1080w\" sizes=\"auto, (max-width: 819px) 100vw, 819px\" \/><\/figure>\n","protected":false},"excerpt":{"rendered":"","protected":false},"author":1,"featured_media":3837,"comment_status":"closed","ping_status":"open","sticky":false,"template":"","format":"standard","meta":{"_uag_custom_page_level_css":"","footnotes":""},"categories":[5],"tags":[],"class_list":["post-3819","post","type-post","status-publish","format-standard","has-post-thumbnail","hentry","category-noticias"],"yoast_head":"<!-- This site is optimized with the Yoast SEO plugin v27.5 - https:\/\/yoast.com\/product\/yoast-seo-wordpress\/ -->\n<title>5 Raz\u00f5es pelas quais afirmamos: Reforma Administrativa                            Se \u00e9 ruim para o servi\u00e7o p\u00fablico, \u00e9 p\u00e9ssimo para o Brasil - ADUNIR<\/title>\n<meta name=\"robots\" content=\"index, follow, max-snippet:-1, max-image-preview:large, max-video-preview:-1\" \/>\n<link rel=\"canonical\" href=\"https:\/\/adunir.com.br\/index.php\/2025\/11\/07\/5-razoes-pelas-quais-afirmamos-reforma-administrativa-se-e-ruim-para-o-servico-publico-e-pessimo-para-o-brasil\/\" \/>\n<meta property=\"og:locale\" content=\"pt_BR\" \/>\n<meta property=\"og:type\" content=\"article\" \/>\n<meta property=\"og:title\" content=\"5 Raz\u00f5es pelas quais afirmamos: Reforma Administrativa                            Se \u00e9 ruim para o servi\u00e7o p\u00fablico, \u00e9 p\u00e9ssimo para o Brasil - ADUNIR\" \/>\n<meta property=\"og:url\" content=\"https:\/\/adunir.com.br\/index.php\/2025\/11\/07\/5-razoes-pelas-quais-afirmamos-reforma-administrativa-se-e-ruim-para-o-servico-publico-e-pessimo-para-o-brasil\/\" \/>\n<meta property=\"og:site_name\" content=\"ADUNIR\" \/>\n<meta property=\"article:publisher\" content=\"https:\/\/www.facebook.com\/adunirsecaosindical.andes\/\" \/>\n<meta property=\"article:published_time\" content=\"2025-11-07T15:38:56+00:00\" \/>\n<meta property=\"article:modified_time\" content=\"2025-11-07T16:11:25+00:00\" \/>\n<meta property=\"og:image\" content=\"https:\/\/adunir.com.br\/wp-content\/uploads\/2025\/11\/BANNER-Reforma-ADM.png\" \/>\n\t<meta property=\"og:image:width\" content=\"914\" \/>\n\t<meta property=\"og:image:height\" content=\"396\" \/>\n\t<meta property=\"og:image:type\" content=\"image\/png\" \/>\n<meta name=\"author\" content=\"adunir\" \/>\n<meta name=\"twitter:card\" content=\"summary_large_image\" \/>\n<meta name=\"twitter:label1\" content=\"Escrito por\" \/>\n\t<meta name=\"twitter:data1\" content=\"adunir\" \/>\n\t<meta name=\"twitter:label2\" content=\"Est. tempo de leitura\" \/>\n\t<meta name=\"twitter:data2\" content=\"3 minutos\" \/>\n<script type=\"application\/ld+json\" class=\"yoast-schema-graph\">{\"@context\":\"https:\\\/\\\/schema.org\",\"@graph\":[{\"@type\":\"Article\",\"@id\":\"https:\\\/\\\/adunir.com.br\\\/index.php\\\/2025\\\/11\\\/07\\\/5-razoes-pelas-quais-afirmamos-reforma-administrativa-se-e-ruim-para-o-servico-publico-e-pessimo-para-o-brasil\\\/#article\",\"isPartOf\":{\"@id\":\"https:\\\/\\\/adunir.com.br\\\/index.php\\\/2025\\\/11\\\/07\\\/5-razoes-pelas-quais-afirmamos-reforma-administrativa-se-e-ruim-para-o-servico-publico-e-pessimo-para-o-brasil\\\/\"},\"author\":{\"name\":\"adunir\",\"@id\":\"https:\\\/\\\/adunir.com.br\\\/#\\\/schema\\\/person\\\/86b4aeb6bf6cab96151fb0ac140b8c48\"},\"headline\":\"5 Raz\u00f5es pelas quais afirmamos: Reforma Administrativa Se \u00e9 ruim para o servi\u00e7o p\u00fablico, \u00e9 p\u00e9ssimo para o Brasil\",\"datePublished\":\"2025-11-07T15:38:56+00:00\",\"dateModified\":\"2025-11-07T16:11:25+00:00\",\"mainEntityOfPage\":{\"@id\":\"https:\\\/\\\/adunir.com.br\\\/index.php\\\/2025\\\/11\\\/07\\\/5-razoes-pelas-quais-afirmamos-reforma-administrativa-se-e-ruim-para-o-servico-publico-e-pessimo-para-o-brasil\\\/\"},\"wordCount\":20,\"publisher\":{\"@id\":\"https:\\\/\\\/adunir.com.br\\\/#organization\"},\"image\":{\"@id\":\"https:\\\/\\\/adunir.com.br\\\/index.php\\\/2025\\\/11\\\/07\\\/5-razoes-pelas-quais-afirmamos-reforma-administrativa-se-e-ruim-para-o-servico-publico-e-pessimo-para-o-brasil\\\/#primaryimage\"},\"thumbnailUrl\":\"https:\\\/\\\/adunir.com.br\\\/wp-content\\\/uploads\\\/2025\\\/11\\\/BANNER-Reforma-ADM.png\",\"articleSection\":[\"Not\u00edcias\"],\"inLanguage\":\"pt-BR\"},{\"@type\":\"WebPage\",\"@id\":\"https:\\\/\\\/adunir.com.br\\\/index.php\\\/2025\\\/11\\\/07\\\/5-razoes-pelas-quais-afirmamos-reforma-administrativa-se-e-ruim-para-o-servico-publico-e-pessimo-para-o-brasil\\\/\",\"url\":\"https:\\\/\\\/adunir.com.br\\\/index.php\\\/2025\\\/11\\\/07\\\/5-razoes-pelas-quais-afirmamos-reforma-administrativa-se-e-ruim-para-o-servico-publico-e-pessimo-para-o-brasil\\\/\",\"name\":\"5 Raz\u00f5es pelas quais afirmamos: Reforma Administrativa Se \u00e9 ruim para o servi\u00e7o p\u00fablico, \u00e9 p\u00e9ssimo para o Brasil - ADUNIR\",\"isPartOf\":{\"@id\":\"https:\\\/\\\/adunir.com.br\\\/#website\"},\"primaryImageOfPage\":{\"@id\":\"https:\\\/\\\/adunir.com.br\\\/index.php\\\/2025\\\/11\\\/07\\\/5-razoes-pelas-quais-afirmamos-reforma-administrativa-se-e-ruim-para-o-servico-publico-e-pessimo-para-o-brasil\\\/#primaryimage\"},\"image\":{\"@id\":\"https:\\\/\\\/adunir.com.br\\\/index.php\\\/2025\\\/11\\\/07\\\/5-razoes-pelas-quais-afirmamos-reforma-administrativa-se-e-ruim-para-o-servico-publico-e-pessimo-para-o-brasil\\\/#primaryimage\"},\"thumbnailUrl\":\"https:\\\/\\\/adunir.com.br\\\/wp-content\\\/uploads\\\/2025\\\/11\\\/BANNER-Reforma-ADM.png\",\"datePublished\":\"2025-11-07T15:38:56+00:00\",\"dateModified\":\"2025-11-07T16:11:25+00:00\",\"breadcrumb\":{\"@id\":\"https:\\\/\\\/adunir.com.br\\\/index.php\\\/2025\\\/11\\\/07\\\/5-razoes-pelas-quais-afirmamos-reforma-administrativa-se-e-ruim-para-o-servico-publico-e-pessimo-para-o-brasil\\\/#breadcrumb\"},\"inLanguage\":\"pt-BR\",\"potentialAction\":[{\"@type\":\"ReadAction\",\"target\":[\"https:\\\/\\\/adunir.com.br\\\/index.php\\\/2025\\\/11\\\/07\\\/5-razoes-pelas-quais-afirmamos-reforma-administrativa-se-e-ruim-para-o-servico-publico-e-pessimo-para-o-brasil\\\/\"]}]},{\"@type\":\"ImageObject\",\"inLanguage\":\"pt-BR\",\"@id\":\"https:\\\/\\\/adunir.com.br\\\/index.php\\\/2025\\\/11\\\/07\\\/5-razoes-pelas-quais-afirmamos-reforma-administrativa-se-e-ruim-para-o-servico-publico-e-pessimo-para-o-brasil\\\/#primaryimage\",\"url\":\"https:\\\/\\\/adunir.com.br\\\/wp-content\\\/uploads\\\/2025\\\/11\\\/BANNER-Reforma-ADM.png\",\"contentUrl\":\"https:\\\/\\\/adunir.com.br\\\/wp-content\\\/uploads\\\/2025\\\/11\\\/BANNER-Reforma-ADM.png\",\"width\":914,\"height\":396},{\"@type\":\"BreadcrumbList\",\"@id\":\"https:\\\/\\\/adunir.com.br\\\/index.php\\\/2025\\\/11\\\/07\\\/5-razoes-pelas-quais-afirmamos-reforma-administrativa-se-e-ruim-para-o-servico-publico-e-pessimo-para-o-brasil\\\/#breadcrumb\",\"itemListElement\":[{\"@type\":\"ListItem\",\"position\":1,\"name\":\"In\u00edcio\",\"item\":\"https:\\\/\\\/adunir.com.br\\\/\"},{\"@type\":\"ListItem\",\"position\":2,\"name\":\"5 Raz\u00f5es pelas quais afirmamos: Reforma Administrativa Se \u00e9 ruim para o servi\u00e7o p\u00fablico, \u00e9 p\u00e9ssimo para o Brasil\"}]},{\"@type\":\"WebSite\",\"@id\":\"https:\\\/\\\/adunir.com.br\\\/#website\",\"url\":\"https:\\\/\\\/adunir.com.br\\\/\",\"name\":\"ADUNIR\",\"description\":\"Associa\u00e7\u00e3o dos Docentes da Universidade Federal de Rond\u00f4nia - Se\u00e7\u00e3o Sindical\",\"publisher\":{\"@id\":\"https:\\\/\\\/adunir.com.br\\\/#organization\"},\"potentialAction\":[{\"@type\":\"SearchAction\",\"target\":{\"@type\":\"EntryPoint\",\"urlTemplate\":\"https:\\\/\\\/adunir.com.br\\\/?s={search_term_string}\"},\"query-input\":{\"@type\":\"PropertyValueSpecification\",\"valueRequired\":true,\"valueName\":\"search_term_string\"}}],\"inLanguage\":\"pt-BR\"},{\"@type\":\"Organization\",\"@id\":\"https:\\\/\\\/adunir.com.br\\\/#organization\",\"name\":\"Associa\u00e7\u00e3o dos Docentes da Universidade Federal de Rond\u00f4nia - ADUNIR\",\"url\":\"https:\\\/\\\/adunir.com.br\\\/\",\"logo\":{\"@type\":\"ImageObject\",\"inLanguage\":\"pt-BR\",\"@id\":\"https:\\\/\\\/adunir.com.br\\\/#\\\/schema\\\/logo\\\/image\\\/\",\"url\":\"https:\\\/\\\/adunir.com.br\\\/wp-content\\\/uploads\\\/2023\\\/12\\\/cropped-logo_adunir.png\",\"contentUrl\":\"https:\\\/\\\/adunir.com.br\\\/wp-content\\\/uploads\\\/2023\\\/12\\\/cropped-logo_adunir.png\",\"width\":982,\"height\":102,\"caption\":\"Associa\u00e7\u00e3o dos Docentes da Universidade Federal de Rond\u00f4nia - ADUNIR\"},\"image\":{\"@id\":\"https:\\\/\\\/adunir.com.br\\\/#\\\/schema\\\/logo\\\/image\\\/\"},\"sameAs\":[\"https:\\\/\\\/www.facebook.com\\\/adunirsecaosindical.andes\\\/\"]},{\"@type\":\"Person\",\"@id\":\"https:\\\/\\\/adunir.com.br\\\/#\\\/schema\\\/person\\\/86b4aeb6bf6cab96151fb0ac140b8c48\",\"name\":\"adunir\",\"sameAs\":[\"http:\\\/\\\/localhost\\\/wordpress\"],\"url\":\"https:\\\/\\\/adunir.com.br\\\/index.php\\\/author\\\/adunir\\\/\"}]}<\/script>\n<!-- \/ Yoast SEO plugin. -->","yoast_head_json":{"title":"5 Raz\u00f5es pelas quais afirmamos: Reforma Administrativa                            Se \u00e9 ruim para o servi\u00e7o p\u00fablico, \u00e9 p\u00e9ssimo para o Brasil - ADUNIR","robots":{"index":"index","follow":"follow","max-snippet":"max-snippet:-1","max-image-preview":"max-image-preview:large","max-video-preview":"max-video-preview:-1"},"canonical":"https:\/\/adunir.com.br\/index.php\/2025\/11\/07\/5-razoes-pelas-quais-afirmamos-reforma-administrativa-se-e-ruim-para-o-servico-publico-e-pessimo-para-o-brasil\/","og_locale":"pt_BR","og_type":"article","og_title":"5 Raz\u00f5es pelas quais afirmamos: Reforma Administrativa                            Se \u00e9 ruim para o servi\u00e7o p\u00fablico, \u00e9 p\u00e9ssimo para o Brasil - ADUNIR","og_url":"https:\/\/adunir.com.br\/index.php\/2025\/11\/07\/5-razoes-pelas-quais-afirmamos-reforma-administrativa-se-e-ruim-para-o-servico-publico-e-pessimo-para-o-brasil\/","og_site_name":"ADUNIR","article_publisher":"https:\/\/www.facebook.com\/adunirsecaosindical.andes\/","article_published_time":"2025-11-07T15:38:56+00:00","article_modified_time":"2025-11-07T16:11:25+00:00","og_image":[{"width":914,"height":396,"url":"https:\/\/adunir.com.br\/wp-content\/uploads\/2025\/11\/BANNER-Reforma-ADM.png","type":"image\/png"}],"author":"adunir","twitter_card":"summary_large_image","twitter_misc":{"Escrito por":"adunir","Est. tempo de leitura":"3 minutos"},"schema":{"@context":"https:\/\/schema.org","@graph":[{"@type":"Article","@id":"https:\/\/adunir.com.br\/index.php\/2025\/11\/07\/5-razoes-pelas-quais-afirmamos-reforma-administrativa-se-e-ruim-para-o-servico-publico-e-pessimo-para-o-brasil\/#article","isPartOf":{"@id":"https:\/\/adunir.com.br\/index.php\/2025\/11\/07\/5-razoes-pelas-quais-afirmamos-reforma-administrativa-se-e-ruim-para-o-servico-publico-e-pessimo-para-o-brasil\/"},"author":{"name":"adunir","@id":"https:\/\/adunir.com.br\/#\/schema\/person\/86b4aeb6bf6cab96151fb0ac140b8c48"},"headline":"5 Raz\u00f5es pelas quais afirmamos: Reforma Administrativa Se \u00e9 ruim para o servi\u00e7o p\u00fablico, \u00e9 p\u00e9ssimo para o Brasil","datePublished":"2025-11-07T15:38:56+00:00","dateModified":"2025-11-07T16:11:25+00:00","mainEntityOfPage":{"@id":"https:\/\/adunir.com.br\/index.php\/2025\/11\/07\/5-razoes-pelas-quais-afirmamos-reforma-administrativa-se-e-ruim-para-o-servico-publico-e-pessimo-para-o-brasil\/"},"wordCount":20,"publisher":{"@id":"https:\/\/adunir.com.br\/#organization"},"image":{"@id":"https:\/\/adunir.com.br\/index.php\/2025\/11\/07\/5-razoes-pelas-quais-afirmamos-reforma-administrativa-se-e-ruim-para-o-servico-publico-e-pessimo-para-o-brasil\/#primaryimage"},"thumbnailUrl":"https:\/\/adunir.com.br\/wp-content\/uploads\/2025\/11\/BANNER-Reforma-ADM.png","articleSection":["Not\u00edcias"],"inLanguage":"pt-BR"},{"@type":"WebPage","@id":"https:\/\/adunir.com.br\/index.php\/2025\/11\/07\/5-razoes-pelas-quais-afirmamos-reforma-administrativa-se-e-ruim-para-o-servico-publico-e-pessimo-para-o-brasil\/","url":"https:\/\/adunir.com.br\/index.php\/2025\/11\/07\/5-razoes-pelas-quais-afirmamos-reforma-administrativa-se-e-ruim-para-o-servico-publico-e-pessimo-para-o-brasil\/","name":"5 Raz\u00f5es pelas quais afirmamos: Reforma Administrativa Se \u00e9 ruim para o servi\u00e7o p\u00fablico, \u00e9 p\u00e9ssimo para o Brasil - ADUNIR","isPartOf":{"@id":"https:\/\/adunir.com.br\/#website"},"primaryImageOfPage":{"@id":"https:\/\/adunir.com.br\/index.php\/2025\/11\/07\/5-razoes-pelas-quais-afirmamos-reforma-administrativa-se-e-ruim-para-o-servico-publico-e-pessimo-para-o-brasil\/#primaryimage"},"image":{"@id":"https:\/\/adunir.com.br\/index.php\/2025\/11\/07\/5-razoes-pelas-quais-afirmamos-reforma-administrativa-se-e-ruim-para-o-servico-publico-e-pessimo-para-o-brasil\/#primaryimage"},"thumbnailUrl":"https:\/\/adunir.com.br\/wp-content\/uploads\/2025\/11\/BANNER-Reforma-ADM.png","datePublished":"2025-11-07T15:38:56+00:00","dateModified":"2025-11-07T16:11:25+00:00","breadcrumb":{"@id":"https:\/\/adunir.com.br\/index.php\/2025\/11\/07\/5-razoes-pelas-quais-afirmamos-reforma-administrativa-se-e-ruim-para-o-servico-publico-e-pessimo-para-o-brasil\/#breadcrumb"},"inLanguage":"pt-BR","potentialAction":[{"@type":"ReadAction","target":["https:\/\/adunir.com.br\/index.php\/2025\/11\/07\/5-razoes-pelas-quais-afirmamos-reforma-administrativa-se-e-ruim-para-o-servico-publico-e-pessimo-para-o-brasil\/"]}]},{"@type":"ImageObject","inLanguage":"pt-BR","@id":"https:\/\/adunir.com.br\/index.php\/2025\/11\/07\/5-razoes-pelas-quais-afirmamos-reforma-administrativa-se-e-ruim-para-o-servico-publico-e-pessimo-para-o-brasil\/#primaryimage","url":"https:\/\/adunir.com.br\/wp-content\/uploads\/2025\/11\/BANNER-Reforma-ADM.png","contentUrl":"https:\/\/adunir.com.br\/wp-content\/uploads\/2025\/11\/BANNER-Reforma-ADM.png","width":914,"height":396},{"@type":"BreadcrumbList","@id":"https:\/\/adunir.com.br\/index.php\/2025\/11\/07\/5-razoes-pelas-quais-afirmamos-reforma-administrativa-se-e-ruim-para-o-servico-publico-e-pessimo-para-o-brasil\/#breadcrumb","itemListElement":[{"@type":"ListItem","position":1,"name":"In\u00edcio","item":"https:\/\/adunir.com.br\/"},{"@type":"ListItem","position":2,"name":"5 Raz\u00f5es pelas quais afirmamos: Reforma Administrativa Se \u00e9 ruim para o servi\u00e7o p\u00fablico, \u00e9 p\u00e9ssimo para o Brasil"}]},{"@type":"WebSite","@id":"https:\/\/adunir.com.br\/#website","url":"https:\/\/adunir.com.br\/","name":"ADUNIR","description":"Associa\u00e7\u00e3o dos Docentes da Universidade Federal de Rond\u00f4nia - Se\u00e7\u00e3o Sindical","publisher":{"@id":"https:\/\/adunir.com.br\/#organization"},"potentialAction":[{"@type":"SearchAction","target":{"@type":"EntryPoint","urlTemplate":"https:\/\/adunir.com.br\/?s={search_term_string}"},"query-input":{"@type":"PropertyValueSpecification","valueRequired":true,"valueName":"search_term_string"}}],"inLanguage":"pt-BR"},{"@type":"Organization","@id":"https:\/\/adunir.com.br\/#organization","name":"Associa\u00e7\u00e3o dos Docentes da Universidade Federal de Rond\u00f4nia - ADUNIR","url":"https:\/\/adunir.com.br\/","logo":{"@type":"ImageObject","inLanguage":"pt-BR","@id":"https:\/\/adunir.com.br\/#\/schema\/logo\/image\/","url":"https:\/\/adunir.com.br\/wp-content\/uploads\/2023\/12\/cropped-logo_adunir.png","contentUrl":"https:\/\/adunir.com.br\/wp-content\/uploads\/2023\/12\/cropped-logo_adunir.png","width":982,"height":102,"caption":"Associa\u00e7\u00e3o dos Docentes da Universidade Federal de Rond\u00f4nia - ADUNIR"},"image":{"@id":"https:\/\/adunir.com.br\/#\/schema\/logo\/image\/"},"sameAs":["https:\/\/www.facebook.com\/adunirsecaosindical.andes\/"]},{"@type":"Person","@id":"https:\/\/adunir.com.br\/#\/schema\/person\/86b4aeb6bf6cab96151fb0ac140b8c48","name":"adunir","sameAs":["http:\/\/localhost\/wordpress"],"url":"https:\/\/adunir.com.br\/index.php\/author\/adunir\/"}]}},"uagb_featured_image_src":{"full":["https:\/\/adunir.com.br\/wp-content\/uploads\/2025\/11\/BANNER-Reforma-ADM.png",914,396,false],"thumbnail":["https:\/\/adunir.com.br\/wp-content\/uploads\/2025\/11\/BANNER-Reforma-ADM-150x150.png",150,150,true],"medium":["https:\/\/adunir.com.br\/wp-content\/uploads\/2025\/11\/BANNER-Reforma-ADM-300x130.png",300,130,true],"medium_large":["https:\/\/adunir.com.br\/wp-content\/uploads\/2025\/11\/BANNER-Reforma-ADM-768x333.png",768,333,true],"large":["https:\/\/adunir.com.br\/wp-content\/uploads\/2025\/11\/BANNER-Reforma-ADM.png",914,396,false],"1536x1536":["https:\/\/adunir.com.br\/wp-content\/uploads\/2025\/11\/BANNER-Reforma-ADM.png",914,396,false],"2048x2048":["https:\/\/adunir.com.br\/wp-content\/uploads\/2025\/11\/BANNER-Reforma-ADM.png",914,396,false]},"uagb_author_info":{"display_name":"adunir","author_link":"https:\/\/adunir.com.br\/index.php\/author\/adunir\/"},"uagb_comment_info":0,"uagb_excerpt":null,"_links":{"self":[{"href":"https:\/\/adunir.com.br\/index.php\/wp-json\/wp\/v2\/posts\/3819","targetHints":{"allow":["GET"]}}],"collection":[{"href":"https:\/\/adunir.com.br\/index.php\/wp-json\/wp\/v2\/posts"}],"about":[{"href":"https:\/\/adunir.com.br\/index.php\/wp-json\/wp\/v2\/types\/post"}],"author":[{"embeddable":true,"href":"https:\/\/adunir.com.br\/index.php\/wp-json\/wp\/v2\/users\/1"}],"replies":[{"embeddable":true,"href":"https:\/\/adunir.com.br\/index.php\/wp-json\/wp\/v2\/comments?post=3819"}],"version-history":[{"count":1,"href":"https:\/\/adunir.com.br\/index.php\/wp-json\/wp\/v2\/posts\/3819\/revisions"}],"predecessor-version":[{"id":3834,"href":"https:\/\/adunir.com.br\/index.php\/wp-json\/wp\/v2\/posts\/3819\/revisions\/3834"}],"wp:featuredmedia":[{"embeddable":true,"href":"https:\/\/adunir.com.br\/index.php\/wp-json\/wp\/v2\/media\/3837"}],"wp:attachment":[{"href":"https:\/\/adunir.com.br\/index.php\/wp-json\/wp\/v2\/media?parent=3819"}],"wp:term":[{"taxonomy":"category","embeddable":true,"href":"https:\/\/adunir.com.br\/index.php\/wp-json\/wp\/v2\/categories?post=3819"},{"taxonomy":"post_tag","embeddable":true,"href":"https:\/\/adunir.com.br\/index.php\/wp-json\/wp\/v2\/tags?post=3819"}],"curies":[{"name":"wp","href":"https:\/\/api.w.org\/{rel}","templated":true}]}}