{"id":3879,"date":"2025-11-19T12:00:20","date_gmt":"2025-11-19T16:00:20","guid":{"rendered":"https:\/\/adunir.com.br\/?p=3879"},"modified":"2025-11-19T12:00:21","modified_gmt":"2025-11-19T16:00:21","slug":"convocacao-assembleia-geral-da-adunir","status":"publish","type":"post","link":"https:\/\/adunir.com.br\/index.php\/2025\/11\/19\/convocacao-assembleia-geral-da-adunir\/","title":{"rendered":"CONVOCA\u00c7\u00c3O \u2013 ASSEMBLEIA GERAL DA ADUNIR"},"content":{"rendered":"\n<p>A ADUNIR \u2013 Se\u00e7\u00e3o Sindical do ANDES-SN \u2013 convoca todas e todos os docentes sindicalizados para a Assembleia Geral, a realizar-se no dia 27 de novembro de 2025 (quinta-feira), \u00e0s 15h, por teleconfer\u00eancia, conforme previsto no Estatuto do ANDES-SN.<\/p>\n\n\n\n<p>Local de participa\u00e7\u00e3o:<\/p>\n\n\n\n<ul class=\"wp-block-list\">\n<li>Audit\u00f3rio da DIRED (Porto Velho) e demais campi, reunidos presencialmente em seus respectivos audit\u00f3rios, acompanhando a assembleia por teleconfer\u00eancia.<\/li>\n<\/ul>\n\n\n\n<!--more-->\n\n\n\n<p>Pauta:<\/p>\n\n\n\n<ul class=\"wp-block-list\">\n<li>Informes gerais;<\/li>\n\n\n\n<li>Presta\u00e7\u00e3o de contas;<\/li>\n\n\n\n<li>Escolha de representantes para participa\u00e7\u00e3o no 44\u00ba Congresso do ANDES-SN, a ser realizado em mar\u00e7o de 2026, em Salvador\/BA;<\/li>\n\n\n\n<li>Debate sobre casos de ass\u00e9dio moral e institucional em Porto Velho e nos campi do interior.<\/li>\n<\/ul>\n\n\n\n<p>Contamos com a participa\u00e7\u00e3o de todas e todos, especialmente por se tratar da \u00faltima Assembleia do ano.<\/p>\n\n\n\n<p class=\"has-text-align-right\">Porto Velho, 19 de novembro\u00a0de\u00a02025.<\/p>\n\n\n\n<figure class=\"wp-block-image size-large\"><img loading=\"lazy\" decoding=\"async\" width=\"768\" height=\"1024\" src=\"https:\/\/adunir.com.br\/wp-content\/uploads\/2025\/11\/Assembleia-geral-ordinaria-2-3-768x1024.jpg\" alt=\"\" class=\"wp-image-3881\" srcset=\"https:\/\/adunir.com.br\/wp-content\/uploads\/2025\/11\/Assembleia-geral-ordinaria-2-3-768x1024.jpg 768w, https:\/\/adunir.com.br\/wp-content\/uploads\/2025\/11\/Assembleia-geral-ordinaria-2-3-225x300.jpg 225w, https:\/\/adunir.com.br\/wp-content\/uploads\/2025\/11\/Assembleia-geral-ordinaria-2-3.jpg 960w\" sizes=\"auto, (max-width: 768px) 100vw, 768px\" \/><\/figure>\n","protected":false},"excerpt":{"rendered":"<p>A ADUNIR \u2013 Se\u00e7\u00e3o Sindical do ANDES-SN \u2013 convoca todas e todos os docentes sindicalizados para a Assembleia Geral, a realizar-se no dia 27 de novembro de 2025 (quinta-feira), \u00e0s 15h, por teleconfer\u00eancia, conforme previsto no Estatuto do ANDES-SN. Local de participa\u00e7\u00e3o:<\/p>\n","protected":false},"author":1,"featured_media":3880,"comment_status":"closed","ping_status":"open","sticky":false,"template":"","format":"standard","meta":{"_uag_custom_page_level_css":"","footnotes":""},"categories":[5],"tags":[],"class_list":["post-3879","post","type-post","status-publish","format-standard","has-post-thumbnail","hentry","category-noticias"],"yoast_head":"<!-- This site is optimized with the Yoast SEO plugin v27.5 - https:\/\/yoast.com\/product\/yoast-seo-wordpress\/ -->\n<title>CONVOCA\u00c7\u00c3O \u2013 ASSEMBLEIA GERAL DA ADUNIR - ADUNIR<\/title>\n<meta name=\"robots\" content=\"index, follow, max-snippet:-1, max-image-preview:large, max-video-preview:-1\" \/>\n<link rel=\"canonical\" href=\"https:\/\/adunir.com.br\/index.php\/2025\/11\/19\/convocacao-assembleia-geral-da-adunir\/\" \/>\n<meta property=\"og:locale\" content=\"pt_BR\" \/>\n<meta property=\"og:type\" content=\"article\" \/>\n<meta property=\"og:title\" content=\"CONVOCA\u00c7\u00c3O \u2013 ASSEMBLEIA GERAL DA ADUNIR - ADUNIR\" \/>\n<meta property=\"og:description\" content=\"A ADUNIR \u2013 Se\u00e7\u00e3o Sindical do ANDES-SN \u2013 convoca todas e todos os docentes sindicalizados para a Assembleia Geral, a realizar-se no dia 27 de novembro de 2025 (quinta-feira), \u00e0s 15h, por teleconfer\u00eancia, conforme previsto no Estatuto do ANDES-SN. Local de participa\u00e7\u00e3o:\" \/>\n<meta property=\"og:url\" content=\"https:\/\/adunir.com.br\/index.php\/2025\/11\/19\/convocacao-assembleia-geral-da-adunir\/\" \/>\n<meta property=\"og:site_name\" content=\"ADUNIR\" \/>\n<meta property=\"article:publisher\" content=\"https:\/\/www.facebook.com\/adunirsecaosindical.andes\/\" \/>\n<meta property=\"article:published_time\" content=\"2025-11-19T16:00:20+00:00\" \/>\n<meta property=\"article:modified_time\" content=\"2025-11-19T16:00:21+00:00\" \/>\n<meta property=\"og:image\" content=\"https:\/\/adunir.com.br\/wp-content\/uploads\/2025\/11\/Assembleia-geral-ordinaria-2-2.jpg\" \/>\n\t<meta property=\"og:image:width\" content=\"960\" \/>\n\t<meta property=\"og:image:height\" content=\"1280\" \/>\n\t<meta property=\"og:image:type\" content=\"image\/jpeg\" \/>\n<meta name=\"author\" content=\"adunir\" \/>\n<meta name=\"twitter:card\" content=\"summary_large_image\" \/>\n<meta name=\"twitter:label1\" content=\"Escrito por\" \/>\n\t<meta name=\"twitter:data1\" content=\"adunir\" \/>\n\t<meta name=\"twitter:label2\" content=\"Est. tempo de leitura\" \/>\n\t<meta name=\"twitter:data2\" content=\"2 minutos\" \/>\n<script type=\"application\/ld+json\" class=\"yoast-schema-graph\">{\"@context\":\"https:\\\/\\\/schema.org\",\"@graph\":[{\"@type\":\"Article\",\"@id\":\"https:\\\/\\\/adunir.com.br\\\/index.php\\\/2025\\\/11\\\/19\\\/convocacao-assembleia-geral-da-adunir\\\/#article\",\"isPartOf\":{\"@id\":\"https:\\\/\\\/adunir.com.br\\\/index.php\\\/2025\\\/11\\\/19\\\/convocacao-assembleia-geral-da-adunir\\\/\"},\"author\":{\"name\":\"adunir\",\"@id\":\"https:\\\/\\\/adunir.com.br\\\/#\\\/schema\\\/person\\\/86b4aeb6bf6cab96151fb0ac140b8c48\"},\"headline\":\"CONVOCA\u00c7\u00c3O \u2013 ASSEMBLEIA GERAL DA ADUNIR\",\"datePublished\":\"2025-11-19T16:00:20+00:00\",\"dateModified\":\"2025-11-19T16:00:21+00:00\",\"mainEntityOfPage\":{\"@id\":\"https:\\\/\\\/adunir.com.br\\\/index.php\\\/2025\\\/11\\\/19\\\/convocacao-assembleia-geral-da-adunir\\\/\"},\"wordCount\":136,\"publisher\":{\"@id\":\"https:\\\/\\\/adunir.com.br\\\/#organization\"},\"image\":{\"@id\":\"https:\\\/\\\/adunir.com.br\\\/index.php\\\/2025\\\/11\\\/19\\\/convocacao-assembleia-geral-da-adunir\\\/#primaryimage\"},\"thumbnailUrl\":\"https:\\\/\\\/adunir.com.br\\\/wp-content\\\/uploads\\\/2025\\\/11\\\/Assembleia-geral-ordinaria-2-2.jpg\",\"articleSection\":[\"Not\u00edcias\"],\"inLanguage\":\"pt-BR\"},{\"@type\":\"WebPage\",\"@id\":\"https:\\\/\\\/adunir.com.br\\\/index.php\\\/2025\\\/11\\\/19\\\/convocacao-assembleia-geral-da-adunir\\\/\",\"url\":\"https:\\\/\\\/adunir.com.br\\\/index.php\\\/2025\\\/11\\\/19\\\/convocacao-assembleia-geral-da-adunir\\\/\",\"name\":\"CONVOCA\u00c7\u00c3O \u2013 ASSEMBLEIA GERAL DA ADUNIR - ADUNIR\",\"isPartOf\":{\"@id\":\"https:\\\/\\\/adunir.com.br\\\/#website\"},\"primaryImageOfPage\":{\"@id\":\"https:\\\/\\\/adunir.com.br\\\/index.php\\\/2025\\\/11\\\/19\\\/convocacao-assembleia-geral-da-adunir\\\/#primaryimage\"},\"image\":{\"@id\":\"https:\\\/\\\/adunir.com.br\\\/index.php\\\/2025\\\/11\\\/19\\\/convocacao-assembleia-geral-da-adunir\\\/#primaryimage\"},\"thumbnailUrl\":\"https:\\\/\\\/adunir.com.br\\\/wp-content\\\/uploads\\\/2025\\\/11\\\/Assembleia-geral-ordinaria-2-2.jpg\",\"datePublished\":\"2025-11-19T16:00:20+00:00\",\"dateModified\":\"2025-11-19T16:00:21+00:00\",\"breadcrumb\":{\"@id\":\"https:\\\/\\\/adunir.com.br\\\/index.php\\\/2025\\\/11\\\/19\\\/convocacao-assembleia-geral-da-adunir\\\/#breadcrumb\"},\"inLanguage\":\"pt-BR\",\"potentialAction\":[{\"@type\":\"ReadAction\",\"target\":[\"https:\\\/\\\/adunir.com.br\\\/index.php\\\/2025\\\/11\\\/19\\\/convocacao-assembleia-geral-da-adunir\\\/\"]}]},{\"@type\":\"ImageObject\",\"inLanguage\":\"pt-BR\",\"@id\":\"https:\\\/\\\/adunir.com.br\\\/index.php\\\/2025\\\/11\\\/19\\\/convocacao-assembleia-geral-da-adunir\\\/#primaryimage\",\"url\":\"https:\\\/\\\/adunir.com.br\\\/wp-content\\\/uploads\\\/2025\\\/11\\\/Assembleia-geral-ordinaria-2-2.jpg\",\"contentUrl\":\"https:\\\/\\\/adunir.com.br\\\/wp-content\\\/uploads\\\/2025\\\/11\\\/Assembleia-geral-ordinaria-2-2.jpg\",\"width\":960,\"height\":1280},{\"@type\":\"BreadcrumbList\",\"@id\":\"https:\\\/\\\/adunir.com.br\\\/index.php\\\/2025\\\/11\\\/19\\\/convocacao-assembleia-geral-da-adunir\\\/#breadcrumb\",\"itemListElement\":[{\"@type\":\"ListItem\",\"position\":1,\"name\":\"In\u00edcio\",\"item\":\"https:\\\/\\\/adunir.com.br\\\/\"},{\"@type\":\"ListItem\",\"position\":2,\"name\":\"CONVOCA\u00c7\u00c3O \u2013 ASSEMBLEIA GERAL DA ADUNIR\"}]},{\"@type\":\"WebSite\",\"@id\":\"https:\\\/\\\/adunir.com.br\\\/#website\",\"url\":\"https:\\\/\\\/adunir.com.br\\\/\",\"name\":\"ADUNIR\",\"description\":\"Associa\u00e7\u00e3o dos Docentes da Universidade Federal de Rond\u00f4nia - Se\u00e7\u00e3o Sindical\",\"publisher\":{\"@id\":\"https:\\\/\\\/adunir.com.br\\\/#organization\"},\"potentialAction\":[{\"@type\":\"SearchAction\",\"target\":{\"@type\":\"EntryPoint\",\"urlTemplate\":\"https:\\\/\\\/adunir.com.br\\\/?s={search_term_string}\"},\"query-input\":{\"@type\":\"PropertyValueSpecification\",\"valueRequired\":true,\"valueName\":\"search_term_string\"}}],\"inLanguage\":\"pt-BR\"},{\"@type\":\"Organization\",\"@id\":\"https:\\\/\\\/adunir.com.br\\\/#organization\",\"name\":\"Associa\u00e7\u00e3o dos Docentes da Universidade Federal de Rond\u00f4nia - ADUNIR\",\"url\":\"https:\\\/\\\/adunir.com.br\\\/\",\"logo\":{\"@type\":\"ImageObject\",\"inLanguage\":\"pt-BR\",\"@id\":\"https:\\\/\\\/adunir.com.br\\\/#\\\/schema\\\/logo\\\/image\\\/\",\"url\":\"https:\\\/\\\/adunir.com.br\\\/wp-content\\\/uploads\\\/2023\\\/12\\\/cropped-logo_adunir.png\",\"contentUrl\":\"https:\\\/\\\/adunir.com.br\\\/wp-content\\\/uploads\\\/2023\\\/12\\\/cropped-logo_adunir.png\",\"width\":982,\"height\":102,\"caption\":\"Associa\u00e7\u00e3o dos Docentes da Universidade Federal de Rond\u00f4nia - ADUNIR\"},\"image\":{\"@id\":\"https:\\\/\\\/adunir.com.br\\\/#\\\/schema\\\/logo\\\/image\\\/\"},\"sameAs\":[\"https:\\\/\\\/www.facebook.com\\\/adunirsecaosindical.andes\\\/\"]},{\"@type\":\"Person\",\"@id\":\"https:\\\/\\\/adunir.com.br\\\/#\\\/schema\\\/person\\\/86b4aeb6bf6cab96151fb0ac140b8c48\",\"name\":\"adunir\",\"sameAs\":[\"http:\\\/\\\/localhost\\\/wordpress\"],\"url\":\"https:\\\/\\\/adunir.com.br\\\/index.php\\\/author\\\/adunir\\\/\"}]}<\/script>\n<!-- \/ Yoast SEO plugin. -->","yoast_head_json":{"title":"CONVOCA\u00c7\u00c3O \u2013 ASSEMBLEIA GERAL DA ADUNIR - ADUNIR","robots":{"index":"index","follow":"follow","max-snippet":"max-snippet:-1","max-image-preview":"max-image-preview:large","max-video-preview":"max-video-preview:-1"},"canonical":"https:\/\/adunir.com.br\/index.php\/2025\/11\/19\/convocacao-assembleia-geral-da-adunir\/","og_locale":"pt_BR","og_type":"article","og_title":"CONVOCA\u00c7\u00c3O \u2013 ASSEMBLEIA GERAL DA ADUNIR - ADUNIR","og_description":"A ADUNIR \u2013 Se\u00e7\u00e3o Sindical do ANDES-SN \u2013 convoca todas e todos os docentes sindicalizados para a Assembleia Geral, a realizar-se no dia 27 de novembro de 2025 (quinta-feira), \u00e0s 15h, por teleconfer\u00eancia, conforme previsto no Estatuto do ANDES-SN. Local de participa\u00e7\u00e3o:","og_url":"https:\/\/adunir.com.br\/index.php\/2025\/11\/19\/convocacao-assembleia-geral-da-adunir\/","og_site_name":"ADUNIR","article_publisher":"https:\/\/www.facebook.com\/adunirsecaosindical.andes\/","article_published_time":"2025-11-19T16:00:20+00:00","article_modified_time":"2025-11-19T16:00:21+00:00","og_image":[{"width":960,"height":1280,"url":"https:\/\/adunir.com.br\/wp-content\/uploads\/2025\/11\/Assembleia-geral-ordinaria-2-2.jpg","type":"image\/jpeg"}],"author":"adunir","twitter_card":"summary_large_image","twitter_misc":{"Escrito por":"adunir","Est. tempo de leitura":"2 minutos"},"schema":{"@context":"https:\/\/schema.org","@graph":[{"@type":"Article","@id":"https:\/\/adunir.com.br\/index.php\/2025\/11\/19\/convocacao-assembleia-geral-da-adunir\/#article","isPartOf":{"@id":"https:\/\/adunir.com.br\/index.php\/2025\/11\/19\/convocacao-assembleia-geral-da-adunir\/"},"author":{"name":"adunir","@id":"https:\/\/adunir.com.br\/#\/schema\/person\/86b4aeb6bf6cab96151fb0ac140b8c48"},"headline":"CONVOCA\u00c7\u00c3O \u2013 ASSEMBLEIA GERAL DA ADUNIR","datePublished":"2025-11-19T16:00:20+00:00","dateModified":"2025-11-19T16:00:21+00:00","mainEntityOfPage":{"@id":"https:\/\/adunir.com.br\/index.php\/2025\/11\/19\/convocacao-assembleia-geral-da-adunir\/"},"wordCount":136,"publisher":{"@id":"https:\/\/adunir.com.br\/#organization"},"image":{"@id":"https:\/\/adunir.com.br\/index.php\/2025\/11\/19\/convocacao-assembleia-geral-da-adunir\/#primaryimage"},"thumbnailUrl":"https:\/\/adunir.com.br\/wp-content\/uploads\/2025\/11\/Assembleia-geral-ordinaria-2-2.jpg","articleSection":["Not\u00edcias"],"inLanguage":"pt-BR"},{"@type":"WebPage","@id":"https:\/\/adunir.com.br\/index.php\/2025\/11\/19\/convocacao-assembleia-geral-da-adunir\/","url":"https:\/\/adunir.com.br\/index.php\/2025\/11\/19\/convocacao-assembleia-geral-da-adunir\/","name":"CONVOCA\u00c7\u00c3O \u2013 ASSEMBLEIA GERAL DA ADUNIR - ADUNIR","isPartOf":{"@id":"https:\/\/adunir.com.br\/#website"},"primaryImageOfPage":{"@id":"https:\/\/adunir.com.br\/index.php\/2025\/11\/19\/convocacao-assembleia-geral-da-adunir\/#primaryimage"},"image":{"@id":"https:\/\/adunir.com.br\/index.php\/2025\/11\/19\/convocacao-assembleia-geral-da-adunir\/#primaryimage"},"thumbnailUrl":"https:\/\/adunir.com.br\/wp-content\/uploads\/2025\/11\/Assembleia-geral-ordinaria-2-2.jpg","datePublished":"2025-11-19T16:00:20+00:00","dateModified":"2025-11-19T16:00:21+00:00","breadcrumb":{"@id":"https:\/\/adunir.com.br\/index.php\/2025\/11\/19\/convocacao-assembleia-geral-da-adunir\/#breadcrumb"},"inLanguage":"pt-BR","potentialAction":[{"@type":"ReadAction","target":["https:\/\/adunir.com.br\/index.php\/2025\/11\/19\/convocacao-assembleia-geral-da-adunir\/"]}]},{"@type":"ImageObject","inLanguage":"pt-BR","@id":"https:\/\/adunir.com.br\/index.php\/2025\/11\/19\/convocacao-assembleia-geral-da-adunir\/#primaryimage","url":"https:\/\/adunir.com.br\/wp-content\/uploads\/2025\/11\/Assembleia-geral-ordinaria-2-2.jpg","contentUrl":"https:\/\/adunir.com.br\/wp-content\/uploads\/2025\/11\/Assembleia-geral-ordinaria-2-2.jpg","width":960,"height":1280},{"@type":"BreadcrumbList","@id":"https:\/\/adunir.com.br\/index.php\/2025\/11\/19\/convocacao-assembleia-geral-da-adunir\/#breadcrumb","itemListElement":[{"@type":"ListItem","position":1,"name":"In\u00edcio","item":"https:\/\/adunir.com.br\/"},{"@type":"ListItem","position":2,"name":"CONVOCA\u00c7\u00c3O \u2013 ASSEMBLEIA GERAL DA ADUNIR"}]},{"@type":"WebSite","@id":"https:\/\/adunir.com.br\/#website","url":"https:\/\/adunir.com.br\/","name":"ADUNIR","description":"Associa\u00e7\u00e3o dos Docentes da Universidade Federal de Rond\u00f4nia - Se\u00e7\u00e3o Sindical","publisher":{"@id":"https:\/\/adunir.com.br\/#organization"},"potentialAction":[{"@type":"SearchAction","target":{"@type":"EntryPoint","urlTemplate":"https:\/\/adunir.com.br\/?s={search_term_string}"},"query-input":{"@type":"PropertyValueSpecification","valueRequired":true,"valueName":"search_term_string"}}],"inLanguage":"pt-BR"},{"@type":"Organization","@id":"https:\/\/adunir.com.br\/#organization","name":"Associa\u00e7\u00e3o dos Docentes da Universidade Federal de Rond\u00f4nia - ADUNIR","url":"https:\/\/adunir.com.br\/","logo":{"@type":"ImageObject","inLanguage":"pt-BR","@id":"https:\/\/adunir.com.br\/#\/schema\/logo\/image\/","url":"https:\/\/adunir.com.br\/wp-content\/uploads\/2023\/12\/cropped-logo_adunir.png","contentUrl":"https:\/\/adunir.com.br\/wp-content\/uploads\/2023\/12\/cropped-logo_adunir.png","width":982,"height":102,"caption":"Associa\u00e7\u00e3o dos Docentes da Universidade Federal de Rond\u00f4nia - ADUNIR"},"image":{"@id":"https:\/\/adunir.com.br\/#\/schema\/logo\/image\/"},"sameAs":["https:\/\/www.facebook.com\/adunirsecaosindical.andes\/"]},{"@type":"Person","@id":"https:\/\/adunir.com.br\/#\/schema\/person\/86b4aeb6bf6cab96151fb0ac140b8c48","name":"adunir","sameAs":["http:\/\/localhost\/wordpress"],"url":"https:\/\/adunir.com.br\/index.php\/author\/adunir\/"}]}},"uagb_featured_image_src":{"full":["https:\/\/adunir.com.br\/wp-content\/uploads\/2025\/11\/Assembleia-geral-ordinaria-2-2.jpg",960,1280,false],"thumbnail":["https:\/\/adunir.com.br\/wp-content\/uploads\/2025\/11\/Assembleia-geral-ordinaria-2-2-150x150.jpg",150,150,true],"medium":["https:\/\/adunir.com.br\/wp-content\/uploads\/2025\/11\/Assembleia-geral-ordinaria-2-2-225x300.jpg",225,300,true],"medium_large":["https:\/\/adunir.com.br\/wp-content\/uploads\/2025\/11\/Assembleia-geral-ordinaria-2-2-768x1024.jpg",768,1024,true],"large":["https:\/\/adunir.com.br\/wp-content\/uploads\/2025\/11\/Assembleia-geral-ordinaria-2-2-768x1024.jpg",768,1024,true],"1536x1536":["https:\/\/adunir.com.br\/wp-content\/uploads\/2025\/11\/Assembleia-geral-ordinaria-2-2.jpg",960,1280,false],"2048x2048":["https:\/\/adunir.com.br\/wp-content\/uploads\/2025\/11\/Assembleia-geral-ordinaria-2-2.jpg",960,1280,false]},"uagb_author_info":{"display_name":"adunir","author_link":"https:\/\/adunir.com.br\/index.php\/author\/adunir\/"},"uagb_comment_info":0,"uagb_excerpt":"A ADUNIR \u2013 Se\u00e7\u00e3o Sindical do ANDES-SN \u2013 convoca todas e todos os docentes sindicalizados para a Assembleia Geral, a realizar-se no dia 27 de novembro de 2025 (quinta-feira), \u00e0s 15h, por teleconfer\u00eancia, conforme previsto no Estatuto do ANDES-SN. Local de participa\u00e7\u00e3o:","_links":{"self":[{"href":"https:\/\/adunir.com.br\/index.php\/wp-json\/wp\/v2\/posts\/3879","targetHints":{"allow":["GET"]}}],"collection":[{"href":"https:\/\/adunir.com.br\/index.php\/wp-json\/wp\/v2\/posts"}],"about":[{"href":"https:\/\/adunir.com.br\/index.php\/wp-json\/wp\/v2\/types\/post"}],"author":[{"embeddable":true,"href":"https:\/\/adunir.com.br\/index.php\/wp-json\/wp\/v2\/users\/1"}],"replies":[{"embeddable":true,"href":"https:\/\/adunir.com.br\/index.php\/wp-json\/wp\/v2\/comments?post=3879"}],"version-history":[{"count":1,"href":"https:\/\/adunir.com.br\/index.php\/wp-json\/wp\/v2\/posts\/3879\/revisions"}],"predecessor-version":[{"id":3882,"href":"https:\/\/adunir.com.br\/index.php\/wp-json\/wp\/v2\/posts\/3879\/revisions\/3882"}],"wp:featuredmedia":[{"embeddable":true,"href":"https:\/\/adunir.com.br\/index.php\/wp-json\/wp\/v2\/media\/3880"}],"wp:attachment":[{"href":"https:\/\/adunir.com.br\/index.php\/wp-json\/wp\/v2\/media?parent=3879"}],"wp:term":[{"taxonomy":"category","embeddable":true,"href":"https:\/\/adunir.com.br\/index.php\/wp-json\/wp\/v2\/categories?post=3879"},{"taxonomy":"post_tag","embeddable":true,"href":"https:\/\/adunir.com.br\/index.php\/wp-json\/wp\/v2\/tags?post=3879"}],"curies":[{"name":"wp","href":"https:\/\/api.w.org\/{rel}","templated":true}]}}