{"id":3907,"date":"2025-11-28T18:05:03","date_gmt":"2025-11-28T22:05:03","guid":{"rendered":"https:\/\/adunir.com.br\/?p=3907"},"modified":"2025-11-28T18:05:06","modified_gmt":"2025-11-28T22:05:06","slug":"adunir-integrou-comissao-nacional-de-mobilizacao-do-andes-sn-em-semana-decisiva-contra-a-reforma-administrativa","status":"publish","type":"post","link":"https:\/\/adunir.com.br\/index.php\/2025\/11\/28\/adunir-integrou-comissao-nacional-de-mobilizacao-do-andes-sn-em-semana-decisiva-contra-a-reforma-administrativa\/","title":{"rendered":"ADUNIR integrou Comiss\u00e3o Nacional de Mobiliza\u00e7\u00e3o do ANDES-SN em semana decisiva contra a Reforma Administrativa"},"content":{"rendered":"\n<p>A mobiliza\u00e7\u00e3o nacional contra a Reforma Administrativa teve um dos seus momentos mais intensos no in\u00edcio de setembro. Entre os dias 8 e 12 de setembro de 2025, ocorreu em Bras\u00edlia mais uma etapa da Comiss\u00e3o Nacional de Mobiliza\u00e7\u00e3o (CNM) do ANDES-SN \u2013 espa\u00e7o estrat\u00e9gico de organiza\u00e7\u00e3o, articula\u00e7\u00e3o e luta das se\u00e7\u00f5es sindicais. A ADUNIR esteve representada pelo docente Otac\u00edlio Moreira de Carvalho Costa, indicado conforme os crit\u00e9rios deliberados no 32\u00ba Congresso do ANDES-SN.<\/p>\n\n\n\n<figure class=\"wp-block-image size-large\"><img loading=\"lazy\" decoding=\"async\" width=\"1024\" height=\"683\" src=\"https:\/\/adunir.com.br\/wp-content\/uploads\/2025\/11\/Imagem-do-WhatsApp-de-2025-11-28-as-17.19.31_5635a0eb-1024x683.jpg\" alt=\"\" class=\"wp-image-3909\" srcset=\"https:\/\/adunir.com.br\/wp-content\/uploads\/2025\/11\/Imagem-do-WhatsApp-de-2025-11-28-as-17.19.31_5635a0eb-1024x683.jpg 1024w, https:\/\/adunir.com.br\/wp-content\/uploads\/2025\/11\/Imagem-do-WhatsApp-de-2025-11-28-as-17.19.31_5635a0eb-300x200.jpg 300w, https:\/\/adunir.com.br\/wp-content\/uploads\/2025\/11\/Imagem-do-WhatsApp-de-2025-11-28-as-17.19.31_5635a0eb-768x513.jpg 768w, https:\/\/adunir.com.br\/wp-content\/uploads\/2025\/11\/Imagem-do-WhatsApp-de-2025-11-28-as-17.19.31_5635a0eb.jpg 1440w\" sizes=\"auto, (max-width: 1024px) 100vw, 1024px\" \/><\/figure>\n\n\n\n<p>A CNM reuniu representantes de diversas se\u00e7\u00f5es sindicais para acompanhar as a\u00e7\u00f5es no Congresso Nacional, dialogar com parlamentares e fortalecer as mobiliza\u00e7\u00f5es unificadas contra a proposta de Reforma Administrativa em discuss\u00e3o. Para o per\u00edodo, compuseram a CNM:<\/p>\n\n\n\n<ul class=\"wp-block-list\">\n<li><strong>ADUFAC<\/strong> \u2013 Jos\u00e9 S\u00e1vio da Costa Maia<\/li>\n\n\n\n<li><strong>ADUNEB<\/strong> \u2013 Tadeu Belo e Na\u00edra Moura<\/li>\n\n\n\n<li><strong>ADUNIR<\/strong> \u2013 Otac\u00edlio Moreira de Carvalho Costa<\/li>\n<\/ul>\n\n\n\n<!--more-->\n\n\n\n<p>Conforme orienta\u00e7\u00f5es do Sindicato Nacional, os membros da CNM chegaram \u00e0 sede do ANDES-SN at\u00e9 o meio-dia da segunda-feira (08\/09) e retornaram aos seus estados a partir do meio-dia da sexta-feira (12\/09). As se\u00e7\u00f5es sindicais participantes enviaram, \u00e0 \u00e9poca, o formul\u00e1rio solicitado.<\/p>\n\n\n\n<h2 class=\"wp-block-heading\">Mobiliza\u00e7\u00f5es intensificadas durante setembro<\/h2>\n\n\n\n<p>A atua\u00e7\u00e3o da CNM ocorreu em meio a uma s\u00e9rie de atividades nacionais que marcaram o m\u00eas de setembro. O texto da Reforma Administrativa em constru\u00e7\u00e3o no Grupo de Trabalho da C\u00e2mara foi considerado, desde ent\u00e3o, ainda mais nocivo que a PEC 32\/2020, com impactos severos sobre sal\u00e1rios, estabilidade, aposentadorias e sobre a pr\u00f3pria qualidade dos servi\u00e7os p\u00fablicos.<\/p>\n\n\n\n<p>Dirigentes do ANDES-SN avaliaram naquele per\u00edodo que barrar a Reforma Administrativa seria um grande desafio aos servidores e servidoras, exigindo intensifica\u00e7\u00e3o das mobiliza\u00e7\u00f5es e di\u00e1logo constante com a sociedade.<\/p>\n\n\n\n<p>Entre os pontos cr\u00edticos j\u00e1 identificados estavam a generaliza\u00e7\u00e3o de contratos tempor\u00e1rios, a poss\u00edvel substitui\u00e7\u00e3o de concursos p\u00fablicos, a imposi\u00e7\u00e3o de metas quantitativas, a fragiliza\u00e7\u00e3o da estabilidade e mecanismos que poderiam resultar em achatamento salarial e preju\u00edzos \u00e0s aposentadorias.<\/p>\n\n\n\n<h2 class=\"wp-block-heading\">Principais a\u00e7\u00f5es realizadas entre 8 e 12 de setembro<\/h2>\n\n\n\n<p>A agenda constru\u00edda pelo Fonasefe e pelo ANDES-SN contou com:<\/p>\n\n\n\n<ul class=\"wp-block-list\">\n<li><strong>09\/09<\/strong> \u2013 Ato no Aeroporto Internacional de Bras\u00edlia, pressionando parlamentares que desembarcavam na capital.<\/li>\n\n\n\n<li><strong>10 e 11\/09<\/strong> \u2013 Paralisa\u00e7\u00e3o nacional contra a Reforma Administrativa e pelo cumprimento integral do Acordo n\u00ba 10\/2024.<\/li>\n\n\n\n<li><strong>11\/09<\/strong> \u2013 Audi\u00eancia P\u00fablica na C\u00e2mara dos Deputados.<\/li>\n\n\n\n<li><strong>12\/09<\/strong> \u2013 Reuni\u00e3o de avalia\u00e7\u00e3o das mobiliza\u00e7\u00f5es na sede do ANDES-SN, com participa\u00e7\u00e3o dos membros da CNM.<\/li>\n<\/ul>\n\n\n\n<p>Durante todo o m\u00eas, docentes e demais servidoras\/es p\u00fablicas\/os realizaram atos em aeroportos, reuni\u00f5es ampliadas, di\u00e1logos com parlamentares e manifesta\u00e7\u00f5es p\u00fablicas. O lema <strong>\u201cN\u00e3o \u00e9 reforma, \u00e9 demoli\u00e7\u00e3o!\u201d<\/strong> marcou as a\u00e7\u00f5es, evidenciando a gravidade da proposta.<\/p>\n\n\n\n<h2 class=\"wp-block-heading\">ADUNIR segue comprometida com a defesa do servi\u00e7o p\u00fablico<\/h2>\n\n\n\n<p>A participa\u00e7\u00e3o da ADUNIR na CNM fortaleceu a inser\u00e7\u00e3o da se\u00e7\u00e3o sindical nas lutas nacionais coordenadas pelo ANDES-SN. A diretoria refor\u00e7a que a defesa do servi\u00e7o p\u00fablico e dos direitos das servidoras e servidores permanece no centro das a\u00e7\u00f5es da entidade.<\/p>\n\n\n\n<p>Continuaremos acompanhando e divulgando os pr\u00f3ximos desdobramentos relacionados \u00e0 Reforma Administrativa e \u00e0s mobiliza\u00e7\u00f5es nacionais.<\/p>\n\n\n\n<p><\/p>\n","protected":false},"excerpt":{"rendered":"<p>A mobiliza\u00e7\u00e3o nacional contra a Reforma Administrativa teve um dos seus momentos mais intensos no in\u00edcio de setembro. Entre os dias 8 e 12 de setembro de 2025, ocorreu em Bras\u00edlia mais uma etapa da Comiss\u00e3o Nacional de Mobiliza\u00e7\u00e3o (CNM) do ANDES-SN \u2013 espa\u00e7o estrat\u00e9gico de organiza\u00e7\u00e3o, articula\u00e7\u00e3o e luta das se\u00e7\u00f5es sindicais. A ADUNIR [&hellip;]<\/p>\n","protected":false},"author":1,"featured_media":3908,"comment_status":"closed","ping_status":"open","sticky":false,"template":"","format":"standard","meta":{"_uag_custom_page_level_css":"","footnotes":""},"categories":[5],"tags":[],"class_list":["post-3907","post","type-post","status-publish","format-standard","has-post-thumbnail","hentry","category-noticias"],"yoast_head":"<!-- This site is optimized with the Yoast SEO plugin v27.5 - https:\/\/yoast.com\/product\/yoast-seo-wordpress\/ -->\n<title>ADUNIR integrou Comiss\u00e3o Nacional de Mobiliza\u00e7\u00e3o do ANDES-SN em semana decisiva contra a Reforma Administrativa - ADUNIR<\/title>\n<meta name=\"robots\" content=\"index, follow, max-snippet:-1, max-image-preview:large, max-video-preview:-1\" \/>\n<link rel=\"canonical\" href=\"https:\/\/adunir.com.br\/index.php\/2025\/11\/28\/adunir-integrou-comissao-nacional-de-mobilizacao-do-andes-sn-em-semana-decisiva-contra-a-reforma-administrativa\/\" \/>\n<meta property=\"og:locale\" content=\"pt_BR\" \/>\n<meta property=\"og:type\" content=\"article\" \/>\n<meta property=\"og:title\" content=\"ADUNIR integrou Comiss\u00e3o Nacional de Mobiliza\u00e7\u00e3o do ANDES-SN em semana decisiva contra a Reforma Administrativa - ADUNIR\" \/>\n<meta property=\"og:description\" content=\"A mobiliza\u00e7\u00e3o nacional contra a Reforma Administrativa teve um dos seus momentos mais intensos no in\u00edcio de setembro. Entre os dias 8 e 12 de setembro de 2025, ocorreu em Bras\u00edlia mais uma etapa da Comiss\u00e3o Nacional de Mobiliza\u00e7\u00e3o (CNM) do ANDES-SN \u2013 espa\u00e7o estrat\u00e9gico de organiza\u00e7\u00e3o, articula\u00e7\u00e3o e luta das se\u00e7\u00f5es sindicais. A ADUNIR [&hellip;]\" \/>\n<meta property=\"og:url\" content=\"https:\/\/adunir.com.br\/index.php\/2025\/11\/28\/adunir-integrou-comissao-nacional-de-mobilizacao-do-andes-sn-em-semana-decisiva-contra-a-reforma-administrativa\/\" \/>\n<meta property=\"og:site_name\" content=\"ADUNIR\" \/>\n<meta property=\"article:publisher\" content=\"https:\/\/www.facebook.com\/adunirsecaosindical.andes\/\" \/>\n<meta property=\"article:published_time\" content=\"2025-11-28T22:05:03+00:00\" \/>\n<meta property=\"article:modified_time\" content=\"2025-11-28T22:05:06+00:00\" \/>\n<meta property=\"og:image\" content=\"https:\/\/adunir.com.br\/wp-content\/uploads\/2025\/11\/Imagem-do-WhatsApp-de-2025-11-28-as-17.19.30_113b8dcf.jpg\" \/>\n\t<meta property=\"og:image:width\" content=\"1440\" \/>\n\t<meta property=\"og:image:height\" content=\"960\" \/>\n\t<meta property=\"og:image:type\" content=\"image\/jpeg\" \/>\n<meta name=\"author\" content=\"adunir\" \/>\n<meta name=\"twitter:card\" content=\"summary_large_image\" \/>\n<meta name=\"twitter:label1\" content=\"Escrito por\" \/>\n\t<meta name=\"twitter:data1\" content=\"adunir\" \/>\n\t<meta name=\"twitter:label2\" content=\"Est. tempo de leitura\" \/>\n\t<meta name=\"twitter:data2\" content=\"4 minutos\" \/>\n<script type=\"application\/ld+json\" class=\"yoast-schema-graph\">{\"@context\":\"https:\\\/\\\/schema.org\",\"@graph\":[{\"@type\":\"Article\",\"@id\":\"https:\\\/\\\/adunir.com.br\\\/index.php\\\/2025\\\/11\\\/28\\\/adunir-integrou-comissao-nacional-de-mobilizacao-do-andes-sn-em-semana-decisiva-contra-a-reforma-administrativa\\\/#article\",\"isPartOf\":{\"@id\":\"https:\\\/\\\/adunir.com.br\\\/index.php\\\/2025\\\/11\\\/28\\\/adunir-integrou-comissao-nacional-de-mobilizacao-do-andes-sn-em-semana-decisiva-contra-a-reforma-administrativa\\\/\"},\"author\":{\"name\":\"adunir\",\"@id\":\"https:\\\/\\\/adunir.com.br\\\/#\\\/schema\\\/person\\\/86b4aeb6bf6cab96151fb0ac140b8c48\"},\"headline\":\"ADUNIR integrou Comiss\u00e3o Nacional de Mobiliza\u00e7\u00e3o do ANDES-SN em semana decisiva contra a Reforma Administrativa\",\"datePublished\":\"2025-11-28T22:05:03+00:00\",\"dateModified\":\"2025-11-28T22:05:06+00:00\",\"mainEntityOfPage\":{\"@id\":\"https:\\\/\\\/adunir.com.br\\\/index.php\\\/2025\\\/11\\\/28\\\/adunir-integrou-comissao-nacional-de-mobilizacao-do-andes-sn-em-semana-decisiva-contra-a-reforma-administrativa\\\/\"},\"wordCount\":550,\"publisher\":{\"@id\":\"https:\\\/\\\/adunir.com.br\\\/#organization\"},\"image\":{\"@id\":\"https:\\\/\\\/adunir.com.br\\\/index.php\\\/2025\\\/11\\\/28\\\/adunir-integrou-comissao-nacional-de-mobilizacao-do-andes-sn-em-semana-decisiva-contra-a-reforma-administrativa\\\/#primaryimage\"},\"thumbnailUrl\":\"https:\\\/\\\/adunir.com.br\\\/wp-content\\\/uploads\\\/2025\\\/11\\\/Imagem-do-WhatsApp-de-2025-11-28-as-17.19.30_113b8dcf.jpg\",\"articleSection\":[\"Not\u00edcias\"],\"inLanguage\":\"pt-BR\"},{\"@type\":\"WebPage\",\"@id\":\"https:\\\/\\\/adunir.com.br\\\/index.php\\\/2025\\\/11\\\/28\\\/adunir-integrou-comissao-nacional-de-mobilizacao-do-andes-sn-em-semana-decisiva-contra-a-reforma-administrativa\\\/\",\"url\":\"https:\\\/\\\/adunir.com.br\\\/index.php\\\/2025\\\/11\\\/28\\\/adunir-integrou-comissao-nacional-de-mobilizacao-do-andes-sn-em-semana-decisiva-contra-a-reforma-administrativa\\\/\",\"name\":\"ADUNIR integrou Comiss\u00e3o Nacional de Mobiliza\u00e7\u00e3o do ANDES-SN em semana decisiva contra a Reforma Administrativa - ADUNIR\",\"isPartOf\":{\"@id\":\"https:\\\/\\\/adunir.com.br\\\/#website\"},\"primaryImageOfPage\":{\"@id\":\"https:\\\/\\\/adunir.com.br\\\/index.php\\\/2025\\\/11\\\/28\\\/adunir-integrou-comissao-nacional-de-mobilizacao-do-andes-sn-em-semana-decisiva-contra-a-reforma-administrativa\\\/#primaryimage\"},\"image\":{\"@id\":\"https:\\\/\\\/adunir.com.br\\\/index.php\\\/2025\\\/11\\\/28\\\/adunir-integrou-comissao-nacional-de-mobilizacao-do-andes-sn-em-semana-decisiva-contra-a-reforma-administrativa\\\/#primaryimage\"},\"thumbnailUrl\":\"https:\\\/\\\/adunir.com.br\\\/wp-content\\\/uploads\\\/2025\\\/11\\\/Imagem-do-WhatsApp-de-2025-11-28-as-17.19.30_113b8dcf.jpg\",\"datePublished\":\"2025-11-28T22:05:03+00:00\",\"dateModified\":\"2025-11-28T22:05:06+00:00\",\"breadcrumb\":{\"@id\":\"https:\\\/\\\/adunir.com.br\\\/index.php\\\/2025\\\/11\\\/28\\\/adunir-integrou-comissao-nacional-de-mobilizacao-do-andes-sn-em-semana-decisiva-contra-a-reforma-administrativa\\\/#breadcrumb\"},\"inLanguage\":\"pt-BR\",\"potentialAction\":[{\"@type\":\"ReadAction\",\"target\":[\"https:\\\/\\\/adunir.com.br\\\/index.php\\\/2025\\\/11\\\/28\\\/adunir-integrou-comissao-nacional-de-mobilizacao-do-andes-sn-em-semana-decisiva-contra-a-reforma-administrativa\\\/\"]}]},{\"@type\":\"ImageObject\",\"inLanguage\":\"pt-BR\",\"@id\":\"https:\\\/\\\/adunir.com.br\\\/index.php\\\/2025\\\/11\\\/28\\\/adunir-integrou-comissao-nacional-de-mobilizacao-do-andes-sn-em-semana-decisiva-contra-a-reforma-administrativa\\\/#primaryimage\",\"url\":\"https:\\\/\\\/adunir.com.br\\\/wp-content\\\/uploads\\\/2025\\\/11\\\/Imagem-do-WhatsApp-de-2025-11-28-as-17.19.30_113b8dcf.jpg\",\"contentUrl\":\"https:\\\/\\\/adunir.com.br\\\/wp-content\\\/uploads\\\/2025\\\/11\\\/Imagem-do-WhatsApp-de-2025-11-28-as-17.19.30_113b8dcf.jpg\",\"width\":1440,\"height\":960},{\"@type\":\"BreadcrumbList\",\"@id\":\"https:\\\/\\\/adunir.com.br\\\/index.php\\\/2025\\\/11\\\/28\\\/adunir-integrou-comissao-nacional-de-mobilizacao-do-andes-sn-em-semana-decisiva-contra-a-reforma-administrativa\\\/#breadcrumb\",\"itemListElement\":[{\"@type\":\"ListItem\",\"position\":1,\"name\":\"In\u00edcio\",\"item\":\"https:\\\/\\\/adunir.com.br\\\/\"},{\"@type\":\"ListItem\",\"position\":2,\"name\":\"ADUNIR integrou Comiss\u00e3o Nacional de Mobiliza\u00e7\u00e3o do ANDES-SN em semana decisiva contra a Reforma Administrativa\"}]},{\"@type\":\"WebSite\",\"@id\":\"https:\\\/\\\/adunir.com.br\\\/#website\",\"url\":\"https:\\\/\\\/adunir.com.br\\\/\",\"name\":\"ADUNIR\",\"description\":\"Associa\u00e7\u00e3o dos Docentes da Universidade Federal de Rond\u00f4nia - Se\u00e7\u00e3o Sindical\",\"publisher\":{\"@id\":\"https:\\\/\\\/adunir.com.br\\\/#organization\"},\"potentialAction\":[{\"@type\":\"SearchAction\",\"target\":{\"@type\":\"EntryPoint\",\"urlTemplate\":\"https:\\\/\\\/adunir.com.br\\\/?s={search_term_string}\"},\"query-input\":{\"@type\":\"PropertyValueSpecification\",\"valueRequired\":true,\"valueName\":\"search_term_string\"}}],\"inLanguage\":\"pt-BR\"},{\"@type\":\"Organization\",\"@id\":\"https:\\\/\\\/adunir.com.br\\\/#organization\",\"name\":\"Associa\u00e7\u00e3o dos Docentes da Universidade Federal de Rond\u00f4nia - ADUNIR\",\"url\":\"https:\\\/\\\/adunir.com.br\\\/\",\"logo\":{\"@type\":\"ImageObject\",\"inLanguage\":\"pt-BR\",\"@id\":\"https:\\\/\\\/adunir.com.br\\\/#\\\/schema\\\/logo\\\/image\\\/\",\"url\":\"https:\\\/\\\/adunir.com.br\\\/wp-content\\\/uploads\\\/2023\\\/12\\\/cropped-logo_adunir.png\",\"contentUrl\":\"https:\\\/\\\/adunir.com.br\\\/wp-content\\\/uploads\\\/2023\\\/12\\\/cropped-logo_adunir.png\",\"width\":982,\"height\":102,\"caption\":\"Associa\u00e7\u00e3o dos Docentes da Universidade Federal de Rond\u00f4nia - ADUNIR\"},\"image\":{\"@id\":\"https:\\\/\\\/adunir.com.br\\\/#\\\/schema\\\/logo\\\/image\\\/\"},\"sameAs\":[\"https:\\\/\\\/www.facebook.com\\\/adunirsecaosindical.andes\\\/\"]},{\"@type\":\"Person\",\"@id\":\"https:\\\/\\\/adunir.com.br\\\/#\\\/schema\\\/person\\\/86b4aeb6bf6cab96151fb0ac140b8c48\",\"name\":\"adunir\",\"sameAs\":[\"http:\\\/\\\/localhost\\\/wordpress\"],\"url\":\"https:\\\/\\\/adunir.com.br\\\/index.php\\\/author\\\/adunir\\\/\"}]}<\/script>\n<!-- \/ Yoast SEO plugin. -->","yoast_head_json":{"title":"ADUNIR integrou Comiss\u00e3o Nacional de Mobiliza\u00e7\u00e3o do ANDES-SN em semana decisiva contra a Reforma Administrativa - ADUNIR","robots":{"index":"index","follow":"follow","max-snippet":"max-snippet:-1","max-image-preview":"max-image-preview:large","max-video-preview":"max-video-preview:-1"},"canonical":"https:\/\/adunir.com.br\/index.php\/2025\/11\/28\/adunir-integrou-comissao-nacional-de-mobilizacao-do-andes-sn-em-semana-decisiva-contra-a-reforma-administrativa\/","og_locale":"pt_BR","og_type":"article","og_title":"ADUNIR integrou Comiss\u00e3o Nacional de Mobiliza\u00e7\u00e3o do ANDES-SN em semana decisiva contra a Reforma Administrativa - ADUNIR","og_description":"A mobiliza\u00e7\u00e3o nacional contra a Reforma Administrativa teve um dos seus momentos mais intensos no in\u00edcio de setembro. Entre os dias 8 e 12 de setembro de 2025, ocorreu em Bras\u00edlia mais uma etapa da Comiss\u00e3o Nacional de Mobiliza\u00e7\u00e3o (CNM) do ANDES-SN \u2013 espa\u00e7o estrat\u00e9gico de organiza\u00e7\u00e3o, articula\u00e7\u00e3o e luta das se\u00e7\u00f5es sindicais. A ADUNIR [&hellip;]","og_url":"https:\/\/adunir.com.br\/index.php\/2025\/11\/28\/adunir-integrou-comissao-nacional-de-mobilizacao-do-andes-sn-em-semana-decisiva-contra-a-reforma-administrativa\/","og_site_name":"ADUNIR","article_publisher":"https:\/\/www.facebook.com\/adunirsecaosindical.andes\/","article_published_time":"2025-11-28T22:05:03+00:00","article_modified_time":"2025-11-28T22:05:06+00:00","og_image":[{"width":1440,"height":960,"url":"https:\/\/adunir.com.br\/wp-content\/uploads\/2025\/11\/Imagem-do-WhatsApp-de-2025-11-28-as-17.19.30_113b8dcf.jpg","type":"image\/jpeg"}],"author":"adunir","twitter_card":"summary_large_image","twitter_misc":{"Escrito por":"adunir","Est. tempo de leitura":"4 minutos"},"schema":{"@context":"https:\/\/schema.org","@graph":[{"@type":"Article","@id":"https:\/\/adunir.com.br\/index.php\/2025\/11\/28\/adunir-integrou-comissao-nacional-de-mobilizacao-do-andes-sn-em-semana-decisiva-contra-a-reforma-administrativa\/#article","isPartOf":{"@id":"https:\/\/adunir.com.br\/index.php\/2025\/11\/28\/adunir-integrou-comissao-nacional-de-mobilizacao-do-andes-sn-em-semana-decisiva-contra-a-reforma-administrativa\/"},"author":{"name":"adunir","@id":"https:\/\/adunir.com.br\/#\/schema\/person\/86b4aeb6bf6cab96151fb0ac140b8c48"},"headline":"ADUNIR integrou Comiss\u00e3o Nacional de Mobiliza\u00e7\u00e3o do ANDES-SN em semana decisiva contra a Reforma Administrativa","datePublished":"2025-11-28T22:05:03+00:00","dateModified":"2025-11-28T22:05:06+00:00","mainEntityOfPage":{"@id":"https:\/\/adunir.com.br\/index.php\/2025\/11\/28\/adunir-integrou-comissao-nacional-de-mobilizacao-do-andes-sn-em-semana-decisiva-contra-a-reforma-administrativa\/"},"wordCount":550,"publisher":{"@id":"https:\/\/adunir.com.br\/#organization"},"image":{"@id":"https:\/\/adunir.com.br\/index.php\/2025\/11\/28\/adunir-integrou-comissao-nacional-de-mobilizacao-do-andes-sn-em-semana-decisiva-contra-a-reforma-administrativa\/#primaryimage"},"thumbnailUrl":"https:\/\/adunir.com.br\/wp-content\/uploads\/2025\/11\/Imagem-do-WhatsApp-de-2025-11-28-as-17.19.30_113b8dcf.jpg","articleSection":["Not\u00edcias"],"inLanguage":"pt-BR"},{"@type":"WebPage","@id":"https:\/\/adunir.com.br\/index.php\/2025\/11\/28\/adunir-integrou-comissao-nacional-de-mobilizacao-do-andes-sn-em-semana-decisiva-contra-a-reforma-administrativa\/","url":"https:\/\/adunir.com.br\/index.php\/2025\/11\/28\/adunir-integrou-comissao-nacional-de-mobilizacao-do-andes-sn-em-semana-decisiva-contra-a-reforma-administrativa\/","name":"ADUNIR integrou Comiss\u00e3o Nacional de Mobiliza\u00e7\u00e3o do ANDES-SN em semana decisiva contra a Reforma Administrativa - ADUNIR","isPartOf":{"@id":"https:\/\/adunir.com.br\/#website"},"primaryImageOfPage":{"@id":"https:\/\/adunir.com.br\/index.php\/2025\/11\/28\/adunir-integrou-comissao-nacional-de-mobilizacao-do-andes-sn-em-semana-decisiva-contra-a-reforma-administrativa\/#primaryimage"},"image":{"@id":"https:\/\/adunir.com.br\/index.php\/2025\/11\/28\/adunir-integrou-comissao-nacional-de-mobilizacao-do-andes-sn-em-semana-decisiva-contra-a-reforma-administrativa\/#primaryimage"},"thumbnailUrl":"https:\/\/adunir.com.br\/wp-content\/uploads\/2025\/11\/Imagem-do-WhatsApp-de-2025-11-28-as-17.19.30_113b8dcf.jpg","datePublished":"2025-11-28T22:05:03+00:00","dateModified":"2025-11-28T22:05:06+00:00","breadcrumb":{"@id":"https:\/\/adunir.com.br\/index.php\/2025\/11\/28\/adunir-integrou-comissao-nacional-de-mobilizacao-do-andes-sn-em-semana-decisiva-contra-a-reforma-administrativa\/#breadcrumb"},"inLanguage":"pt-BR","potentialAction":[{"@type":"ReadAction","target":["https:\/\/adunir.com.br\/index.php\/2025\/11\/28\/adunir-integrou-comissao-nacional-de-mobilizacao-do-andes-sn-em-semana-decisiva-contra-a-reforma-administrativa\/"]}]},{"@type":"ImageObject","inLanguage":"pt-BR","@id":"https:\/\/adunir.com.br\/index.php\/2025\/11\/28\/adunir-integrou-comissao-nacional-de-mobilizacao-do-andes-sn-em-semana-decisiva-contra-a-reforma-administrativa\/#primaryimage","url":"https:\/\/adunir.com.br\/wp-content\/uploads\/2025\/11\/Imagem-do-WhatsApp-de-2025-11-28-as-17.19.30_113b8dcf.jpg","contentUrl":"https:\/\/adunir.com.br\/wp-content\/uploads\/2025\/11\/Imagem-do-WhatsApp-de-2025-11-28-as-17.19.30_113b8dcf.jpg","width":1440,"height":960},{"@type":"BreadcrumbList","@id":"https:\/\/adunir.com.br\/index.php\/2025\/11\/28\/adunir-integrou-comissao-nacional-de-mobilizacao-do-andes-sn-em-semana-decisiva-contra-a-reforma-administrativa\/#breadcrumb","itemListElement":[{"@type":"ListItem","position":1,"name":"In\u00edcio","item":"https:\/\/adunir.com.br\/"},{"@type":"ListItem","position":2,"name":"ADUNIR integrou Comiss\u00e3o Nacional de Mobiliza\u00e7\u00e3o do ANDES-SN em semana decisiva contra a Reforma Administrativa"}]},{"@type":"WebSite","@id":"https:\/\/adunir.com.br\/#website","url":"https:\/\/adunir.com.br\/","name":"ADUNIR","description":"Associa\u00e7\u00e3o dos Docentes da Universidade Federal de Rond\u00f4nia - Se\u00e7\u00e3o Sindical","publisher":{"@id":"https:\/\/adunir.com.br\/#organization"},"potentialAction":[{"@type":"SearchAction","target":{"@type":"EntryPoint","urlTemplate":"https:\/\/adunir.com.br\/?s={search_term_string}"},"query-input":{"@type":"PropertyValueSpecification","valueRequired":true,"valueName":"search_term_string"}}],"inLanguage":"pt-BR"},{"@type":"Organization","@id":"https:\/\/adunir.com.br\/#organization","name":"Associa\u00e7\u00e3o dos Docentes da Universidade Federal de Rond\u00f4nia - ADUNIR","url":"https:\/\/adunir.com.br\/","logo":{"@type":"ImageObject","inLanguage":"pt-BR","@id":"https:\/\/adunir.com.br\/#\/schema\/logo\/image\/","url":"https:\/\/adunir.com.br\/wp-content\/uploads\/2023\/12\/cropped-logo_adunir.png","contentUrl":"https:\/\/adunir.com.br\/wp-content\/uploads\/2023\/12\/cropped-logo_adunir.png","width":982,"height":102,"caption":"Associa\u00e7\u00e3o dos Docentes da Universidade Federal de Rond\u00f4nia - ADUNIR"},"image":{"@id":"https:\/\/adunir.com.br\/#\/schema\/logo\/image\/"},"sameAs":["https:\/\/www.facebook.com\/adunirsecaosindical.andes\/"]},{"@type":"Person","@id":"https:\/\/adunir.com.br\/#\/schema\/person\/86b4aeb6bf6cab96151fb0ac140b8c48","name":"adunir","sameAs":["http:\/\/localhost\/wordpress"],"url":"https:\/\/adunir.com.br\/index.php\/author\/adunir\/"}]}},"uagb_featured_image_src":{"full":["https:\/\/adunir.com.br\/wp-content\/uploads\/2025\/11\/Imagem-do-WhatsApp-de-2025-11-28-as-17.19.30_113b8dcf.jpg",1440,960,false],"thumbnail":["https:\/\/adunir.com.br\/wp-content\/uploads\/2025\/11\/Imagem-do-WhatsApp-de-2025-11-28-as-17.19.30_113b8dcf-150x150.jpg",150,150,true],"medium":["https:\/\/adunir.com.br\/wp-content\/uploads\/2025\/11\/Imagem-do-WhatsApp-de-2025-11-28-as-17.19.30_113b8dcf-300x200.jpg",300,200,true],"medium_large":["https:\/\/adunir.com.br\/wp-content\/uploads\/2025\/11\/Imagem-do-WhatsApp-de-2025-11-28-as-17.19.30_113b8dcf-768x512.jpg",768,512,true],"large":["https:\/\/adunir.com.br\/wp-content\/uploads\/2025\/11\/Imagem-do-WhatsApp-de-2025-11-28-as-17.19.30_113b8dcf-1024x683.jpg",1024,683,true],"1536x1536":["https:\/\/adunir.com.br\/wp-content\/uploads\/2025\/11\/Imagem-do-WhatsApp-de-2025-11-28-as-17.19.30_113b8dcf.jpg",1440,960,false],"2048x2048":["https:\/\/adunir.com.br\/wp-content\/uploads\/2025\/11\/Imagem-do-WhatsApp-de-2025-11-28-as-17.19.30_113b8dcf.jpg",1440,960,false]},"uagb_author_info":{"display_name":"adunir","author_link":"https:\/\/adunir.com.br\/index.php\/author\/adunir\/"},"uagb_comment_info":0,"uagb_excerpt":"A mobiliza\u00e7\u00e3o nacional contra a Reforma Administrativa teve um dos seus momentos mais intensos no in\u00edcio de setembro. Entre os dias 8 e 12 de setembro de 2025, ocorreu em Bras\u00edlia mais uma etapa da Comiss\u00e3o Nacional de Mobiliza\u00e7\u00e3o (CNM) do ANDES-SN \u2013 espa\u00e7o estrat\u00e9gico de organiza\u00e7\u00e3o, articula\u00e7\u00e3o e luta das se\u00e7\u00f5es sindicais. A ADUNIR&hellip;","_links":{"self":[{"href":"https:\/\/adunir.com.br\/index.php\/wp-json\/wp\/v2\/posts\/3907","targetHints":{"allow":["GET"]}}],"collection":[{"href":"https:\/\/adunir.com.br\/index.php\/wp-json\/wp\/v2\/posts"}],"about":[{"href":"https:\/\/adunir.com.br\/index.php\/wp-json\/wp\/v2\/types\/post"}],"author":[{"embeddable":true,"href":"https:\/\/adunir.com.br\/index.php\/wp-json\/wp\/v2\/users\/1"}],"replies":[{"embeddable":true,"href":"https:\/\/adunir.com.br\/index.php\/wp-json\/wp\/v2\/comments?post=3907"}],"version-history":[{"count":1,"href":"https:\/\/adunir.com.br\/index.php\/wp-json\/wp\/v2\/posts\/3907\/revisions"}],"predecessor-version":[{"id":3910,"href":"https:\/\/adunir.com.br\/index.php\/wp-json\/wp\/v2\/posts\/3907\/revisions\/3910"}],"wp:featuredmedia":[{"embeddable":true,"href":"https:\/\/adunir.com.br\/index.php\/wp-json\/wp\/v2\/media\/3908"}],"wp:attachment":[{"href":"https:\/\/adunir.com.br\/index.php\/wp-json\/wp\/v2\/media?parent=3907"}],"wp:term":[{"taxonomy":"category","embeddable":true,"href":"https:\/\/adunir.com.br\/index.php\/wp-json\/wp\/v2\/categories?post=3907"},{"taxonomy":"post_tag","embeddable":true,"href":"https:\/\/adunir.com.br\/index.php\/wp-json\/wp\/v2\/tags?post=3907"}],"curies":[{"name":"wp","href":"https:\/\/api.w.org\/{rel}","templated":true}]}}