{"id":3916,"date":"2025-12-04T09:28:18","date_gmt":"2025-12-04T13:28:18","guid":{"rendered":"https:\/\/adunir.com.br\/?p=3916"},"modified":"2025-12-04T09:28:19","modified_gmt":"2025-12-04T13:28:19","slug":"nota-de-pesar-joao-renato-medeiros-de-melo-e-silva","status":"publish","type":"post","link":"https:\/\/adunir.com.br\/index.php\/2025\/12\/04\/nota-de-pesar-joao-renato-medeiros-de-melo-e-silva\/","title":{"rendered":"NOTA DE PESAR &#8211; Jo\u00e3o Renato Medeiros de Melo e Silva"},"content":{"rendered":"\n<p>A ADUNIR \u2013 Se\u00e7\u00e3o Sindical do ANDES-SN \u2013 manifesta seu profundo pesar pelo falecimento do professor Jo\u00e3o Renato Medeiros de Melo e Silva, docente da Universidade Federal de Rond\u00f4nia (UNIR).<\/p>\n\n\n\n<p>O professor Jo\u00e3o Renato deixa um legado de dedica\u00e7\u00e3o ao ensino, \u00e0 pesquisa e \u00e0 forma\u00e7\u00e3o de in\u00fameras gera\u00e7\u00f5es de estudantes. Sua trajet\u00f3ria acad\u00eamica, marcada pelo compromisso com a universidade p\u00fablica e pela seriedade no trabalho, ser\u00e1 sempre lembrada por colegas, amigos e alunos.<\/p>\n\n\n\n<p>Neste momento de dor, expressamos nossa solidariedade aos familiares, amigos e a toda comunidade acad\u00eamica que conviveu com o professor Jo\u00e3o Renato. Que encontrem conforto e for\u00e7a para atravessar esta perda t\u00e3o significativa.<\/p>\n\n\n\n<!--more-->\n\n\n\n<p class=\"has-text-align-right\">Porto Velho, 04\/12\/2025<\/p>\n\n\n\n<p class=\"has-text-align-center\">ADUNIR \u2013 Se\u00e7\u00e3o Sindical\u00a0do\u00a0ANDES-SN<\/p>\n\n\n\n<figure class=\"wp-block-image size-large\"><img loading=\"lazy\" decoding=\"async\" width=\"726\" height=\"1024\" src=\"https:\/\/adunir.com.br\/wp-content\/uploads\/2025\/12\/Imagem-do-WhatsApp-de-2025-12-04-as-08.15.24_70155347-726x1024.jpg\" alt=\"\" class=\"wp-image-3918\" srcset=\"https:\/\/adunir.com.br\/wp-content\/uploads\/2025\/12\/Imagem-do-WhatsApp-de-2025-12-04-as-08.15.24_70155347-726x1024.jpg 726w, https:\/\/adunir.com.br\/wp-content\/uploads\/2025\/12\/Imagem-do-WhatsApp-de-2025-12-04-as-08.15.24_70155347-213x300.jpg 213w, https:\/\/adunir.com.br\/wp-content\/uploads\/2025\/12\/Imagem-do-WhatsApp-de-2025-12-04-as-08.15.24_70155347-768x1083.jpg 768w, https:\/\/adunir.com.br\/wp-content\/uploads\/2025\/12\/Imagem-do-WhatsApp-de-2025-12-04-as-08.15.24_70155347-1090x1536.jpg 1090w, https:\/\/adunir.com.br\/wp-content\/uploads\/2025\/12\/Imagem-do-WhatsApp-de-2025-12-04-as-08.15.24_70155347.jpg 1135w\" sizes=\"auto, (max-width: 726px) 100vw, 726px\" \/><\/figure>\n","protected":false},"excerpt":{"rendered":"<p>A ADUNIR \u2013 Se\u00e7\u00e3o Sindical do ANDES-SN \u2013 manifesta seu profundo pesar pelo falecimento do professor Jo\u00e3o Renato Medeiros de Melo e Silva, docente da Universidade Federal de Rond\u00f4nia (UNIR). O professor Jo\u00e3o Renato deixa um legado de dedica\u00e7\u00e3o ao ensino, \u00e0 pesquisa e \u00e0 forma\u00e7\u00e3o de in\u00fameras gera\u00e7\u00f5es de estudantes. Sua trajet\u00f3ria acad\u00eamica, marcada [&hellip;]<\/p>\n","protected":false},"author":1,"featured_media":3917,"comment_status":"closed","ping_status":"open","sticky":false,"template":"","format":"standard","meta":{"_uag_custom_page_level_css":"","footnotes":""},"categories":[5],"tags":[],"class_list":["post-3916","post","type-post","status-publish","format-standard","has-post-thumbnail","hentry","category-noticias"],"yoast_head":"<!-- This site is optimized with the Yoast SEO plugin v27.5 - https:\/\/yoast.com\/product\/yoast-seo-wordpress\/ -->\n<title>NOTA DE PESAR - Jo\u00e3o Renato Medeiros de Melo e Silva - ADUNIR<\/title>\n<meta name=\"robots\" content=\"index, follow, max-snippet:-1, max-image-preview:large, max-video-preview:-1\" \/>\n<link rel=\"canonical\" href=\"https:\/\/adunir.com.br\/index.php\/2025\/12\/04\/nota-de-pesar-joao-renato-medeiros-de-melo-e-silva\/\" \/>\n<meta property=\"og:locale\" content=\"pt_BR\" \/>\n<meta property=\"og:type\" content=\"article\" \/>\n<meta property=\"og:title\" content=\"NOTA DE PESAR - Jo\u00e3o Renato Medeiros de Melo e Silva - ADUNIR\" \/>\n<meta property=\"og:description\" content=\"A ADUNIR \u2013 Se\u00e7\u00e3o Sindical do ANDES-SN \u2013 manifesta seu profundo pesar pelo falecimento do professor Jo\u00e3o Renato Medeiros de Melo e Silva, docente da Universidade Federal de Rond\u00f4nia (UNIR). O professor Jo\u00e3o Renato deixa um legado de dedica\u00e7\u00e3o ao ensino, \u00e0 pesquisa e \u00e0 forma\u00e7\u00e3o de in\u00fameras gera\u00e7\u00f5es de estudantes. Sua trajet\u00f3ria acad\u00eamica, marcada [&hellip;]\" \/>\n<meta property=\"og:url\" content=\"https:\/\/adunir.com.br\/index.php\/2025\/12\/04\/nota-de-pesar-joao-renato-medeiros-de-melo-e-silva\/\" \/>\n<meta property=\"og:site_name\" content=\"ADUNIR\" \/>\n<meta property=\"article:publisher\" content=\"https:\/\/www.facebook.com\/adunirsecaosindical.andes\/\" \/>\n<meta property=\"article:published_time\" content=\"2025-12-04T13:28:18+00:00\" \/>\n<meta property=\"article:modified_time\" content=\"2025-12-04T13:28:19+00:00\" \/>\n<meta property=\"og:image\" content=\"https:\/\/adunir.com.br\/wp-content\/uploads\/2025\/12\/Design-sem-nome.png\" \/>\n\t<meta property=\"og:image:width\" content=\"1080\" \/>\n\t<meta property=\"og:image:height\" content=\"1440\" \/>\n\t<meta property=\"og:image:type\" content=\"image\/png\" \/>\n<meta name=\"author\" content=\"adunir\" \/>\n<meta name=\"twitter:card\" content=\"summary_large_image\" \/>\n<meta name=\"twitter:label1\" content=\"Escrito por\" \/>\n\t<meta name=\"twitter:data1\" content=\"adunir\" \/>\n\t<meta name=\"twitter:label2\" content=\"Est. tempo de leitura\" \/>\n\t<meta name=\"twitter:data2\" content=\"2 minutos\" \/>\n<script type=\"application\/ld+json\" class=\"yoast-schema-graph\">{\"@context\":\"https:\\\/\\\/schema.org\",\"@graph\":[{\"@type\":\"Article\",\"@id\":\"https:\\\/\\\/adunir.com.br\\\/index.php\\\/2025\\\/12\\\/04\\\/nota-de-pesar-joao-renato-medeiros-de-melo-e-silva\\\/#article\",\"isPartOf\":{\"@id\":\"https:\\\/\\\/adunir.com.br\\\/index.php\\\/2025\\\/12\\\/04\\\/nota-de-pesar-joao-renato-medeiros-de-melo-e-silva\\\/\"},\"author\":{\"name\":\"adunir\",\"@id\":\"https:\\\/\\\/adunir.com.br\\\/#\\\/schema\\\/person\\\/86b4aeb6bf6cab96151fb0ac140b8c48\"},\"headline\":\"NOTA DE PESAR &#8211; Jo\u00e3o Renato Medeiros de Melo e Silva\",\"datePublished\":\"2025-12-04T13:28:18+00:00\",\"dateModified\":\"2025-12-04T13:28:19+00:00\",\"mainEntityOfPage\":{\"@id\":\"https:\\\/\\\/adunir.com.br\\\/index.php\\\/2025\\\/12\\\/04\\\/nota-de-pesar-joao-renato-medeiros-de-melo-e-silva\\\/\"},\"wordCount\":138,\"publisher\":{\"@id\":\"https:\\\/\\\/adunir.com.br\\\/#organization\"},\"image\":{\"@id\":\"https:\\\/\\\/adunir.com.br\\\/index.php\\\/2025\\\/12\\\/04\\\/nota-de-pesar-joao-renato-medeiros-de-melo-e-silva\\\/#primaryimage\"},\"thumbnailUrl\":\"https:\\\/\\\/adunir.com.br\\\/wp-content\\\/uploads\\\/2025\\\/12\\\/Design-sem-nome.png\",\"articleSection\":[\"Not\u00edcias\"],\"inLanguage\":\"pt-BR\"},{\"@type\":\"WebPage\",\"@id\":\"https:\\\/\\\/adunir.com.br\\\/index.php\\\/2025\\\/12\\\/04\\\/nota-de-pesar-joao-renato-medeiros-de-melo-e-silva\\\/\",\"url\":\"https:\\\/\\\/adunir.com.br\\\/index.php\\\/2025\\\/12\\\/04\\\/nota-de-pesar-joao-renato-medeiros-de-melo-e-silva\\\/\",\"name\":\"NOTA DE PESAR - Jo\u00e3o Renato Medeiros de Melo e Silva - ADUNIR\",\"isPartOf\":{\"@id\":\"https:\\\/\\\/adunir.com.br\\\/#website\"},\"primaryImageOfPage\":{\"@id\":\"https:\\\/\\\/adunir.com.br\\\/index.php\\\/2025\\\/12\\\/04\\\/nota-de-pesar-joao-renato-medeiros-de-melo-e-silva\\\/#primaryimage\"},\"image\":{\"@id\":\"https:\\\/\\\/adunir.com.br\\\/index.php\\\/2025\\\/12\\\/04\\\/nota-de-pesar-joao-renato-medeiros-de-melo-e-silva\\\/#primaryimage\"},\"thumbnailUrl\":\"https:\\\/\\\/adunir.com.br\\\/wp-content\\\/uploads\\\/2025\\\/12\\\/Design-sem-nome.png\",\"datePublished\":\"2025-12-04T13:28:18+00:00\",\"dateModified\":\"2025-12-04T13:28:19+00:00\",\"breadcrumb\":{\"@id\":\"https:\\\/\\\/adunir.com.br\\\/index.php\\\/2025\\\/12\\\/04\\\/nota-de-pesar-joao-renato-medeiros-de-melo-e-silva\\\/#breadcrumb\"},\"inLanguage\":\"pt-BR\",\"potentialAction\":[{\"@type\":\"ReadAction\",\"target\":[\"https:\\\/\\\/adunir.com.br\\\/index.php\\\/2025\\\/12\\\/04\\\/nota-de-pesar-joao-renato-medeiros-de-melo-e-silva\\\/\"]}]},{\"@type\":\"ImageObject\",\"inLanguage\":\"pt-BR\",\"@id\":\"https:\\\/\\\/adunir.com.br\\\/index.php\\\/2025\\\/12\\\/04\\\/nota-de-pesar-joao-renato-medeiros-de-melo-e-silva\\\/#primaryimage\",\"url\":\"https:\\\/\\\/adunir.com.br\\\/wp-content\\\/uploads\\\/2025\\\/12\\\/Design-sem-nome.png\",\"contentUrl\":\"https:\\\/\\\/adunir.com.br\\\/wp-content\\\/uploads\\\/2025\\\/12\\\/Design-sem-nome.png\",\"width\":1080,\"height\":1440},{\"@type\":\"BreadcrumbList\",\"@id\":\"https:\\\/\\\/adunir.com.br\\\/index.php\\\/2025\\\/12\\\/04\\\/nota-de-pesar-joao-renato-medeiros-de-melo-e-silva\\\/#breadcrumb\",\"itemListElement\":[{\"@type\":\"ListItem\",\"position\":1,\"name\":\"In\u00edcio\",\"item\":\"https:\\\/\\\/adunir.com.br\\\/\"},{\"@type\":\"ListItem\",\"position\":2,\"name\":\"NOTA DE PESAR &#8211; Jo\u00e3o Renato Medeiros de Melo e Silva\"}]},{\"@type\":\"WebSite\",\"@id\":\"https:\\\/\\\/adunir.com.br\\\/#website\",\"url\":\"https:\\\/\\\/adunir.com.br\\\/\",\"name\":\"ADUNIR\",\"description\":\"Associa\u00e7\u00e3o dos Docentes da Universidade Federal de Rond\u00f4nia - Se\u00e7\u00e3o Sindical\",\"publisher\":{\"@id\":\"https:\\\/\\\/adunir.com.br\\\/#organization\"},\"potentialAction\":[{\"@type\":\"SearchAction\",\"target\":{\"@type\":\"EntryPoint\",\"urlTemplate\":\"https:\\\/\\\/adunir.com.br\\\/?s={search_term_string}\"},\"query-input\":{\"@type\":\"PropertyValueSpecification\",\"valueRequired\":true,\"valueName\":\"search_term_string\"}}],\"inLanguage\":\"pt-BR\"},{\"@type\":\"Organization\",\"@id\":\"https:\\\/\\\/adunir.com.br\\\/#organization\",\"name\":\"Associa\u00e7\u00e3o dos Docentes da Universidade Federal de Rond\u00f4nia - ADUNIR\",\"url\":\"https:\\\/\\\/adunir.com.br\\\/\",\"logo\":{\"@type\":\"ImageObject\",\"inLanguage\":\"pt-BR\",\"@id\":\"https:\\\/\\\/adunir.com.br\\\/#\\\/schema\\\/logo\\\/image\\\/\",\"url\":\"https:\\\/\\\/adunir.com.br\\\/wp-content\\\/uploads\\\/2023\\\/12\\\/cropped-logo_adunir.png\",\"contentUrl\":\"https:\\\/\\\/adunir.com.br\\\/wp-content\\\/uploads\\\/2023\\\/12\\\/cropped-logo_adunir.png\",\"width\":982,\"height\":102,\"caption\":\"Associa\u00e7\u00e3o dos Docentes da Universidade Federal de Rond\u00f4nia - ADUNIR\"},\"image\":{\"@id\":\"https:\\\/\\\/adunir.com.br\\\/#\\\/schema\\\/logo\\\/image\\\/\"},\"sameAs\":[\"https:\\\/\\\/www.facebook.com\\\/adunirsecaosindical.andes\\\/\"]},{\"@type\":\"Person\",\"@id\":\"https:\\\/\\\/adunir.com.br\\\/#\\\/schema\\\/person\\\/86b4aeb6bf6cab96151fb0ac140b8c48\",\"name\":\"adunir\",\"sameAs\":[\"http:\\\/\\\/localhost\\\/wordpress\"],\"url\":\"https:\\\/\\\/adunir.com.br\\\/index.php\\\/author\\\/adunir\\\/\"}]}<\/script>\n<!-- \/ Yoast SEO plugin. -->","yoast_head_json":{"title":"NOTA DE PESAR - Jo\u00e3o Renato Medeiros de Melo e Silva - ADUNIR","robots":{"index":"index","follow":"follow","max-snippet":"max-snippet:-1","max-image-preview":"max-image-preview:large","max-video-preview":"max-video-preview:-1"},"canonical":"https:\/\/adunir.com.br\/index.php\/2025\/12\/04\/nota-de-pesar-joao-renato-medeiros-de-melo-e-silva\/","og_locale":"pt_BR","og_type":"article","og_title":"NOTA DE PESAR - Jo\u00e3o Renato Medeiros de Melo e Silva - ADUNIR","og_description":"A ADUNIR \u2013 Se\u00e7\u00e3o Sindical do ANDES-SN \u2013 manifesta seu profundo pesar pelo falecimento do professor Jo\u00e3o Renato Medeiros de Melo e Silva, docente da Universidade Federal de Rond\u00f4nia (UNIR). O professor Jo\u00e3o Renato deixa um legado de dedica\u00e7\u00e3o ao ensino, \u00e0 pesquisa e \u00e0 forma\u00e7\u00e3o de in\u00fameras gera\u00e7\u00f5es de estudantes. Sua trajet\u00f3ria acad\u00eamica, marcada [&hellip;]","og_url":"https:\/\/adunir.com.br\/index.php\/2025\/12\/04\/nota-de-pesar-joao-renato-medeiros-de-melo-e-silva\/","og_site_name":"ADUNIR","article_publisher":"https:\/\/www.facebook.com\/adunirsecaosindical.andes\/","article_published_time":"2025-12-04T13:28:18+00:00","article_modified_time":"2025-12-04T13:28:19+00:00","og_image":[{"width":1080,"height":1440,"url":"https:\/\/adunir.com.br\/wp-content\/uploads\/2025\/12\/Design-sem-nome.png","type":"image\/png"}],"author":"adunir","twitter_card":"summary_large_image","twitter_misc":{"Escrito por":"adunir","Est. tempo de leitura":"2 minutos"},"schema":{"@context":"https:\/\/schema.org","@graph":[{"@type":"Article","@id":"https:\/\/adunir.com.br\/index.php\/2025\/12\/04\/nota-de-pesar-joao-renato-medeiros-de-melo-e-silva\/#article","isPartOf":{"@id":"https:\/\/adunir.com.br\/index.php\/2025\/12\/04\/nota-de-pesar-joao-renato-medeiros-de-melo-e-silva\/"},"author":{"name":"adunir","@id":"https:\/\/adunir.com.br\/#\/schema\/person\/86b4aeb6bf6cab96151fb0ac140b8c48"},"headline":"NOTA DE PESAR &#8211; Jo\u00e3o Renato Medeiros de Melo e Silva","datePublished":"2025-12-04T13:28:18+00:00","dateModified":"2025-12-04T13:28:19+00:00","mainEntityOfPage":{"@id":"https:\/\/adunir.com.br\/index.php\/2025\/12\/04\/nota-de-pesar-joao-renato-medeiros-de-melo-e-silva\/"},"wordCount":138,"publisher":{"@id":"https:\/\/adunir.com.br\/#organization"},"image":{"@id":"https:\/\/adunir.com.br\/index.php\/2025\/12\/04\/nota-de-pesar-joao-renato-medeiros-de-melo-e-silva\/#primaryimage"},"thumbnailUrl":"https:\/\/adunir.com.br\/wp-content\/uploads\/2025\/12\/Design-sem-nome.png","articleSection":["Not\u00edcias"],"inLanguage":"pt-BR"},{"@type":"WebPage","@id":"https:\/\/adunir.com.br\/index.php\/2025\/12\/04\/nota-de-pesar-joao-renato-medeiros-de-melo-e-silva\/","url":"https:\/\/adunir.com.br\/index.php\/2025\/12\/04\/nota-de-pesar-joao-renato-medeiros-de-melo-e-silva\/","name":"NOTA DE PESAR - Jo\u00e3o Renato Medeiros de Melo e Silva - ADUNIR","isPartOf":{"@id":"https:\/\/adunir.com.br\/#website"},"primaryImageOfPage":{"@id":"https:\/\/adunir.com.br\/index.php\/2025\/12\/04\/nota-de-pesar-joao-renato-medeiros-de-melo-e-silva\/#primaryimage"},"image":{"@id":"https:\/\/adunir.com.br\/index.php\/2025\/12\/04\/nota-de-pesar-joao-renato-medeiros-de-melo-e-silva\/#primaryimage"},"thumbnailUrl":"https:\/\/adunir.com.br\/wp-content\/uploads\/2025\/12\/Design-sem-nome.png","datePublished":"2025-12-04T13:28:18+00:00","dateModified":"2025-12-04T13:28:19+00:00","breadcrumb":{"@id":"https:\/\/adunir.com.br\/index.php\/2025\/12\/04\/nota-de-pesar-joao-renato-medeiros-de-melo-e-silva\/#breadcrumb"},"inLanguage":"pt-BR","potentialAction":[{"@type":"ReadAction","target":["https:\/\/adunir.com.br\/index.php\/2025\/12\/04\/nota-de-pesar-joao-renato-medeiros-de-melo-e-silva\/"]}]},{"@type":"ImageObject","inLanguage":"pt-BR","@id":"https:\/\/adunir.com.br\/index.php\/2025\/12\/04\/nota-de-pesar-joao-renato-medeiros-de-melo-e-silva\/#primaryimage","url":"https:\/\/adunir.com.br\/wp-content\/uploads\/2025\/12\/Design-sem-nome.png","contentUrl":"https:\/\/adunir.com.br\/wp-content\/uploads\/2025\/12\/Design-sem-nome.png","width":1080,"height":1440},{"@type":"BreadcrumbList","@id":"https:\/\/adunir.com.br\/index.php\/2025\/12\/04\/nota-de-pesar-joao-renato-medeiros-de-melo-e-silva\/#breadcrumb","itemListElement":[{"@type":"ListItem","position":1,"name":"In\u00edcio","item":"https:\/\/adunir.com.br\/"},{"@type":"ListItem","position":2,"name":"NOTA DE PESAR &#8211; Jo\u00e3o Renato Medeiros de Melo e Silva"}]},{"@type":"WebSite","@id":"https:\/\/adunir.com.br\/#website","url":"https:\/\/adunir.com.br\/","name":"ADUNIR","description":"Associa\u00e7\u00e3o dos Docentes da Universidade Federal de Rond\u00f4nia - Se\u00e7\u00e3o Sindical","publisher":{"@id":"https:\/\/adunir.com.br\/#organization"},"potentialAction":[{"@type":"SearchAction","target":{"@type":"EntryPoint","urlTemplate":"https:\/\/adunir.com.br\/?s={search_term_string}"},"query-input":{"@type":"PropertyValueSpecification","valueRequired":true,"valueName":"search_term_string"}}],"inLanguage":"pt-BR"},{"@type":"Organization","@id":"https:\/\/adunir.com.br\/#organization","name":"Associa\u00e7\u00e3o dos Docentes da Universidade Federal de Rond\u00f4nia - ADUNIR","url":"https:\/\/adunir.com.br\/","logo":{"@type":"ImageObject","inLanguage":"pt-BR","@id":"https:\/\/adunir.com.br\/#\/schema\/logo\/image\/","url":"https:\/\/adunir.com.br\/wp-content\/uploads\/2023\/12\/cropped-logo_adunir.png","contentUrl":"https:\/\/adunir.com.br\/wp-content\/uploads\/2023\/12\/cropped-logo_adunir.png","width":982,"height":102,"caption":"Associa\u00e7\u00e3o dos Docentes da Universidade Federal de Rond\u00f4nia - ADUNIR"},"image":{"@id":"https:\/\/adunir.com.br\/#\/schema\/logo\/image\/"},"sameAs":["https:\/\/www.facebook.com\/adunirsecaosindical.andes\/"]},{"@type":"Person","@id":"https:\/\/adunir.com.br\/#\/schema\/person\/86b4aeb6bf6cab96151fb0ac140b8c48","name":"adunir","sameAs":["http:\/\/localhost\/wordpress"],"url":"https:\/\/adunir.com.br\/index.php\/author\/adunir\/"}]}},"uagb_featured_image_src":{"full":["https:\/\/adunir.com.br\/wp-content\/uploads\/2025\/12\/Design-sem-nome.png",1080,1440,false],"thumbnail":["https:\/\/adunir.com.br\/wp-content\/uploads\/2025\/12\/Design-sem-nome-150x150.png",150,150,true],"medium":["https:\/\/adunir.com.br\/wp-content\/uploads\/2025\/12\/Design-sem-nome-225x300.png",225,300,true],"medium_large":["https:\/\/adunir.com.br\/wp-content\/uploads\/2025\/12\/Design-sem-nome-768x1024.png",768,1024,true],"large":["https:\/\/adunir.com.br\/wp-content\/uploads\/2025\/12\/Design-sem-nome-768x1024.png",768,1024,true],"1536x1536":["https:\/\/adunir.com.br\/wp-content\/uploads\/2025\/12\/Design-sem-nome.png",1080,1440,false],"2048x2048":["https:\/\/adunir.com.br\/wp-content\/uploads\/2025\/12\/Design-sem-nome.png",1080,1440,false]},"uagb_author_info":{"display_name":"adunir","author_link":"https:\/\/adunir.com.br\/index.php\/author\/adunir\/"},"uagb_comment_info":0,"uagb_excerpt":"A ADUNIR \u2013 Se\u00e7\u00e3o Sindical do ANDES-SN \u2013 manifesta seu profundo pesar pelo falecimento do professor Jo\u00e3o Renato Medeiros de Melo e Silva, docente da Universidade Federal de Rond\u00f4nia (UNIR). O professor Jo\u00e3o Renato deixa um legado de dedica\u00e7\u00e3o ao ensino, \u00e0 pesquisa e \u00e0 forma\u00e7\u00e3o de in\u00fameras gera\u00e7\u00f5es de estudantes. Sua trajet\u00f3ria acad\u00eamica, marcada&hellip;","_links":{"self":[{"href":"https:\/\/adunir.com.br\/index.php\/wp-json\/wp\/v2\/posts\/3916","targetHints":{"allow":["GET"]}}],"collection":[{"href":"https:\/\/adunir.com.br\/index.php\/wp-json\/wp\/v2\/posts"}],"about":[{"href":"https:\/\/adunir.com.br\/index.php\/wp-json\/wp\/v2\/types\/post"}],"author":[{"embeddable":true,"href":"https:\/\/adunir.com.br\/index.php\/wp-json\/wp\/v2\/users\/1"}],"replies":[{"embeddable":true,"href":"https:\/\/adunir.com.br\/index.php\/wp-json\/wp\/v2\/comments?post=3916"}],"version-history":[{"count":1,"href":"https:\/\/adunir.com.br\/index.php\/wp-json\/wp\/v2\/posts\/3916\/revisions"}],"predecessor-version":[{"id":3919,"href":"https:\/\/adunir.com.br\/index.php\/wp-json\/wp\/v2\/posts\/3916\/revisions\/3919"}],"wp:featuredmedia":[{"embeddable":true,"href":"https:\/\/adunir.com.br\/index.php\/wp-json\/wp\/v2\/media\/3917"}],"wp:attachment":[{"href":"https:\/\/adunir.com.br\/index.php\/wp-json\/wp\/v2\/media?parent=3916"}],"wp:term":[{"taxonomy":"category","embeddable":true,"href":"https:\/\/adunir.com.br\/index.php\/wp-json\/wp\/v2\/categories?post=3916"},{"taxonomy":"post_tag","embeddable":true,"href":"https:\/\/adunir.com.br\/index.php\/wp-json\/wp\/v2\/tags?post=3916"}],"curies":[{"name":"wp","href":"https:\/\/api.w.org\/{rel}","templated":true}]}}