{"id":3921,"date":"2025-12-29T10:52:34","date_gmt":"2025-12-29T14:52:34","guid":{"rendered":"https:\/\/adunir.com.br\/?p=3921"},"modified":"2025-12-29T10:52:36","modified_gmt":"2025-12-29T14:52:36","slug":"nota-de-pesar-3","status":"publish","type":"post","link":"https:\/\/adunir.com.br\/index.php\/2025\/12\/29\/nota-de-pesar-3\/","title":{"rendered":"NOTA DE PESAR"},"content":{"rendered":"\n<p>Com profundo pesar, a ADUNIR \u2013 Associa\u00e7\u00e3o dos Docentes da Universidade Federal de Rond\u00f4nia \u2013 comunica o falecimento de Valdivino Crispim de Souza, pai do estimado professor Pedro Di Tarique Barreto Crispim.<\/p>\n\n\n\n<p>Valdivino Crispim de Souza deixa um legado marcado pela integridade, retid\u00e3o e dedica\u00e7\u00e3o, sendo lembrado como pai amoroso, exemplo de car\u00e1ter e honradez. Sua partida representa uma perda irrepar\u00e1vel n\u00e3o apenas para sua fam\u00edlia, mas tamb\u00e9m para todos que tiveram o privil\u00e9gio de conviver com ele.<\/p>\n\n\n\n<p>Neste momento de dor, a ADUNIR solidariza-se com o professor Pedro Di Tarique Barreto Crispim, seus familiares e amigos, expressando as mais sinceras condol\u00eancias e desejando for\u00e7a, serenidade e conforto para enfrentar esta dif\u00edcil despedida.<\/p>\n\n\n\n<!--more-->\n\n\n\n<p class=\"has-text-align-center\"><strong>ADUNIR \u2013 Associa\u00e7\u00e3o dos Docentes da Universidade Federal de Rond\u00f4nia<\/strong><\/p>\n\n\n\n<figure class=\"wp-block-image size-large\"><img loading=\"lazy\" decoding=\"async\" width=\"683\" height=\"1024\" src=\"https:\/\/adunir.com.br\/wp-content\/uploads\/2025\/12\/WhatsApp-Image-2025-12-29-at-10.24.02-1-683x1024.jpeg\" alt=\"\" class=\"wp-image-3923\" srcset=\"https:\/\/adunir.com.br\/wp-content\/uploads\/2025\/12\/WhatsApp-Image-2025-12-29-at-10.24.02-1-683x1024.jpeg 683w, https:\/\/adunir.com.br\/wp-content\/uploads\/2025\/12\/WhatsApp-Image-2025-12-29-at-10.24.02-1-200x300.jpeg 200w, https:\/\/adunir.com.br\/wp-content\/uploads\/2025\/12\/WhatsApp-Image-2025-12-29-at-10.24.02-1-768x1152.jpeg 768w, https:\/\/adunir.com.br\/wp-content\/uploads\/2025\/12\/WhatsApp-Image-2025-12-29-at-10.24.02-1.jpeg 1024w\" sizes=\"auto, (max-width: 683px) 100vw, 683px\" \/><\/figure>\n","protected":false},"excerpt":{"rendered":"<p>Com profundo pesar, a ADUNIR \u2013 Associa\u00e7\u00e3o dos Docentes da Universidade Federal de Rond\u00f4nia \u2013 comunica o falecimento de Valdivino Crispim de Souza, pai do estimado professor Pedro Di Tarique Barreto Crispim. Valdivino Crispim de Souza deixa um legado marcado pela integridade, retid\u00e3o e dedica\u00e7\u00e3o, sendo lembrado como pai amoroso, exemplo de car\u00e1ter e honradez. [&hellip;]<\/p>\n","protected":false},"author":1,"featured_media":3922,"comment_status":"closed","ping_status":"open","sticky":false,"template":"","format":"standard","meta":{"_uag_custom_page_level_css":"","footnotes":""},"categories":[5],"tags":[],"class_list":["post-3921","post","type-post","status-publish","format-standard","has-post-thumbnail","hentry","category-noticias"],"yoast_head":"<!-- This site is optimized with the Yoast SEO plugin v27.5 - https:\/\/yoast.com\/product\/yoast-seo-wordpress\/ -->\n<title>NOTA DE PESAR - ADUNIR<\/title>\n<meta name=\"robots\" content=\"index, follow, max-snippet:-1, max-image-preview:large, max-video-preview:-1\" \/>\n<link rel=\"canonical\" href=\"https:\/\/adunir.com.br\/index.php\/2025\/12\/29\/nota-de-pesar-3\/\" \/>\n<meta property=\"og:locale\" content=\"pt_BR\" \/>\n<meta property=\"og:type\" content=\"article\" \/>\n<meta property=\"og:title\" content=\"NOTA DE PESAR - ADUNIR\" \/>\n<meta property=\"og:description\" content=\"Com profundo pesar, a ADUNIR \u2013 Associa\u00e7\u00e3o dos Docentes da Universidade Federal de Rond\u00f4nia \u2013 comunica o falecimento de Valdivino Crispim de Souza, pai do estimado professor Pedro Di Tarique Barreto Crispim. Valdivino Crispim de Souza deixa um legado marcado pela integridade, retid\u00e3o e dedica\u00e7\u00e3o, sendo lembrado como pai amoroso, exemplo de car\u00e1ter e honradez. [&hellip;]\" \/>\n<meta property=\"og:url\" content=\"https:\/\/adunir.com.br\/index.php\/2025\/12\/29\/nota-de-pesar-3\/\" \/>\n<meta property=\"og:site_name\" content=\"ADUNIR\" \/>\n<meta property=\"article:publisher\" content=\"https:\/\/www.facebook.com\/adunirsecaosindical.andes\/\" \/>\n<meta property=\"article:published_time\" content=\"2025-12-29T14:52:34+00:00\" \/>\n<meta property=\"article:modified_time\" content=\"2025-12-29T14:52:36+00:00\" \/>\n<meta property=\"og:image\" content=\"https:\/\/adunir.com.br\/wp-content\/uploads\/2025\/12\/WhatsApp-Image-2025-12-29-at-10.24.02.jpeg\" \/>\n\t<meta property=\"og:image:width\" content=\"1024\" \/>\n\t<meta property=\"og:image:height\" content=\"1536\" \/>\n\t<meta property=\"og:image:type\" content=\"image\/jpeg\" \/>\n<meta name=\"author\" content=\"adunir\" \/>\n<meta name=\"twitter:card\" content=\"summary_large_image\" \/>\n<meta name=\"twitter:label1\" content=\"Escrito por\" \/>\n\t<meta name=\"twitter:data1\" content=\"adunir\" \/>\n\t<meta name=\"twitter:label2\" content=\"Est. tempo de leitura\" \/>\n\t<meta name=\"twitter:data2\" content=\"2 minutos\" \/>\n<script type=\"application\/ld+json\" class=\"yoast-schema-graph\">{\"@context\":\"https:\\\/\\\/schema.org\",\"@graph\":[{\"@type\":\"Article\",\"@id\":\"https:\\\/\\\/adunir.com.br\\\/index.php\\\/2025\\\/12\\\/29\\\/nota-de-pesar-3\\\/#article\",\"isPartOf\":{\"@id\":\"https:\\\/\\\/adunir.com.br\\\/index.php\\\/2025\\\/12\\\/29\\\/nota-de-pesar-3\\\/\"},\"author\":{\"name\":\"adunir\",\"@id\":\"https:\\\/\\\/adunir.com.br\\\/#\\\/schema\\\/person\\\/86b4aeb6bf6cab96151fb0ac140b8c48\"},\"headline\":\"NOTA DE PESAR\",\"datePublished\":\"2025-12-29T14:52:34+00:00\",\"dateModified\":\"2025-12-29T14:52:36+00:00\",\"mainEntityOfPage\":{\"@id\":\"https:\\\/\\\/adunir.com.br\\\/index.php\\\/2025\\\/12\\\/29\\\/nota-de-pesar-3\\\/\"},\"wordCount\":138,\"publisher\":{\"@id\":\"https:\\\/\\\/adunir.com.br\\\/#organization\"},\"image\":{\"@id\":\"https:\\\/\\\/adunir.com.br\\\/index.php\\\/2025\\\/12\\\/29\\\/nota-de-pesar-3\\\/#primaryimage\"},\"thumbnailUrl\":\"https:\\\/\\\/adunir.com.br\\\/wp-content\\\/uploads\\\/2025\\\/12\\\/WhatsApp-Image-2025-12-29-at-10.24.02.jpeg\",\"articleSection\":[\"Not\u00edcias\"],\"inLanguage\":\"pt-BR\"},{\"@type\":\"WebPage\",\"@id\":\"https:\\\/\\\/adunir.com.br\\\/index.php\\\/2025\\\/12\\\/29\\\/nota-de-pesar-3\\\/\",\"url\":\"https:\\\/\\\/adunir.com.br\\\/index.php\\\/2025\\\/12\\\/29\\\/nota-de-pesar-3\\\/\",\"name\":\"NOTA DE PESAR - ADUNIR\",\"isPartOf\":{\"@id\":\"https:\\\/\\\/adunir.com.br\\\/#website\"},\"primaryImageOfPage\":{\"@id\":\"https:\\\/\\\/adunir.com.br\\\/index.php\\\/2025\\\/12\\\/29\\\/nota-de-pesar-3\\\/#primaryimage\"},\"image\":{\"@id\":\"https:\\\/\\\/adunir.com.br\\\/index.php\\\/2025\\\/12\\\/29\\\/nota-de-pesar-3\\\/#primaryimage\"},\"thumbnailUrl\":\"https:\\\/\\\/adunir.com.br\\\/wp-content\\\/uploads\\\/2025\\\/12\\\/WhatsApp-Image-2025-12-29-at-10.24.02.jpeg\",\"datePublished\":\"2025-12-29T14:52:34+00:00\",\"dateModified\":\"2025-12-29T14:52:36+00:00\",\"breadcrumb\":{\"@id\":\"https:\\\/\\\/adunir.com.br\\\/index.php\\\/2025\\\/12\\\/29\\\/nota-de-pesar-3\\\/#breadcrumb\"},\"inLanguage\":\"pt-BR\",\"potentialAction\":[{\"@type\":\"ReadAction\",\"target\":[\"https:\\\/\\\/adunir.com.br\\\/index.php\\\/2025\\\/12\\\/29\\\/nota-de-pesar-3\\\/\"]}]},{\"@type\":\"ImageObject\",\"inLanguage\":\"pt-BR\",\"@id\":\"https:\\\/\\\/adunir.com.br\\\/index.php\\\/2025\\\/12\\\/29\\\/nota-de-pesar-3\\\/#primaryimage\",\"url\":\"https:\\\/\\\/adunir.com.br\\\/wp-content\\\/uploads\\\/2025\\\/12\\\/WhatsApp-Image-2025-12-29-at-10.24.02.jpeg\",\"contentUrl\":\"https:\\\/\\\/adunir.com.br\\\/wp-content\\\/uploads\\\/2025\\\/12\\\/WhatsApp-Image-2025-12-29-at-10.24.02.jpeg\",\"width\":1024,\"height\":1536},{\"@type\":\"BreadcrumbList\",\"@id\":\"https:\\\/\\\/adunir.com.br\\\/index.php\\\/2025\\\/12\\\/29\\\/nota-de-pesar-3\\\/#breadcrumb\",\"itemListElement\":[{\"@type\":\"ListItem\",\"position\":1,\"name\":\"In\u00edcio\",\"item\":\"https:\\\/\\\/adunir.com.br\\\/\"},{\"@type\":\"ListItem\",\"position\":2,\"name\":\"NOTA DE PESAR\"}]},{\"@type\":\"WebSite\",\"@id\":\"https:\\\/\\\/adunir.com.br\\\/#website\",\"url\":\"https:\\\/\\\/adunir.com.br\\\/\",\"name\":\"ADUNIR\",\"description\":\"Associa\u00e7\u00e3o dos Docentes da Universidade Federal de Rond\u00f4nia - Se\u00e7\u00e3o Sindical\",\"publisher\":{\"@id\":\"https:\\\/\\\/adunir.com.br\\\/#organization\"},\"potentialAction\":[{\"@type\":\"SearchAction\",\"target\":{\"@type\":\"EntryPoint\",\"urlTemplate\":\"https:\\\/\\\/adunir.com.br\\\/?s={search_term_string}\"},\"query-input\":{\"@type\":\"PropertyValueSpecification\",\"valueRequired\":true,\"valueName\":\"search_term_string\"}}],\"inLanguage\":\"pt-BR\"},{\"@type\":\"Organization\",\"@id\":\"https:\\\/\\\/adunir.com.br\\\/#organization\",\"name\":\"Associa\u00e7\u00e3o dos Docentes da Universidade Federal de Rond\u00f4nia - ADUNIR\",\"url\":\"https:\\\/\\\/adunir.com.br\\\/\",\"logo\":{\"@type\":\"ImageObject\",\"inLanguage\":\"pt-BR\",\"@id\":\"https:\\\/\\\/adunir.com.br\\\/#\\\/schema\\\/logo\\\/image\\\/\",\"url\":\"https:\\\/\\\/adunir.com.br\\\/wp-content\\\/uploads\\\/2023\\\/12\\\/cropped-logo_adunir.png\",\"contentUrl\":\"https:\\\/\\\/adunir.com.br\\\/wp-content\\\/uploads\\\/2023\\\/12\\\/cropped-logo_adunir.png\",\"width\":982,\"height\":102,\"caption\":\"Associa\u00e7\u00e3o dos Docentes da Universidade Federal de Rond\u00f4nia - ADUNIR\"},\"image\":{\"@id\":\"https:\\\/\\\/adunir.com.br\\\/#\\\/schema\\\/logo\\\/image\\\/\"},\"sameAs\":[\"https:\\\/\\\/www.facebook.com\\\/adunirsecaosindical.andes\\\/\"]},{\"@type\":\"Person\",\"@id\":\"https:\\\/\\\/adunir.com.br\\\/#\\\/schema\\\/person\\\/86b4aeb6bf6cab96151fb0ac140b8c48\",\"name\":\"adunir\",\"sameAs\":[\"http:\\\/\\\/localhost\\\/wordpress\"],\"url\":\"https:\\\/\\\/adunir.com.br\\\/index.php\\\/author\\\/adunir\\\/\"}]}<\/script>\n<!-- \/ Yoast SEO plugin. -->","yoast_head_json":{"title":"NOTA DE PESAR - ADUNIR","robots":{"index":"index","follow":"follow","max-snippet":"max-snippet:-1","max-image-preview":"max-image-preview:large","max-video-preview":"max-video-preview:-1"},"canonical":"https:\/\/adunir.com.br\/index.php\/2025\/12\/29\/nota-de-pesar-3\/","og_locale":"pt_BR","og_type":"article","og_title":"NOTA DE PESAR - ADUNIR","og_description":"Com profundo pesar, a ADUNIR \u2013 Associa\u00e7\u00e3o dos Docentes da Universidade Federal de Rond\u00f4nia \u2013 comunica o falecimento de Valdivino Crispim de Souza, pai do estimado professor Pedro Di Tarique Barreto Crispim. Valdivino Crispim de Souza deixa um legado marcado pela integridade, retid\u00e3o e dedica\u00e7\u00e3o, sendo lembrado como pai amoroso, exemplo de car\u00e1ter e honradez. [&hellip;]","og_url":"https:\/\/adunir.com.br\/index.php\/2025\/12\/29\/nota-de-pesar-3\/","og_site_name":"ADUNIR","article_publisher":"https:\/\/www.facebook.com\/adunirsecaosindical.andes\/","article_published_time":"2025-12-29T14:52:34+00:00","article_modified_time":"2025-12-29T14:52:36+00:00","og_image":[{"width":1024,"height":1536,"url":"https:\/\/adunir.com.br\/wp-content\/uploads\/2025\/12\/WhatsApp-Image-2025-12-29-at-10.24.02.jpeg","type":"image\/jpeg"}],"author":"adunir","twitter_card":"summary_large_image","twitter_misc":{"Escrito por":"adunir","Est. tempo de leitura":"2 minutos"},"schema":{"@context":"https:\/\/schema.org","@graph":[{"@type":"Article","@id":"https:\/\/adunir.com.br\/index.php\/2025\/12\/29\/nota-de-pesar-3\/#article","isPartOf":{"@id":"https:\/\/adunir.com.br\/index.php\/2025\/12\/29\/nota-de-pesar-3\/"},"author":{"name":"adunir","@id":"https:\/\/adunir.com.br\/#\/schema\/person\/86b4aeb6bf6cab96151fb0ac140b8c48"},"headline":"NOTA DE PESAR","datePublished":"2025-12-29T14:52:34+00:00","dateModified":"2025-12-29T14:52:36+00:00","mainEntityOfPage":{"@id":"https:\/\/adunir.com.br\/index.php\/2025\/12\/29\/nota-de-pesar-3\/"},"wordCount":138,"publisher":{"@id":"https:\/\/adunir.com.br\/#organization"},"image":{"@id":"https:\/\/adunir.com.br\/index.php\/2025\/12\/29\/nota-de-pesar-3\/#primaryimage"},"thumbnailUrl":"https:\/\/adunir.com.br\/wp-content\/uploads\/2025\/12\/WhatsApp-Image-2025-12-29-at-10.24.02.jpeg","articleSection":["Not\u00edcias"],"inLanguage":"pt-BR"},{"@type":"WebPage","@id":"https:\/\/adunir.com.br\/index.php\/2025\/12\/29\/nota-de-pesar-3\/","url":"https:\/\/adunir.com.br\/index.php\/2025\/12\/29\/nota-de-pesar-3\/","name":"NOTA DE PESAR - ADUNIR","isPartOf":{"@id":"https:\/\/adunir.com.br\/#website"},"primaryImageOfPage":{"@id":"https:\/\/adunir.com.br\/index.php\/2025\/12\/29\/nota-de-pesar-3\/#primaryimage"},"image":{"@id":"https:\/\/adunir.com.br\/index.php\/2025\/12\/29\/nota-de-pesar-3\/#primaryimage"},"thumbnailUrl":"https:\/\/adunir.com.br\/wp-content\/uploads\/2025\/12\/WhatsApp-Image-2025-12-29-at-10.24.02.jpeg","datePublished":"2025-12-29T14:52:34+00:00","dateModified":"2025-12-29T14:52:36+00:00","breadcrumb":{"@id":"https:\/\/adunir.com.br\/index.php\/2025\/12\/29\/nota-de-pesar-3\/#breadcrumb"},"inLanguage":"pt-BR","potentialAction":[{"@type":"ReadAction","target":["https:\/\/adunir.com.br\/index.php\/2025\/12\/29\/nota-de-pesar-3\/"]}]},{"@type":"ImageObject","inLanguage":"pt-BR","@id":"https:\/\/adunir.com.br\/index.php\/2025\/12\/29\/nota-de-pesar-3\/#primaryimage","url":"https:\/\/adunir.com.br\/wp-content\/uploads\/2025\/12\/WhatsApp-Image-2025-12-29-at-10.24.02.jpeg","contentUrl":"https:\/\/adunir.com.br\/wp-content\/uploads\/2025\/12\/WhatsApp-Image-2025-12-29-at-10.24.02.jpeg","width":1024,"height":1536},{"@type":"BreadcrumbList","@id":"https:\/\/adunir.com.br\/index.php\/2025\/12\/29\/nota-de-pesar-3\/#breadcrumb","itemListElement":[{"@type":"ListItem","position":1,"name":"In\u00edcio","item":"https:\/\/adunir.com.br\/"},{"@type":"ListItem","position":2,"name":"NOTA DE PESAR"}]},{"@type":"WebSite","@id":"https:\/\/adunir.com.br\/#website","url":"https:\/\/adunir.com.br\/","name":"ADUNIR","description":"Associa\u00e7\u00e3o dos Docentes da Universidade Federal de Rond\u00f4nia - Se\u00e7\u00e3o Sindical","publisher":{"@id":"https:\/\/adunir.com.br\/#organization"},"potentialAction":[{"@type":"SearchAction","target":{"@type":"EntryPoint","urlTemplate":"https:\/\/adunir.com.br\/?s={search_term_string}"},"query-input":{"@type":"PropertyValueSpecification","valueRequired":true,"valueName":"search_term_string"}}],"inLanguage":"pt-BR"},{"@type":"Organization","@id":"https:\/\/adunir.com.br\/#organization","name":"Associa\u00e7\u00e3o dos Docentes da Universidade Federal de Rond\u00f4nia - ADUNIR","url":"https:\/\/adunir.com.br\/","logo":{"@type":"ImageObject","inLanguage":"pt-BR","@id":"https:\/\/adunir.com.br\/#\/schema\/logo\/image\/","url":"https:\/\/adunir.com.br\/wp-content\/uploads\/2023\/12\/cropped-logo_adunir.png","contentUrl":"https:\/\/adunir.com.br\/wp-content\/uploads\/2023\/12\/cropped-logo_adunir.png","width":982,"height":102,"caption":"Associa\u00e7\u00e3o dos Docentes da Universidade Federal de Rond\u00f4nia - ADUNIR"},"image":{"@id":"https:\/\/adunir.com.br\/#\/schema\/logo\/image\/"},"sameAs":["https:\/\/www.facebook.com\/adunirsecaosindical.andes\/"]},{"@type":"Person","@id":"https:\/\/adunir.com.br\/#\/schema\/person\/86b4aeb6bf6cab96151fb0ac140b8c48","name":"adunir","sameAs":["http:\/\/localhost\/wordpress"],"url":"https:\/\/adunir.com.br\/index.php\/author\/adunir\/"}]}},"uagb_featured_image_src":{"full":["https:\/\/adunir.com.br\/wp-content\/uploads\/2025\/12\/WhatsApp-Image-2025-12-29-at-10.24.02.jpeg",1024,1536,false],"thumbnail":["https:\/\/adunir.com.br\/wp-content\/uploads\/2025\/12\/WhatsApp-Image-2025-12-29-at-10.24.02-150x150.jpeg",150,150,true],"medium":["https:\/\/adunir.com.br\/wp-content\/uploads\/2025\/12\/WhatsApp-Image-2025-12-29-at-10.24.02-200x300.jpeg",200,300,true],"medium_large":["https:\/\/adunir.com.br\/wp-content\/uploads\/2025\/12\/WhatsApp-Image-2025-12-29-at-10.24.02-768x1152.jpeg",768,1152,true],"large":["https:\/\/adunir.com.br\/wp-content\/uploads\/2025\/12\/WhatsApp-Image-2025-12-29-at-10.24.02-683x1024.jpeg",683,1024,true],"1536x1536":["https:\/\/adunir.com.br\/wp-content\/uploads\/2025\/12\/WhatsApp-Image-2025-12-29-at-10.24.02.jpeg",1024,1536,false],"2048x2048":["https:\/\/adunir.com.br\/wp-content\/uploads\/2025\/12\/WhatsApp-Image-2025-12-29-at-10.24.02.jpeg",1024,1536,false]},"uagb_author_info":{"display_name":"adunir","author_link":"https:\/\/adunir.com.br\/index.php\/author\/adunir\/"},"uagb_comment_info":0,"uagb_excerpt":"Com profundo pesar, a ADUNIR \u2013 Associa\u00e7\u00e3o dos Docentes da Universidade Federal de Rond\u00f4nia \u2013 comunica o falecimento de Valdivino Crispim de Souza, pai do estimado professor Pedro Di Tarique Barreto Crispim. Valdivino Crispim de Souza deixa um legado marcado pela integridade, retid\u00e3o e dedica\u00e7\u00e3o, sendo lembrado como pai amoroso, exemplo de car\u00e1ter e honradez.&hellip;","_links":{"self":[{"href":"https:\/\/adunir.com.br\/index.php\/wp-json\/wp\/v2\/posts\/3921","targetHints":{"allow":["GET"]}}],"collection":[{"href":"https:\/\/adunir.com.br\/index.php\/wp-json\/wp\/v2\/posts"}],"about":[{"href":"https:\/\/adunir.com.br\/index.php\/wp-json\/wp\/v2\/types\/post"}],"author":[{"embeddable":true,"href":"https:\/\/adunir.com.br\/index.php\/wp-json\/wp\/v2\/users\/1"}],"replies":[{"embeddable":true,"href":"https:\/\/adunir.com.br\/index.php\/wp-json\/wp\/v2\/comments?post=3921"}],"version-history":[{"count":1,"href":"https:\/\/adunir.com.br\/index.php\/wp-json\/wp\/v2\/posts\/3921\/revisions"}],"predecessor-version":[{"id":3924,"href":"https:\/\/adunir.com.br\/index.php\/wp-json\/wp\/v2\/posts\/3921\/revisions\/3924"}],"wp:featuredmedia":[{"embeddable":true,"href":"https:\/\/adunir.com.br\/index.php\/wp-json\/wp\/v2\/media\/3922"}],"wp:attachment":[{"href":"https:\/\/adunir.com.br\/index.php\/wp-json\/wp\/v2\/media?parent=3921"}],"wp:term":[{"taxonomy":"category","embeddable":true,"href":"https:\/\/adunir.com.br\/index.php\/wp-json\/wp\/v2\/categories?post=3921"},{"taxonomy":"post_tag","embeddable":true,"href":"https:\/\/adunir.com.br\/index.php\/wp-json\/wp\/v2\/tags?post=3921"}],"curies":[{"name":"wp","href":"https:\/\/api.w.org\/{rel}","templated":true}]}}