{"id":3964,"date":"2026-04-30T16:36:45","date_gmt":"2026-04-30T20:36:45","guid":{"rendered":"https:\/\/adunir.com.br\/?p=3964"},"modified":"2026-04-30T16:43:37","modified_gmt":"2026-04-30T20:43:37","slug":"convocacao-de-assembleia-geral-ordinaria-adunir","status":"publish","type":"post","link":"https:\/\/adunir.com.br\/index.php\/2026\/04\/30\/convocacao-de-assembleia-geral-ordinaria-adunir\/","title":{"rendered":"CONVOCA\u00c7\u00c3O DE ASSEMBLEIA GERAL ORDIN\u00c1RIA \u2013 ADUNIR"},"content":{"rendered":"\n<p>A Associa\u00e7\u00e3o dos Docentes da Universidade Federal de Rond\u00f4nia \u2013 ADUNIR-SSIND \u2013 Se\u00e7\u00e3o Sindical do ANDES-SN, convoca os(as) docentes associados(as) e convida todos(as) os(as) docentes interessados(as) na pauta abaixo para uma Assembleia Geral Ordin\u00e1ria, a realizar-se no dia 06 de maio de 2026 (quarta-feira), \u00e0s 15h, centralizado no audit\u00f3rio da UNIR Centro, Porto Velho e por videoconfer\u00eancia simult\u00e2nea nos demais campi da UNIR.<\/p>\n\n\n\n<!--more-->\n\n\n\n<p>PAUTA:<\/p>\n\n\n\n<ul class=\"wp-block-list\">\n<li>Informes;<\/li>\n\n\n\n<li>Sele\u00e7\u00e3o de delegado(a) ao 69\u00ba CONAD (03 a 05 de julho, em S\u00e3o Lu\u00eds);<\/li>\n\n\n\n<li>Indicativo de paralisa\u00e7\u00e3o referente ao acordo de greve 10\/2024;<\/li>\n\n\n\n<li>Semin\u00e1rio Mem\u00f3ria, Verdade, Justi\u00e7a e Repara\u00e7\u00e3o (19 a 21 de junho);<\/li>\n\n\n\n<li>Reuni\u00e3o do GT Hist\u00f3ria do Movimento Docente (19 a 21 de junho).<\/li>\n<\/ul>\n\n\n\n<p class=\"has-text-align-right\">Porto Velho, 30 de abril de 2026.<\/p>\n\n\n\n<p class=\"has-text-align-center\">Otac\u00edlio Moreira de Carvalho Costa<\/p>\n\n\n\n<p class=\"has-text-align-center\"><strong>Presidente da ADUNIR-SSIND ANDES-SN<\/strong><\/p>\n\n\n\n<p><\/p>\n","protected":false},"excerpt":{"rendered":"<p>A Associa\u00e7\u00e3o dos Docentes da Universidade Federal de Rond\u00f4nia \u2013 ADUNIR-SSIND \u2013 Se\u00e7\u00e3o Sindical do ANDES-SN, convoca os(as) docentes associados(as) e convida todos(as) os(as) docentes interessados(as) na pauta abaixo para uma Assembleia Geral Ordin\u00e1ria, a realizar-se no dia 06 de maio de 2026 (quarta-feira), \u00e0s 15h, centralizado no audit\u00f3rio da UNIR Centro, Porto Velho e [&hellip;]<\/p>\n","protected":false},"author":1,"featured_media":3965,"comment_status":"closed","ping_status":"open","sticky":false,"template":"","format":"standard","meta":{"_uag_custom_page_level_css":"","footnotes":""},"categories":[5],"tags":[],"class_list":["post-3964","post","type-post","status-publish","format-standard","has-post-thumbnail","hentry","category-noticias"],"yoast_head":"<!-- This site is optimized with the Yoast SEO plugin v27.5 - https:\/\/yoast.com\/product\/yoast-seo-wordpress\/ -->\n<title>CONVOCA\u00c7\u00c3O DE ASSEMBLEIA GERAL ORDIN\u00c1RIA \u2013 ADUNIR - ADUNIR<\/title>\n<meta name=\"robots\" content=\"index, follow, max-snippet:-1, max-image-preview:large, max-video-preview:-1\" \/>\n<link rel=\"canonical\" href=\"https:\/\/adunir.com.br\/index.php\/2026\/04\/30\/convocacao-de-assembleia-geral-ordinaria-adunir\/\" \/>\n<meta property=\"og:locale\" content=\"pt_BR\" \/>\n<meta property=\"og:type\" content=\"article\" \/>\n<meta property=\"og:title\" content=\"CONVOCA\u00c7\u00c3O DE ASSEMBLEIA GERAL ORDIN\u00c1RIA \u2013 ADUNIR - ADUNIR\" \/>\n<meta property=\"og:description\" content=\"A Associa\u00e7\u00e3o dos Docentes da Universidade Federal de Rond\u00f4nia \u2013 ADUNIR-SSIND \u2013 Se\u00e7\u00e3o Sindical do ANDES-SN, convoca os(as) docentes associados(as) e convida todos(as) os(as) docentes interessados(as) na pauta abaixo para uma Assembleia Geral Ordin\u00e1ria, a realizar-se no dia 06 de maio de 2026 (quarta-feira), \u00e0s 15h, centralizado no audit\u00f3rio da UNIR Centro, Porto Velho e [&hellip;]\" \/>\n<meta property=\"og:url\" content=\"https:\/\/adunir.com.br\/index.php\/2026\/04\/30\/convocacao-de-assembleia-geral-ordinaria-adunir\/\" \/>\n<meta property=\"og:site_name\" content=\"ADUNIR\" \/>\n<meta property=\"article:publisher\" content=\"https:\/\/www.facebook.com\/adunirsecaosindical.andes\/\" \/>\n<meta property=\"article:published_time\" content=\"2026-04-30T20:36:45+00:00\" \/>\n<meta property=\"article:modified_time\" content=\"2026-04-30T20:43:37+00:00\" \/>\n<meta property=\"og:image\" content=\"https:\/\/adunir.com.br\/wp-content\/uploads\/2026\/04\/ASSEMBLEIA-ADUNIR-06-DE-MAIO-DE-2026-1-e1777581371457.png\" \/>\n\t<meta property=\"og:image:width\" content=\"1080\" \/>\n\t<meta property=\"og:image:height\" content=\"295\" \/>\n\t<meta property=\"og:image:type\" content=\"image\/png\" \/>\n<meta name=\"author\" content=\"adunir\" \/>\n<meta name=\"twitter:card\" content=\"summary_large_image\" \/>\n<meta name=\"twitter:label1\" content=\"Escrito por\" \/>\n\t<meta name=\"twitter:data1\" content=\"adunir\" \/>\n\t<meta name=\"twitter:label2\" content=\"Est. tempo de leitura\" \/>\n\t<meta name=\"twitter:data2\" content=\"1 minuto\" \/>\n<script type=\"application\/ld+json\" class=\"yoast-schema-graph\">{\"@context\":\"https:\\\/\\\/schema.org\",\"@graph\":[{\"@type\":\"Article\",\"@id\":\"https:\\\/\\\/adunir.com.br\\\/index.php\\\/2026\\\/04\\\/30\\\/convocacao-de-assembleia-geral-ordinaria-adunir\\\/#article\",\"isPartOf\":{\"@id\":\"https:\\\/\\\/adunir.com.br\\\/index.php\\\/2026\\\/04\\\/30\\\/convocacao-de-assembleia-geral-ordinaria-adunir\\\/\"},\"author\":{\"name\":\"adunir\",\"@id\":\"https:\\\/\\\/adunir.com.br\\\/#\\\/schema\\\/person\\\/86b4aeb6bf6cab96151fb0ac140b8c48\"},\"headline\":\"CONVOCA\u00c7\u00c3O DE ASSEMBLEIA GERAL ORDIN\u00c1RIA \u2013 ADUNIR\",\"datePublished\":\"2026-04-30T20:36:45+00:00\",\"dateModified\":\"2026-04-30T20:43:37+00:00\",\"mainEntityOfPage\":{\"@id\":\"https:\\\/\\\/adunir.com.br\\\/index.php\\\/2026\\\/04\\\/30\\\/convocacao-de-assembleia-geral-ordinaria-adunir\\\/\"},\"wordCount\":145,\"publisher\":{\"@id\":\"https:\\\/\\\/adunir.com.br\\\/#organization\"},\"image\":{\"@id\":\"https:\\\/\\\/adunir.com.br\\\/index.php\\\/2026\\\/04\\\/30\\\/convocacao-de-assembleia-geral-ordinaria-adunir\\\/#primaryimage\"},\"thumbnailUrl\":\"https:\\\/\\\/adunir.com.br\\\/wp-content\\\/uploads\\\/2026\\\/04\\\/ASSEMBLEIA-ADUNIR-06-DE-MAIO-DE-2026-1-e1777581371457.png\",\"articleSection\":[\"Not\u00edcias\"],\"inLanguage\":\"pt-BR\"},{\"@type\":\"WebPage\",\"@id\":\"https:\\\/\\\/adunir.com.br\\\/index.php\\\/2026\\\/04\\\/30\\\/convocacao-de-assembleia-geral-ordinaria-adunir\\\/\",\"url\":\"https:\\\/\\\/adunir.com.br\\\/index.php\\\/2026\\\/04\\\/30\\\/convocacao-de-assembleia-geral-ordinaria-adunir\\\/\",\"name\":\"CONVOCA\u00c7\u00c3O DE ASSEMBLEIA GERAL ORDIN\u00c1RIA \u2013 ADUNIR - ADUNIR\",\"isPartOf\":{\"@id\":\"https:\\\/\\\/adunir.com.br\\\/#website\"},\"primaryImageOfPage\":{\"@id\":\"https:\\\/\\\/adunir.com.br\\\/index.php\\\/2026\\\/04\\\/30\\\/convocacao-de-assembleia-geral-ordinaria-adunir\\\/#primaryimage\"},\"image\":{\"@id\":\"https:\\\/\\\/adunir.com.br\\\/index.php\\\/2026\\\/04\\\/30\\\/convocacao-de-assembleia-geral-ordinaria-adunir\\\/#primaryimage\"},\"thumbnailUrl\":\"https:\\\/\\\/adunir.com.br\\\/wp-content\\\/uploads\\\/2026\\\/04\\\/ASSEMBLEIA-ADUNIR-06-DE-MAIO-DE-2026-1-e1777581371457.png\",\"datePublished\":\"2026-04-30T20:36:45+00:00\",\"dateModified\":\"2026-04-30T20:43:37+00:00\",\"breadcrumb\":{\"@id\":\"https:\\\/\\\/adunir.com.br\\\/index.php\\\/2026\\\/04\\\/30\\\/convocacao-de-assembleia-geral-ordinaria-adunir\\\/#breadcrumb\"},\"inLanguage\":\"pt-BR\",\"potentialAction\":[{\"@type\":\"ReadAction\",\"target\":[\"https:\\\/\\\/adunir.com.br\\\/index.php\\\/2026\\\/04\\\/30\\\/convocacao-de-assembleia-geral-ordinaria-adunir\\\/\"]}]},{\"@type\":\"ImageObject\",\"inLanguage\":\"pt-BR\",\"@id\":\"https:\\\/\\\/adunir.com.br\\\/index.php\\\/2026\\\/04\\\/30\\\/convocacao-de-assembleia-geral-ordinaria-adunir\\\/#primaryimage\",\"url\":\"https:\\\/\\\/adunir.com.br\\\/wp-content\\\/uploads\\\/2026\\\/04\\\/ASSEMBLEIA-ADUNIR-06-DE-MAIO-DE-2026-1-e1777581371457.png\",\"contentUrl\":\"https:\\\/\\\/adunir.com.br\\\/wp-content\\\/uploads\\\/2026\\\/04\\\/ASSEMBLEIA-ADUNIR-06-DE-MAIO-DE-2026-1-e1777581371457.png\",\"width\":1080,\"height\":295},{\"@type\":\"BreadcrumbList\",\"@id\":\"https:\\\/\\\/adunir.com.br\\\/index.php\\\/2026\\\/04\\\/30\\\/convocacao-de-assembleia-geral-ordinaria-adunir\\\/#breadcrumb\",\"itemListElement\":[{\"@type\":\"ListItem\",\"position\":1,\"name\":\"In\u00edcio\",\"item\":\"https:\\\/\\\/adunir.com.br\\\/\"},{\"@type\":\"ListItem\",\"position\":2,\"name\":\"CONVOCA\u00c7\u00c3O DE ASSEMBLEIA GERAL ORDIN\u00c1RIA \u2013 ADUNIR\"}]},{\"@type\":\"WebSite\",\"@id\":\"https:\\\/\\\/adunir.com.br\\\/#website\",\"url\":\"https:\\\/\\\/adunir.com.br\\\/\",\"name\":\"ADUNIR\",\"description\":\"Associa\u00e7\u00e3o dos Docentes da Universidade Federal de Rond\u00f4nia - Se\u00e7\u00e3o Sindical\",\"publisher\":{\"@id\":\"https:\\\/\\\/adunir.com.br\\\/#organization\"},\"potentialAction\":[{\"@type\":\"SearchAction\",\"target\":{\"@type\":\"EntryPoint\",\"urlTemplate\":\"https:\\\/\\\/adunir.com.br\\\/?s={search_term_string}\"},\"query-input\":{\"@type\":\"PropertyValueSpecification\",\"valueRequired\":true,\"valueName\":\"search_term_string\"}}],\"inLanguage\":\"pt-BR\"},{\"@type\":\"Organization\",\"@id\":\"https:\\\/\\\/adunir.com.br\\\/#organization\",\"name\":\"Associa\u00e7\u00e3o dos Docentes da Universidade Federal de Rond\u00f4nia - ADUNIR\",\"url\":\"https:\\\/\\\/adunir.com.br\\\/\",\"logo\":{\"@type\":\"ImageObject\",\"inLanguage\":\"pt-BR\",\"@id\":\"https:\\\/\\\/adunir.com.br\\\/#\\\/schema\\\/logo\\\/image\\\/\",\"url\":\"https:\\\/\\\/adunir.com.br\\\/wp-content\\\/uploads\\\/2023\\\/12\\\/cropped-logo_adunir.png\",\"contentUrl\":\"https:\\\/\\\/adunir.com.br\\\/wp-content\\\/uploads\\\/2023\\\/12\\\/cropped-logo_adunir.png\",\"width\":982,\"height\":102,\"caption\":\"Associa\u00e7\u00e3o dos Docentes da Universidade Federal de Rond\u00f4nia - ADUNIR\"},\"image\":{\"@id\":\"https:\\\/\\\/adunir.com.br\\\/#\\\/schema\\\/logo\\\/image\\\/\"},\"sameAs\":[\"https:\\\/\\\/www.facebook.com\\\/adunirsecaosindical.andes\\\/\"]},{\"@type\":\"Person\",\"@id\":\"https:\\\/\\\/adunir.com.br\\\/#\\\/schema\\\/person\\\/86b4aeb6bf6cab96151fb0ac140b8c48\",\"name\":\"adunir\",\"sameAs\":[\"http:\\\/\\\/localhost\\\/wordpress\"],\"url\":\"https:\\\/\\\/adunir.com.br\\\/index.php\\\/author\\\/adunir\\\/\"}]}<\/script>\n<!-- \/ Yoast SEO plugin. -->","yoast_head_json":{"title":"CONVOCA\u00c7\u00c3O DE ASSEMBLEIA GERAL ORDIN\u00c1RIA \u2013 ADUNIR - ADUNIR","robots":{"index":"index","follow":"follow","max-snippet":"max-snippet:-1","max-image-preview":"max-image-preview:large","max-video-preview":"max-video-preview:-1"},"canonical":"https:\/\/adunir.com.br\/index.php\/2026\/04\/30\/convocacao-de-assembleia-geral-ordinaria-adunir\/","og_locale":"pt_BR","og_type":"article","og_title":"CONVOCA\u00c7\u00c3O DE ASSEMBLEIA GERAL ORDIN\u00c1RIA \u2013 ADUNIR - ADUNIR","og_description":"A Associa\u00e7\u00e3o dos Docentes da Universidade Federal de Rond\u00f4nia \u2013 ADUNIR-SSIND \u2013 Se\u00e7\u00e3o Sindical do ANDES-SN, convoca os(as) docentes associados(as) e convida todos(as) os(as) docentes interessados(as) na pauta abaixo para uma Assembleia Geral Ordin\u00e1ria, a realizar-se no dia 06 de maio de 2026 (quarta-feira), \u00e0s 15h, centralizado no audit\u00f3rio da UNIR Centro, Porto Velho e [&hellip;]","og_url":"https:\/\/adunir.com.br\/index.php\/2026\/04\/30\/convocacao-de-assembleia-geral-ordinaria-adunir\/","og_site_name":"ADUNIR","article_publisher":"https:\/\/www.facebook.com\/adunirsecaosindical.andes\/","article_published_time":"2026-04-30T20:36:45+00:00","article_modified_time":"2026-04-30T20:43:37+00:00","og_image":[{"width":1080,"height":295,"url":"https:\/\/adunir.com.br\/wp-content\/uploads\/2026\/04\/ASSEMBLEIA-ADUNIR-06-DE-MAIO-DE-2026-1-e1777581371457.png","type":"image\/png"}],"author":"adunir","twitter_card":"summary_large_image","twitter_misc":{"Escrito por":"adunir","Est. tempo de leitura":"1 minuto"},"schema":{"@context":"https:\/\/schema.org","@graph":[{"@type":"Article","@id":"https:\/\/adunir.com.br\/index.php\/2026\/04\/30\/convocacao-de-assembleia-geral-ordinaria-adunir\/#article","isPartOf":{"@id":"https:\/\/adunir.com.br\/index.php\/2026\/04\/30\/convocacao-de-assembleia-geral-ordinaria-adunir\/"},"author":{"name":"adunir","@id":"https:\/\/adunir.com.br\/#\/schema\/person\/86b4aeb6bf6cab96151fb0ac140b8c48"},"headline":"CONVOCA\u00c7\u00c3O DE ASSEMBLEIA GERAL ORDIN\u00c1RIA \u2013 ADUNIR","datePublished":"2026-04-30T20:36:45+00:00","dateModified":"2026-04-30T20:43:37+00:00","mainEntityOfPage":{"@id":"https:\/\/adunir.com.br\/index.php\/2026\/04\/30\/convocacao-de-assembleia-geral-ordinaria-adunir\/"},"wordCount":145,"publisher":{"@id":"https:\/\/adunir.com.br\/#organization"},"image":{"@id":"https:\/\/adunir.com.br\/index.php\/2026\/04\/30\/convocacao-de-assembleia-geral-ordinaria-adunir\/#primaryimage"},"thumbnailUrl":"https:\/\/adunir.com.br\/wp-content\/uploads\/2026\/04\/ASSEMBLEIA-ADUNIR-06-DE-MAIO-DE-2026-1-e1777581371457.png","articleSection":["Not\u00edcias"],"inLanguage":"pt-BR"},{"@type":"WebPage","@id":"https:\/\/adunir.com.br\/index.php\/2026\/04\/30\/convocacao-de-assembleia-geral-ordinaria-adunir\/","url":"https:\/\/adunir.com.br\/index.php\/2026\/04\/30\/convocacao-de-assembleia-geral-ordinaria-adunir\/","name":"CONVOCA\u00c7\u00c3O DE ASSEMBLEIA GERAL ORDIN\u00c1RIA \u2013 ADUNIR - ADUNIR","isPartOf":{"@id":"https:\/\/adunir.com.br\/#website"},"primaryImageOfPage":{"@id":"https:\/\/adunir.com.br\/index.php\/2026\/04\/30\/convocacao-de-assembleia-geral-ordinaria-adunir\/#primaryimage"},"image":{"@id":"https:\/\/adunir.com.br\/index.php\/2026\/04\/30\/convocacao-de-assembleia-geral-ordinaria-adunir\/#primaryimage"},"thumbnailUrl":"https:\/\/adunir.com.br\/wp-content\/uploads\/2026\/04\/ASSEMBLEIA-ADUNIR-06-DE-MAIO-DE-2026-1-e1777581371457.png","datePublished":"2026-04-30T20:36:45+00:00","dateModified":"2026-04-30T20:43:37+00:00","breadcrumb":{"@id":"https:\/\/adunir.com.br\/index.php\/2026\/04\/30\/convocacao-de-assembleia-geral-ordinaria-adunir\/#breadcrumb"},"inLanguage":"pt-BR","potentialAction":[{"@type":"ReadAction","target":["https:\/\/adunir.com.br\/index.php\/2026\/04\/30\/convocacao-de-assembleia-geral-ordinaria-adunir\/"]}]},{"@type":"ImageObject","inLanguage":"pt-BR","@id":"https:\/\/adunir.com.br\/index.php\/2026\/04\/30\/convocacao-de-assembleia-geral-ordinaria-adunir\/#primaryimage","url":"https:\/\/adunir.com.br\/wp-content\/uploads\/2026\/04\/ASSEMBLEIA-ADUNIR-06-DE-MAIO-DE-2026-1-e1777581371457.png","contentUrl":"https:\/\/adunir.com.br\/wp-content\/uploads\/2026\/04\/ASSEMBLEIA-ADUNIR-06-DE-MAIO-DE-2026-1-e1777581371457.png","width":1080,"height":295},{"@type":"BreadcrumbList","@id":"https:\/\/adunir.com.br\/index.php\/2026\/04\/30\/convocacao-de-assembleia-geral-ordinaria-adunir\/#breadcrumb","itemListElement":[{"@type":"ListItem","position":1,"name":"In\u00edcio","item":"https:\/\/adunir.com.br\/"},{"@type":"ListItem","position":2,"name":"CONVOCA\u00c7\u00c3O DE ASSEMBLEIA GERAL ORDIN\u00c1RIA \u2013 ADUNIR"}]},{"@type":"WebSite","@id":"https:\/\/adunir.com.br\/#website","url":"https:\/\/adunir.com.br\/","name":"ADUNIR","description":"Associa\u00e7\u00e3o dos Docentes da Universidade Federal de Rond\u00f4nia - Se\u00e7\u00e3o Sindical","publisher":{"@id":"https:\/\/adunir.com.br\/#organization"},"potentialAction":[{"@type":"SearchAction","target":{"@type":"EntryPoint","urlTemplate":"https:\/\/adunir.com.br\/?s={search_term_string}"},"query-input":{"@type":"PropertyValueSpecification","valueRequired":true,"valueName":"search_term_string"}}],"inLanguage":"pt-BR"},{"@type":"Organization","@id":"https:\/\/adunir.com.br\/#organization","name":"Associa\u00e7\u00e3o dos Docentes da Universidade Federal de Rond\u00f4nia - ADUNIR","url":"https:\/\/adunir.com.br\/","logo":{"@type":"ImageObject","inLanguage":"pt-BR","@id":"https:\/\/adunir.com.br\/#\/schema\/logo\/image\/","url":"https:\/\/adunir.com.br\/wp-content\/uploads\/2023\/12\/cropped-logo_adunir.png","contentUrl":"https:\/\/adunir.com.br\/wp-content\/uploads\/2023\/12\/cropped-logo_adunir.png","width":982,"height":102,"caption":"Associa\u00e7\u00e3o dos Docentes da Universidade Federal de Rond\u00f4nia - ADUNIR"},"image":{"@id":"https:\/\/adunir.com.br\/#\/schema\/logo\/image\/"},"sameAs":["https:\/\/www.facebook.com\/adunirsecaosindical.andes\/"]},{"@type":"Person","@id":"https:\/\/adunir.com.br\/#\/schema\/person\/86b4aeb6bf6cab96151fb0ac140b8c48","name":"adunir","sameAs":["http:\/\/localhost\/wordpress"],"url":"https:\/\/adunir.com.br\/index.php\/author\/adunir\/"}]}},"uagb_featured_image_src":{"full":["https:\/\/adunir.com.br\/wp-content\/uploads\/2026\/04\/ASSEMBLEIA-ADUNIR-06-DE-MAIO-DE-2026-1-e1777581371457.png",1080,295,false],"thumbnail":["https:\/\/adunir.com.br\/wp-content\/uploads\/2026\/04\/ASSEMBLEIA-ADUNIR-06-DE-MAIO-DE-2026-1-e1777581371457-150x150.png",150,150,true],"medium":["https:\/\/adunir.com.br\/wp-content\/uploads\/2026\/04\/ASSEMBLEIA-ADUNIR-06-DE-MAIO-DE-2026-1-e1777581371457-300x82.png",300,82,true],"medium_large":["https:\/\/adunir.com.br\/wp-content\/uploads\/2026\/04\/ASSEMBLEIA-ADUNIR-06-DE-MAIO-DE-2026-1-e1777581371457-768x210.png",768,210,true],"large":["https:\/\/adunir.com.br\/wp-content\/uploads\/2026\/04\/ASSEMBLEIA-ADUNIR-06-DE-MAIO-DE-2026-1-e1777581371457-1024x280.png",1024,280,true],"1536x1536":["https:\/\/adunir.com.br\/wp-content\/uploads\/2026\/04\/ASSEMBLEIA-ADUNIR-06-DE-MAIO-DE-2026-1-e1777581371457.png",1080,295,false],"2048x2048":["https:\/\/adunir.com.br\/wp-content\/uploads\/2026\/04\/ASSEMBLEIA-ADUNIR-06-DE-MAIO-DE-2026-1-e1777581371457.png",1080,295,false]},"uagb_author_info":{"display_name":"adunir","author_link":"https:\/\/adunir.com.br\/index.php\/author\/adunir\/"},"uagb_comment_info":0,"uagb_excerpt":"A Associa\u00e7\u00e3o dos Docentes da Universidade Federal de Rond\u00f4nia \u2013 ADUNIR-SSIND \u2013 Se\u00e7\u00e3o Sindical do ANDES-SN, convoca os(as) docentes associados(as) e convida todos(as) os(as) docentes interessados(as) na pauta abaixo para uma Assembleia Geral Ordin\u00e1ria, a realizar-se no dia 06 de maio de 2026 (quarta-feira), \u00e0s 15h, centralizado no audit\u00f3rio da UNIR Centro, Porto Velho e&hellip;","_links":{"self":[{"href":"https:\/\/adunir.com.br\/index.php\/wp-json\/wp\/v2\/posts\/3964","targetHints":{"allow":["GET"]}}],"collection":[{"href":"https:\/\/adunir.com.br\/index.php\/wp-json\/wp\/v2\/posts"}],"about":[{"href":"https:\/\/adunir.com.br\/index.php\/wp-json\/wp\/v2\/types\/post"}],"author":[{"embeddable":true,"href":"https:\/\/adunir.com.br\/index.php\/wp-json\/wp\/v2\/users\/1"}],"replies":[{"embeddable":true,"href":"https:\/\/adunir.com.br\/index.php\/wp-json\/wp\/v2\/comments?post=3964"}],"version-history":[{"count":2,"href":"https:\/\/adunir.com.br\/index.php\/wp-json\/wp\/v2\/posts\/3964\/revisions"}],"predecessor-version":[{"id":3967,"href":"https:\/\/adunir.com.br\/index.php\/wp-json\/wp\/v2\/posts\/3964\/revisions\/3967"}],"wp:featuredmedia":[{"embeddable":true,"href":"https:\/\/adunir.com.br\/index.php\/wp-json\/wp\/v2\/media\/3965"}],"wp:attachment":[{"href":"https:\/\/adunir.com.br\/index.php\/wp-json\/wp\/v2\/media?parent=3964"}],"wp:term":[{"taxonomy":"category","embeddable":true,"href":"https:\/\/adunir.com.br\/index.php\/wp-json\/wp\/v2\/categories?post=3964"},{"taxonomy":"post_tag","embeddable":true,"href":"https:\/\/adunir.com.br\/index.php\/wp-json\/wp\/v2\/tags?post=3964"}],"curies":[{"name":"wp","href":"https:\/\/api.w.org\/{rel}","templated":true}]}}