{"id":3968,"date":"2026-04-30T17:58:04","date_gmt":"2026-04-30T21:58:04","guid":{"rendered":"https:\/\/adunir.com.br\/?p=3968"},"modified":"2026-04-30T17:58:05","modified_gmt":"2026-04-30T21:58:05","slug":"1o-de-maio-dia-do-trabalhador","status":"publish","type":"post","link":"https:\/\/adunir.com.br\/index.php\/2026\/04\/30\/1o-de-maio-dia-do-trabalhador\/","title":{"rendered":"1\u00ba de Maio \u2014 Dia do Trabalhador"},"content":{"rendered":"\n<p>Neste 1\u00ba de Maio, data hist\u00f3rica de resist\u00eancia da classe trabalhadora, a ADUNIR sa\u00fada todos os docentes, t\u00e9cnicos e demais trabalhadores da Universidade Federal de Rond\u00f4nia e do conjunto da sociedade rondoniense.<\/p>\n\n\n\n<!--more-->\n\n\n\n<p>A cria\u00e7\u00e3o de riqueza, o funcionamento da universidade p\u00fablica e o progresso da na\u00e7\u00e3o repousam sobre ombros que trabalham, ensinam, pesquisam, administram e constroem, muitas vezes sob condi\u00e7\u00f5es adversas, baixos sal\u00e1rios e permanente desvaloriza\u00e7\u00e3o.<\/p>\n\n\n\n<p>Nenhuma homenagem ret\u00f3rica substitui a dignidade material. O que celebramos, neste dia, \u00e9 a luta organizada: a jornada de oito horas, o direito \u00e0 greve, a estabilidade no emprego, a previd\u00eancia p\u00fablica e o or\u00e7amento robusto para a educa\u00e7\u00e3o. Conquistas que n\u00e3o foram dadas por decreto, mas arrancadas da explora\u00e7\u00e3o pela unidade dos trabalhadores, e mesmo nos \u00faltimos anos estando sob ataque.<\/p>\n\n\n\n<p>A ADUNIR reafirma seu compromisso com a defesa intransigente do servi\u00e7o p\u00fablico, do ensino gratuito, da autonomia universit\u00e1ria e da valoriza\u00e7\u00e3o de todas as categorias que sustentam a universidade. E lembra: a luta n\u00e3o terminou. O 1\u00ba de Maio \u00e9, antes de tudo, um chamamento \u00e0 organiza\u00e7\u00e3o e \u00e0 vigil\u00e2ncia.<\/p>\n\n\n\n<p class=\"has-text-align-center\">Trabalhadores do mundo, uni-vos!<\/p>\n\n\n\n<p class=\"has-text-align-center\">ADUNIR \u2014 Somos classe, n\u00e3o mercadoria.<\/p>\n\n\n\n<figure class=\"wp-block-image size-large\"><img loading=\"lazy\" decoding=\"async\" width=\"1024\" height=\"1024\" src=\"https:\/\/adunir.com.br\/wp-content\/uploads\/2026\/04\/dia-do-trabalhador-adunir-2026-1-1024x1024.png\" alt=\"\" class=\"wp-image-3970\" srcset=\"https:\/\/adunir.com.br\/wp-content\/uploads\/2026\/04\/dia-do-trabalhador-adunir-2026-1-1024x1024.png 1024w, https:\/\/adunir.com.br\/wp-content\/uploads\/2026\/04\/dia-do-trabalhador-adunir-2026-1-300x300.png 300w, https:\/\/adunir.com.br\/wp-content\/uploads\/2026\/04\/dia-do-trabalhador-adunir-2026-1-150x150.png 150w, https:\/\/adunir.com.br\/wp-content\/uploads\/2026\/04\/dia-do-trabalhador-adunir-2026-1-768x768.png 768w, https:\/\/adunir.com.br\/wp-content\/uploads\/2026\/04\/dia-do-trabalhador-adunir-2026-1.png 1080w\" sizes=\"auto, (max-width: 1024px) 100vw, 1024px\" \/><\/figure>\n\n\n\n<p><\/p>\n","protected":false},"excerpt":{"rendered":"<p>Neste 1\u00ba de Maio, data hist\u00f3rica de resist\u00eancia da classe trabalhadora, a ADUNIR sa\u00fada todos os docentes, t\u00e9cnicos e demais trabalhadores da Universidade Federal de Rond\u00f4nia e do conjunto da sociedade rondoniense.<\/p>\n","protected":false},"author":1,"featured_media":3969,"comment_status":"closed","ping_status":"open","sticky":false,"template":"","format":"standard","meta":{"_uag_custom_page_level_css":"","footnotes":""},"categories":[5],"tags":[],"class_list":["post-3968","post","type-post","status-publish","format-standard","has-post-thumbnail","hentry","category-noticias"],"yoast_head":"<!-- This site is optimized with the Yoast SEO plugin v27.5 - https:\/\/yoast.com\/product\/yoast-seo-wordpress\/ -->\n<title>1\u00ba de Maio \u2014 Dia do Trabalhador - ADUNIR<\/title>\n<meta name=\"robots\" content=\"index, follow, max-snippet:-1, max-image-preview:large, max-video-preview:-1\" \/>\n<link rel=\"canonical\" href=\"https:\/\/adunir.com.br\/index.php\/2026\/04\/30\/1o-de-maio-dia-do-trabalhador\/\" \/>\n<meta property=\"og:locale\" content=\"pt_BR\" \/>\n<meta property=\"og:type\" content=\"article\" \/>\n<meta property=\"og:title\" content=\"1\u00ba de Maio \u2014 Dia do Trabalhador - ADUNIR\" \/>\n<meta property=\"og:description\" content=\"Neste 1\u00ba de Maio, data hist\u00f3rica de resist\u00eancia da classe trabalhadora, a ADUNIR sa\u00fada todos os docentes, t\u00e9cnicos e demais trabalhadores da Universidade Federal de Rond\u00f4nia e do conjunto da sociedade rondoniense.\" \/>\n<meta property=\"og:url\" content=\"https:\/\/adunir.com.br\/index.php\/2026\/04\/30\/1o-de-maio-dia-do-trabalhador\/\" \/>\n<meta property=\"og:site_name\" content=\"ADUNIR\" \/>\n<meta property=\"article:publisher\" content=\"https:\/\/www.facebook.com\/adunirsecaosindical.andes\/\" \/>\n<meta property=\"article:published_time\" content=\"2026-04-30T21:58:04+00:00\" \/>\n<meta property=\"article:modified_time\" content=\"2026-04-30T21:58:05+00:00\" \/>\n<meta property=\"og:image\" content=\"https:\/\/adunir.com.br\/wp-content\/uploads\/2026\/04\/dia-do-trabalhador-adunir-2026-e1777586252881.png\" \/>\n\t<meta property=\"og:image:width\" content=\"1080\" \/>\n\t<meta property=\"og:image:height\" content=\"270\" \/>\n\t<meta property=\"og:image:type\" content=\"image\/png\" \/>\n<meta name=\"author\" content=\"adunir\" \/>\n<meta name=\"twitter:card\" content=\"summary_large_image\" \/>\n<meta name=\"twitter:label1\" content=\"Escrito por\" \/>\n\t<meta name=\"twitter:data1\" content=\"adunir\" \/>\n\t<meta name=\"twitter:label2\" content=\"Est. tempo de leitura\" \/>\n\t<meta name=\"twitter:data2\" content=\"2 minutos\" \/>\n<script type=\"application\/ld+json\" class=\"yoast-schema-graph\">{\"@context\":\"https:\\\/\\\/schema.org\",\"@graph\":[{\"@type\":\"Article\",\"@id\":\"https:\\\/\\\/adunir.com.br\\\/index.php\\\/2026\\\/04\\\/30\\\/1o-de-maio-dia-do-trabalhador\\\/#article\",\"isPartOf\":{\"@id\":\"https:\\\/\\\/adunir.com.br\\\/index.php\\\/2026\\\/04\\\/30\\\/1o-de-maio-dia-do-trabalhador\\\/\"},\"author\":{\"name\":\"adunir\",\"@id\":\"https:\\\/\\\/adunir.com.br\\\/#\\\/schema\\\/person\\\/86b4aeb6bf6cab96151fb0ac140b8c48\"},\"headline\":\"1\u00ba de Maio \u2014 Dia do Trabalhador\",\"datePublished\":\"2026-04-30T21:58:04+00:00\",\"dateModified\":\"2026-04-30T21:58:05+00:00\",\"mainEntityOfPage\":{\"@id\":\"https:\\\/\\\/adunir.com.br\\\/index.php\\\/2026\\\/04\\\/30\\\/1o-de-maio-dia-do-trabalhador\\\/\"},\"wordCount\":211,\"publisher\":{\"@id\":\"https:\\\/\\\/adunir.com.br\\\/#organization\"},\"image\":{\"@id\":\"https:\\\/\\\/adunir.com.br\\\/index.php\\\/2026\\\/04\\\/30\\\/1o-de-maio-dia-do-trabalhador\\\/#primaryimage\"},\"thumbnailUrl\":\"https:\\\/\\\/adunir.com.br\\\/wp-content\\\/uploads\\\/2026\\\/04\\\/dia-do-trabalhador-adunir-2026-e1777586252881.png\",\"articleSection\":[\"Not\u00edcias\"],\"inLanguage\":\"pt-BR\"},{\"@type\":\"WebPage\",\"@id\":\"https:\\\/\\\/adunir.com.br\\\/index.php\\\/2026\\\/04\\\/30\\\/1o-de-maio-dia-do-trabalhador\\\/\",\"url\":\"https:\\\/\\\/adunir.com.br\\\/index.php\\\/2026\\\/04\\\/30\\\/1o-de-maio-dia-do-trabalhador\\\/\",\"name\":\"1\u00ba de Maio \u2014 Dia do Trabalhador - ADUNIR\",\"isPartOf\":{\"@id\":\"https:\\\/\\\/adunir.com.br\\\/#website\"},\"primaryImageOfPage\":{\"@id\":\"https:\\\/\\\/adunir.com.br\\\/index.php\\\/2026\\\/04\\\/30\\\/1o-de-maio-dia-do-trabalhador\\\/#primaryimage\"},\"image\":{\"@id\":\"https:\\\/\\\/adunir.com.br\\\/index.php\\\/2026\\\/04\\\/30\\\/1o-de-maio-dia-do-trabalhador\\\/#primaryimage\"},\"thumbnailUrl\":\"https:\\\/\\\/adunir.com.br\\\/wp-content\\\/uploads\\\/2026\\\/04\\\/dia-do-trabalhador-adunir-2026-e1777586252881.png\",\"datePublished\":\"2026-04-30T21:58:04+00:00\",\"dateModified\":\"2026-04-30T21:58:05+00:00\",\"breadcrumb\":{\"@id\":\"https:\\\/\\\/adunir.com.br\\\/index.php\\\/2026\\\/04\\\/30\\\/1o-de-maio-dia-do-trabalhador\\\/#breadcrumb\"},\"inLanguage\":\"pt-BR\",\"potentialAction\":[{\"@type\":\"ReadAction\",\"target\":[\"https:\\\/\\\/adunir.com.br\\\/index.php\\\/2026\\\/04\\\/30\\\/1o-de-maio-dia-do-trabalhador\\\/\"]}]},{\"@type\":\"ImageObject\",\"inLanguage\":\"pt-BR\",\"@id\":\"https:\\\/\\\/adunir.com.br\\\/index.php\\\/2026\\\/04\\\/30\\\/1o-de-maio-dia-do-trabalhador\\\/#primaryimage\",\"url\":\"https:\\\/\\\/adunir.com.br\\\/wp-content\\\/uploads\\\/2026\\\/04\\\/dia-do-trabalhador-adunir-2026-e1777586252881.png\",\"contentUrl\":\"https:\\\/\\\/adunir.com.br\\\/wp-content\\\/uploads\\\/2026\\\/04\\\/dia-do-trabalhador-adunir-2026-e1777586252881.png\",\"width\":1080,\"height\":270},{\"@type\":\"BreadcrumbList\",\"@id\":\"https:\\\/\\\/adunir.com.br\\\/index.php\\\/2026\\\/04\\\/30\\\/1o-de-maio-dia-do-trabalhador\\\/#breadcrumb\",\"itemListElement\":[{\"@type\":\"ListItem\",\"position\":1,\"name\":\"In\u00edcio\",\"item\":\"https:\\\/\\\/adunir.com.br\\\/\"},{\"@type\":\"ListItem\",\"position\":2,\"name\":\"1\u00ba de Maio \u2014 Dia do Trabalhador\"}]},{\"@type\":\"WebSite\",\"@id\":\"https:\\\/\\\/adunir.com.br\\\/#website\",\"url\":\"https:\\\/\\\/adunir.com.br\\\/\",\"name\":\"ADUNIR\",\"description\":\"Associa\u00e7\u00e3o dos Docentes da Universidade Federal de Rond\u00f4nia - Se\u00e7\u00e3o Sindical\",\"publisher\":{\"@id\":\"https:\\\/\\\/adunir.com.br\\\/#organization\"},\"potentialAction\":[{\"@type\":\"SearchAction\",\"target\":{\"@type\":\"EntryPoint\",\"urlTemplate\":\"https:\\\/\\\/adunir.com.br\\\/?s={search_term_string}\"},\"query-input\":{\"@type\":\"PropertyValueSpecification\",\"valueRequired\":true,\"valueName\":\"search_term_string\"}}],\"inLanguage\":\"pt-BR\"},{\"@type\":\"Organization\",\"@id\":\"https:\\\/\\\/adunir.com.br\\\/#organization\",\"name\":\"Associa\u00e7\u00e3o dos Docentes da Universidade Federal de Rond\u00f4nia - ADUNIR\",\"url\":\"https:\\\/\\\/adunir.com.br\\\/\",\"logo\":{\"@type\":\"ImageObject\",\"inLanguage\":\"pt-BR\",\"@id\":\"https:\\\/\\\/adunir.com.br\\\/#\\\/schema\\\/logo\\\/image\\\/\",\"url\":\"https:\\\/\\\/adunir.com.br\\\/wp-content\\\/uploads\\\/2023\\\/12\\\/cropped-logo_adunir.png\",\"contentUrl\":\"https:\\\/\\\/adunir.com.br\\\/wp-content\\\/uploads\\\/2023\\\/12\\\/cropped-logo_adunir.png\",\"width\":982,\"height\":102,\"caption\":\"Associa\u00e7\u00e3o dos Docentes da Universidade Federal de Rond\u00f4nia - ADUNIR\"},\"image\":{\"@id\":\"https:\\\/\\\/adunir.com.br\\\/#\\\/schema\\\/logo\\\/image\\\/\"},\"sameAs\":[\"https:\\\/\\\/www.facebook.com\\\/adunirsecaosindical.andes\\\/\"]},{\"@type\":\"Person\",\"@id\":\"https:\\\/\\\/adunir.com.br\\\/#\\\/schema\\\/person\\\/86b4aeb6bf6cab96151fb0ac140b8c48\",\"name\":\"adunir\",\"sameAs\":[\"http:\\\/\\\/localhost\\\/wordpress\"],\"url\":\"https:\\\/\\\/adunir.com.br\\\/index.php\\\/author\\\/adunir\\\/\"}]}<\/script>\n<!-- \/ Yoast SEO plugin. -->","yoast_head_json":{"title":"1\u00ba de Maio \u2014 Dia do Trabalhador - ADUNIR","robots":{"index":"index","follow":"follow","max-snippet":"max-snippet:-1","max-image-preview":"max-image-preview:large","max-video-preview":"max-video-preview:-1"},"canonical":"https:\/\/adunir.com.br\/index.php\/2026\/04\/30\/1o-de-maio-dia-do-trabalhador\/","og_locale":"pt_BR","og_type":"article","og_title":"1\u00ba de Maio \u2014 Dia do Trabalhador - ADUNIR","og_description":"Neste 1\u00ba de Maio, data hist\u00f3rica de resist\u00eancia da classe trabalhadora, a ADUNIR sa\u00fada todos os docentes, t\u00e9cnicos e demais trabalhadores da Universidade Federal de Rond\u00f4nia e do conjunto da sociedade rondoniense.","og_url":"https:\/\/adunir.com.br\/index.php\/2026\/04\/30\/1o-de-maio-dia-do-trabalhador\/","og_site_name":"ADUNIR","article_publisher":"https:\/\/www.facebook.com\/adunirsecaosindical.andes\/","article_published_time":"2026-04-30T21:58:04+00:00","article_modified_time":"2026-04-30T21:58:05+00:00","og_image":[{"width":1080,"height":270,"url":"https:\/\/adunir.com.br\/wp-content\/uploads\/2026\/04\/dia-do-trabalhador-adunir-2026-e1777586252881.png","type":"image\/png"}],"author":"adunir","twitter_card":"summary_large_image","twitter_misc":{"Escrito por":"adunir","Est. tempo de leitura":"2 minutos"},"schema":{"@context":"https:\/\/schema.org","@graph":[{"@type":"Article","@id":"https:\/\/adunir.com.br\/index.php\/2026\/04\/30\/1o-de-maio-dia-do-trabalhador\/#article","isPartOf":{"@id":"https:\/\/adunir.com.br\/index.php\/2026\/04\/30\/1o-de-maio-dia-do-trabalhador\/"},"author":{"name":"adunir","@id":"https:\/\/adunir.com.br\/#\/schema\/person\/86b4aeb6bf6cab96151fb0ac140b8c48"},"headline":"1\u00ba de Maio \u2014 Dia do Trabalhador","datePublished":"2026-04-30T21:58:04+00:00","dateModified":"2026-04-30T21:58:05+00:00","mainEntityOfPage":{"@id":"https:\/\/adunir.com.br\/index.php\/2026\/04\/30\/1o-de-maio-dia-do-trabalhador\/"},"wordCount":211,"publisher":{"@id":"https:\/\/adunir.com.br\/#organization"},"image":{"@id":"https:\/\/adunir.com.br\/index.php\/2026\/04\/30\/1o-de-maio-dia-do-trabalhador\/#primaryimage"},"thumbnailUrl":"https:\/\/adunir.com.br\/wp-content\/uploads\/2026\/04\/dia-do-trabalhador-adunir-2026-e1777586252881.png","articleSection":["Not\u00edcias"],"inLanguage":"pt-BR"},{"@type":"WebPage","@id":"https:\/\/adunir.com.br\/index.php\/2026\/04\/30\/1o-de-maio-dia-do-trabalhador\/","url":"https:\/\/adunir.com.br\/index.php\/2026\/04\/30\/1o-de-maio-dia-do-trabalhador\/","name":"1\u00ba de Maio \u2014 Dia do Trabalhador - ADUNIR","isPartOf":{"@id":"https:\/\/adunir.com.br\/#website"},"primaryImageOfPage":{"@id":"https:\/\/adunir.com.br\/index.php\/2026\/04\/30\/1o-de-maio-dia-do-trabalhador\/#primaryimage"},"image":{"@id":"https:\/\/adunir.com.br\/index.php\/2026\/04\/30\/1o-de-maio-dia-do-trabalhador\/#primaryimage"},"thumbnailUrl":"https:\/\/adunir.com.br\/wp-content\/uploads\/2026\/04\/dia-do-trabalhador-adunir-2026-e1777586252881.png","datePublished":"2026-04-30T21:58:04+00:00","dateModified":"2026-04-30T21:58:05+00:00","breadcrumb":{"@id":"https:\/\/adunir.com.br\/index.php\/2026\/04\/30\/1o-de-maio-dia-do-trabalhador\/#breadcrumb"},"inLanguage":"pt-BR","potentialAction":[{"@type":"ReadAction","target":["https:\/\/adunir.com.br\/index.php\/2026\/04\/30\/1o-de-maio-dia-do-trabalhador\/"]}]},{"@type":"ImageObject","inLanguage":"pt-BR","@id":"https:\/\/adunir.com.br\/index.php\/2026\/04\/30\/1o-de-maio-dia-do-trabalhador\/#primaryimage","url":"https:\/\/adunir.com.br\/wp-content\/uploads\/2026\/04\/dia-do-trabalhador-adunir-2026-e1777586252881.png","contentUrl":"https:\/\/adunir.com.br\/wp-content\/uploads\/2026\/04\/dia-do-trabalhador-adunir-2026-e1777586252881.png","width":1080,"height":270},{"@type":"BreadcrumbList","@id":"https:\/\/adunir.com.br\/index.php\/2026\/04\/30\/1o-de-maio-dia-do-trabalhador\/#breadcrumb","itemListElement":[{"@type":"ListItem","position":1,"name":"In\u00edcio","item":"https:\/\/adunir.com.br\/"},{"@type":"ListItem","position":2,"name":"1\u00ba de Maio \u2014 Dia do Trabalhador"}]},{"@type":"WebSite","@id":"https:\/\/adunir.com.br\/#website","url":"https:\/\/adunir.com.br\/","name":"ADUNIR","description":"Associa\u00e7\u00e3o dos Docentes da Universidade Federal de Rond\u00f4nia - Se\u00e7\u00e3o Sindical","publisher":{"@id":"https:\/\/adunir.com.br\/#organization"},"potentialAction":[{"@type":"SearchAction","target":{"@type":"EntryPoint","urlTemplate":"https:\/\/adunir.com.br\/?s={search_term_string}"},"query-input":{"@type":"PropertyValueSpecification","valueRequired":true,"valueName":"search_term_string"}}],"inLanguage":"pt-BR"},{"@type":"Organization","@id":"https:\/\/adunir.com.br\/#organization","name":"Associa\u00e7\u00e3o dos Docentes da Universidade Federal de Rond\u00f4nia - ADUNIR","url":"https:\/\/adunir.com.br\/","logo":{"@type":"ImageObject","inLanguage":"pt-BR","@id":"https:\/\/adunir.com.br\/#\/schema\/logo\/image\/","url":"https:\/\/adunir.com.br\/wp-content\/uploads\/2023\/12\/cropped-logo_adunir.png","contentUrl":"https:\/\/adunir.com.br\/wp-content\/uploads\/2023\/12\/cropped-logo_adunir.png","width":982,"height":102,"caption":"Associa\u00e7\u00e3o dos Docentes da Universidade Federal de Rond\u00f4nia - ADUNIR"},"image":{"@id":"https:\/\/adunir.com.br\/#\/schema\/logo\/image\/"},"sameAs":["https:\/\/www.facebook.com\/adunirsecaosindical.andes\/"]},{"@type":"Person","@id":"https:\/\/adunir.com.br\/#\/schema\/person\/86b4aeb6bf6cab96151fb0ac140b8c48","name":"adunir","sameAs":["http:\/\/localhost\/wordpress"],"url":"https:\/\/adunir.com.br\/index.php\/author\/adunir\/"}]}},"uagb_featured_image_src":{"full":["https:\/\/adunir.com.br\/wp-content\/uploads\/2026\/04\/dia-do-trabalhador-adunir-2026-e1777586252881.png",1080,270,false],"thumbnail":["https:\/\/adunir.com.br\/wp-content\/uploads\/2026\/04\/dia-do-trabalhador-adunir-2026-e1777586252881-150x150.png",150,150,true],"medium":["https:\/\/adunir.com.br\/wp-content\/uploads\/2026\/04\/dia-do-trabalhador-adunir-2026-e1777586252881-300x75.png",300,75,true],"medium_large":["https:\/\/adunir.com.br\/wp-content\/uploads\/2026\/04\/dia-do-trabalhador-adunir-2026-e1777586252881-768x192.png",768,192,true],"large":["https:\/\/adunir.com.br\/wp-content\/uploads\/2026\/04\/dia-do-trabalhador-adunir-2026-e1777586252881-1024x256.png",1024,256,true],"1536x1536":["https:\/\/adunir.com.br\/wp-content\/uploads\/2026\/04\/dia-do-trabalhador-adunir-2026-e1777586252881.png",1080,270,false],"2048x2048":["https:\/\/adunir.com.br\/wp-content\/uploads\/2026\/04\/dia-do-trabalhador-adunir-2026-e1777586252881.png",1080,270,false]},"uagb_author_info":{"display_name":"adunir","author_link":"https:\/\/adunir.com.br\/index.php\/author\/adunir\/"},"uagb_comment_info":0,"uagb_excerpt":"Neste 1\u00ba de Maio, data hist\u00f3rica de resist\u00eancia da classe trabalhadora, a ADUNIR sa\u00fada todos os docentes, t\u00e9cnicos e demais trabalhadores da Universidade Federal de Rond\u00f4nia e do conjunto da sociedade rondoniense.","_links":{"self":[{"href":"https:\/\/adunir.com.br\/index.php\/wp-json\/wp\/v2\/posts\/3968","targetHints":{"allow":["GET"]}}],"collection":[{"href":"https:\/\/adunir.com.br\/index.php\/wp-json\/wp\/v2\/posts"}],"about":[{"href":"https:\/\/adunir.com.br\/index.php\/wp-json\/wp\/v2\/types\/post"}],"author":[{"embeddable":true,"href":"https:\/\/adunir.com.br\/index.php\/wp-json\/wp\/v2\/users\/1"}],"replies":[{"embeddable":true,"href":"https:\/\/adunir.com.br\/index.php\/wp-json\/wp\/v2\/comments?post=3968"}],"version-history":[{"count":1,"href":"https:\/\/adunir.com.br\/index.php\/wp-json\/wp\/v2\/posts\/3968\/revisions"}],"predecessor-version":[{"id":3971,"href":"https:\/\/adunir.com.br\/index.php\/wp-json\/wp\/v2\/posts\/3968\/revisions\/3971"}],"wp:featuredmedia":[{"embeddable":true,"href":"https:\/\/adunir.com.br\/index.php\/wp-json\/wp\/v2\/media\/3969"}],"wp:attachment":[{"href":"https:\/\/adunir.com.br\/index.php\/wp-json\/wp\/v2\/media?parent=3968"}],"wp:term":[{"taxonomy":"category","embeddable":true,"href":"https:\/\/adunir.com.br\/index.php\/wp-json\/wp\/v2\/categories?post=3968"},{"taxonomy":"post_tag","embeddable":true,"href":"https:\/\/adunir.com.br\/index.php\/wp-json\/wp\/v2\/tags?post=3968"}],"curies":[{"name":"wp","href":"https:\/\/api.w.org\/{rel}","templated":true}]}}